{"id":53523,"date":"2022-07-22T14:09:34","date_gmt":"2022-07-22T20:09:34","guid":{"rendered":"https:\/\/redsemlac.com\/semmexico\/?p=53523"},"modified":"2023-07-21T19:10:13","modified_gmt":"2023-07-22T00:10:13","slug":"este-medio-dia-se-levanto-la-huelga-de-las-y-los-telefonistas-con-mesa-de-negociacion","status":"publish","type":"post","link":"https:\/\/redsemlac.com\/semmexico\/este-medio-dia-se-levanto-la-huelga-de-las-y-los-telefonistas-con-mesa-de-negociacion\/","title":{"rendered":"Este medio d\u00eda se levant\u00f3 la huelga de las y los telefonistas, con mesa de negociaci\u00f3n"},"content":{"rendered":"\n<ul class=\"wp-block-list\"><li><strong>El acuerdo fue votado por las y los representantes nacionales y regionales<\/strong><\/li><li><strong>Habr\u00e1 mesas de trabajo, pero el sindicato no retira sus demandas<\/strong><\/li><\/ul>\n\n\n\n<p class=\"wp-block-paragraph\"><strong>Redacci\u00f3n<\/strong><\/p>\n\n\n\n<p class=\"wp-block-paragraph\">SemM\u00e9xico, Ciudad de M\u00e9xico, 22 de julio del 2022.- El Sindicato de Telefonistas de la Rep\u00fablica Mexicana STRM decidi\u00f3 levantar la huelga en Telmex, una vez que las partes firmaron un acuerdo para conformar una mesa t\u00e9cnica en donde se presentar\u00e1n propuestas que solucionen el pasivo laboral de la empresa.<\/p>\n\n\n\n<p class=\"wp-block-paragraph\">De esta forma, se restablece la normalidad operativa y laboral de la telef\u00f3nica, despu\u00e9s de que se colocaran las banderas rojinegras el mediod\u00eda del jueves.<\/p>\n\n\n\n<p class=\"wp-block-paragraph\">El acuerdo suscrito obliga a ambas partes a conformar una Mesa T\u00e9cnica con representantes de la Empresa y el Sindicato, que en los pr\u00f3ximos 20 d\u00eda h\u00e1biles presentar\u00e1 propuestas viables de soluci\u00f3n al pasivo laboral, a las vacantes no cubiertas y al futuro esquema de pensiones.<\/p>\n\n\n\n<p class=\"wp-block-paragraph\">La Secretar\u00eda del Trabajo y Previsi\u00f3n Social STPS fungir\u00e1 como mediador en esta Mesa T\u00e9cnica y fue esa dependencia laboral la de la iniciativa. No obstante esas mesas se suman ya a muchos meses de negociaciones. Tanto que hasta se modific\u00f3 la fecha del estallamiento, para lograr acuerdos. Ahora se ver\u00e1 si esta es la v\u00eda.<\/p>\n\n\n\n<p class=\"wp-block-paragraph\">Ambas partes aceptaron sujetarse, para acordar una soluci\u00f3n bilateral, a alguna de las propuestas que surjan de los trabajos de dicha Mesa T\u00e9cnica.<\/p>\n\n\n\n<p class=\"wp-block-paragraph\">\u00abEl acuerdo signado hoy no solo logra el levantamiento de la huelga, sino que busca que surja una soluci\u00f3n de fondo y duradera\u00bb, afirmaron las partes en un comunicado conjunto.<\/p>\n\n\n\n<h2 class=\"wp-block-heading\"><strong>Previamente<\/strong><\/h2>\n\n\n\n<p class=\"wp-block-paragraph\">Desde la noche de ayer en asamblea convocada para informar sobre los resultados de la mesa de&nbsp;negociaci\u00f3n sostenida por el STRM y la empresa del magnate mexicano Carlos Slim,&nbsp;el l\u00edder sindical Francisco Hern\u00e1ndez Ju\u00e1rez inform\u00f3 a los dirigentes de las secciones locales sobre el acuerdo y el plan trabajo preliminar que presentar\u00eda a las autoridades y Telmex tras ser aprobado por los trabajadores.<\/p>\n\n\n\n<p class=\"wp-block-paragraph\">Dichas propuestas, entre las que se consider\u00f3 el levantamiento de la huelga iniciada este jueves, posteriormente fueron sometidas a votaci\u00f3n en modalidad de distancia y aprobadas.<\/p>\n\n\n\n<p class=\"wp-block-paragraph\">Tras obtener el visto bueno de los l\u00edderes regionales se acord\u00f3 ponerlas a consideraci\u00f3n de los trabajadores durante el transcurso de la tarde y temprano por la ma\u00f1ana de este viernes, por lo que se conoci\u00f3 del levantamiento de la huelga este mediod\u00eda.<\/p>\n\n\n\n<p class=\"wp-block-paragraph\">El acuerdo presentado por Hern\u00e1ndez Ju\u00e1rez explic\u00f3 que&nbsp;el levantamiento de huelga se dar\u00eda con el objetivo de retomar las negociaciones con Telmex&nbsp;que, hasta antes de la tarde de ayer, no hab\u00eda mostrado disposici\u00f3n para negociar e incluso, agreg\u00f3, hab\u00eda tomado a broma las amenazas de estallar una huelga.<\/p>\n\n\n\n<p class=\"wp-block-paragraph\">Hern\u00e1ndez Ju\u00e1rez inform\u00f3 que como parte de los acuerdos se crea una&nbsp;Mesa T\u00e9cnica para la negociaci\u00f3n,&nbsp;que&nbsp;se deber\u00e1 de conformar por dos integrantes del STRM y su secretario general; dos integrantes de la empresa y el director general; dos servidores p\u00fablicos designados por la Secretar\u00eda de Trabajo,&nbsp;dependencia encargada de las labores de mediaci\u00f3n.<\/p>\n\n\n\n<p class=\"wp-block-paragraph\">Esta figura tendr\u00e1 como objetivo&nbsp;sesionar por primera vez el lunes 25 de julio&nbsp;y analizar\u00e1 la viabilidad financiera de las demandas del sindicato, entre las que&nbsp;se incluye el aumento salarial del 7.5 por ciento para trabajadores activos y jubilados,&nbsp;un aumento del cuatro por ciento en las prestaciones generales y as\u00ed como la contrataci\u00f3n de mil 942 vacantes.<\/p>\n\n\n\n<p class=\"wp-block-paragraph\">SEM\/MG<\/p>\n","protected":false},"excerpt":{"rendered":"<p>El acuerdo fue votado por las y los representantes nacionales y regionales<\/p>\n","protected":false},"author":3,"featured_media":53524,"comment_status":"open","ping_status":"open","sticky":false,"template":"","format":"standard","meta":{"_monsterinsights_skip_tracking":false,"footnotes":""},"categories":[693,51],"tags":[],"class_list":["post-53523","post","type-post","status-publish","format-standard","has-post-thumbnail","category-693","category-ejecutivo"],"_links":{"self":[{"href":"https:\/\/redsemlac.com\/semmexico\/wp-json\/wp\/v2\/posts\/53523","targetHints":{"allow":["GET"]}}],"collection":[{"href":"https:\/\/redsemlac.com\/semmexico\/wp-json\/wp\/v2\/posts"}],"about":[{"href":"https:\/\/redsemlac.com\/semmexico\/wp-json\/wp\/v2\/types\/post"}],"author":[{"embeddable":true,"href":"https:\/\/redsemlac.com\/semmexico\/wp-json\/wp\/v2\/users\/3"}],"replies":[{"embeddable":true,"href":"https:\/\/redsemlac.com\/semmexico\/wp-json\/wp\/v2\/comments?post=53523"}],"version-history":[{"count":0,"href":"https:\/\/redsemlac.com\/semmexico\/wp-json\/wp\/v2\/posts\/53523\/revisions"}],"wp:featuredmedia":[{"embeddable":true,"href":"https:\/\/redsemlac.com\/semmexico\/wp-json\/wp\/v2\/media\/53524"}],"wp:attachment":[{"href":"https:\/\/redsemlac.com\/semmexico\/wp-json\/wp\/v2\/media?parent=53523"}],"wp:term":[{"taxonomy":"category","embeddable":true,"href":"https:\/\/redsemlac.com\/semmexico\/wp-json\/wp\/v2\/categories?post=53523"},{"taxonomy":"post_tag","embeddable":true,"href":"https:\/\/redsemlac.com\/semmexico\/wp-json\/wp\/v2\/tags?post=53523"}],"curies":[{"name":"wp","href":"https:\/\/api.w.org\/{rel}","templated":true}]}}