{"id":53508,"date":"2022-07-22T12:20:03","date_gmt":"2022-07-22T18:20:03","guid":{"rendered":"https:\/\/redsemlac.com\/semmexico\/?p=53508"},"modified":"2023-07-21T19:10:13","modified_gmt":"2023-07-22T00:10:13","slug":"falla-sistema-a-mujeres-asesinadas-fallan-gobiernos-protocolos-y-proteccion","status":"publish","type":"post","link":"https:\/\/redsemlac.com\/semmexico\/falla-sistema-a-mujeres-asesinadas-fallan-gobiernos-protocolos-y-proteccion\/","title":{"rendered":"Falla sistema a mujeres asesinadas, fallan gobiernos, protocolos y protecci\u00f3n"},"content":{"rendered":"\n<ul class=\"wp-block-list\"><li><strong>Se experimentan nuevas formas de violencia feminicida, por la pedagog\u00eda patriarcal y se restringe capacitaci\u00f3n y recursos &nbsp;<\/strong><\/li><\/ul>\n\n\n\n<ul class=\"wp-block-list\"><li><strong>Luz Raquel Padilla Guti\u00e9rrez una entre miles donde un refugio la hubiera salvado, pero nada la protegi\u00f3<\/strong><\/li><\/ul>\n\n\n\n<p class=\"wp-block-paragraph\"><strong>Sara Lovera<\/strong><\/p>\n\n\n\n<p class=\"wp-block-paragraph\">SemM\u00e9xico, Ciudad de M\u00e9xico, 22 de julio del 2022.- El Estado de Jalisco, s\u00f3lo en la presente administraci\u00f3n, han sido asesinadas alrededor de 946 mujeres y ni\u00f1as, de cuyos casos menos del 7 por ciento han sido investigados y sancionados, existen 52 feminicidas sentenciados, apenas del 4.5 por ciento de los responsables de cegar la vida a las jaliscienses. Aumentan los casos denunciados sin respuesta institucional.<\/p>\n\n\n\n<p class=\"wp-block-paragraph\">Las denuncias poco atendidas, &#8211; recogemos como ejemplo 5 casos en los \u00faltimos 5 a\u00f1os &#8211; cuando lo son y hay medidas de protecci\u00f3n, pero insuficientes y este gobierno federal ofreci\u00f3, s\u00f3lo que hasta 2023, tener refugios en todo el pa\u00eds, mientras restringe presupuestos a los existentes y operados por la sociedad civil. En Jalisco opera uno o dos refugios, pero no se publicitan.<\/p>\n\n\n\n<p class=\"wp-block-paragraph\">Eso sucedi\u00f3 con Luz Raquel Padilla Guti\u00e9rrez, atacada y quemada el 16 de julio pasado qui\u00e9n ten\u00eda el perfil del auxilio, no s\u00f3lo judicial, sino de protecci\u00f3n integral, ante los hechos. Ni una ni otra sucedi\u00f3.<\/p>\n\n\n\n<p class=\"wp-block-paragraph\">En Jalisco y espec\u00edficamente en Zapopan, se cre\u00f3 un mecanismo para salvar vidas de mujeres que hayan denunciado a su agresor, llamado Pulso de la Vida. En el caso de Luz Raquel Padilla, las autoridades no le dieron esa protecci\u00f3n. Por eso la tremenda muerte ya gener\u00f3 una indignaci\u00f3n generalizada, porque los hechos sucedieron en un espacio p\u00fablico, un parque y sobre todo porque hab\u00eda denunciado ante las autoridades las amenazas de su presunto agresor y feminicida, denuncia no investigada.<\/p>\n\n\n\n<p class=\"wp-block-paragraph\">Wendy Figueroa, la coordinadora de la Red Nacional de Refugios, dijo que el feminicidio de Luz Raquel es uno de los miles de casos que el gobierno mexicano ha dejado a la intemperie, porque no previene, no capacita \u2013ha destruido el presupuesto nacional de g\u00e9nero- y encima no protege, al desmantelar o disminuir los programas de Refugios nacional.<\/p>\n\n\n\n<p class=\"wp-block-paragraph\">El de Luz Raquel es uno de los cl\u00e1sicos casos \u2013miles diario- que necesitan esa protecci\u00f3n, para eso son los Refugios, una pol\u00edtica p\u00fablica en suspenso, insuficiente y restringida, desde que Andr\u00e9s Manuel L\u00f3pez Obrador decret\u00f3 en febrero de 2019, no apoyar, no reconocer y no otorgar derechos a las asociaciones civiles, reglamentadas y con existencia legal. Ahora, siguen en litigio algunos de los recursos, por decisiones equivocadas. A Luz Raquel, si esa pol\u00edtica fuera real y nacional, podr\u00eda haber salvado su vida.<\/p>\n\n\n\n<h2 class=\"wp-block-heading\"><strong>Las Cifras, las \u00fanicas existentes<\/strong><\/h2>\n\n\n\n<p class=\"wp-block-paragraph\">En el estado de Jalisco, s\u00f3lo este a\u00f1o, suman 67 los asesinatos de mujeres, que en 2021 rompieron r\u00e9cord al sumar 245, 37 m\u00e1s que en 2020, que hab\u00eda sido el a\u00f1o m\u00e1s violento contra las mujeres seg\u00fan cifras de la fiscal\u00eda del estado.<\/p>\n\n\n\n<p class=\"wp-block-paragraph\">Seg\u00fan explica Guadalupe Ramos Ponce, representante del cap\u00edtulo Jalisco del Comit\u00e9 de Latinoam\u00e9rica y el Caribe para la Defensa de los Derechos de la Mujer (Cladem), en 2021 las autoridades jaliscienses clasificaran como feminicidio apenas 66 de los 245 asesinatos de mujeres y que el resto fueran catalogados como homicidios dolosos, pese a que no se sabe qui\u00e9n las mat\u00f3.<\/p>\n\n\n\n<p class=\"wp-block-paragraph\">Lo que no funciona despu\u00e9s de un atentado o feminicidio es la justicia, el 95 por ciento de los casos quedan impunes. Pero tampoco funciona el Sistema Estatal de Atenci\u00f3n a la Violencia contra las Mujeres; no funciona la educaci\u00f3n no sexista, y las mujeres quedan expensas a un contexto de violencia institucional y criminal que aumenta sus niveles de riesgo. en los dos \u00faltimos a\u00f1os hubo un \u201cincremento exponencial\u201d en feminicidios y homicidios, aunados a la violencia dom\u00e9stica y laboral.<\/p>\n\n\n\n<p class=\"wp-block-paragraph\">Y lo que le sucedi\u00f3 a Luz Raquel Padilla se inscribe en esa caracter\u00edstica de la violencia con \u00e1cido, sustancias corrosivas o inflamables, que como las dem\u00e1s violencias es una violencia extrema y patriarcal, donde aflora el dominio, poder y control de ese sistema, sustentado en la pedagog\u00eda cotidiana de la criminalidad que invade al pa\u00eds. Pero adem\u00e1s la indiferencia de las autoridades -a\u00f1eja- pero viviblemente superada tanto en el estado de Jalisco como en el pa\u00eds, donde todo se arregla con violencia machista, prepotencia e imposici\u00f3n.<\/p>\n\n\n\n<p class=\"wp-block-paragraph\">Las violencias contra las mujeres, se\u00f1ala reiteradamente CLADEM, tienen una alt\u00edsima carga simb\u00f3lica, ya que con ellas no solo se pretende causar un sufrimiento f\u00edsico enorme \u2014o, incluso, la muerte\u2014, sino tambi\u00e9n para imponer a las v\u00edctimas una condena social y psicol\u00f3gica de por vida debido a las secuelas en su salud en general, vida social y econom\u00eda, exacerbada con los ataques con \u00e1cido. Igualmente, cuando son asfixiadas, mutiladas o humilladas.<\/p>\n\n\n\n<p class=\"wp-block-paragraph\">El diario Mural de Guadalajara, Jalisco, hizo esta ma\u00f1ana, en su versi\u00f3n digital, un recuento de mujeres que fueron asesinadas luego de que solicitaron la intervenci\u00f3n de las autoridades, que pidieron ayuda, gritaron y hablaron del riesgo que corr\u00edan sus vidas. Ejemplo de c\u00f3mo las autoridades competentes no actuaron y por tanto el Estado no las protegi\u00f3.<\/p>\n\n\n\n<p class=\"wp-block-paragraph\">Estos son algunos de estos casos donde las mujeres finalmente fueron asesinadas para algunas de ellas se otorgaron \u00f3rdenes de protecci\u00f3n por la Fiscal\u00eda del Estado. Esas \u00f3rdenes, no obstante, no fueron suficientes para protegerlas y evitar que fueran atacadas por los feminicidas. En algunos casos, ellas se\u00f1alaron concretamente a sus agresores y dieron nombres y apellidos. En la mayor\u00eda de los casos la justicia est\u00e1 pendiente.<\/p>\n\n\n\n<h2 class=\"wp-block-heading\">&nbsp;<strong>Luz Raquel Padilla Guti\u00e9rrez<\/strong><\/h2>\n\n\n\n<p class=\"wp-block-paragraph\">\u201cAyuda,&nbsp;<strong>mi agresor me atac\u00f3 con cloro industrial<\/strong>&nbsp;y mi seno izquierdo est\u00e1 mal y las #amenazasdemuerte son a diario porque es mi vecino mi #agresor, ya levant\u00e9 mi denuncia, pero no hacen nada por protegerme, tengo miedo por mi vida y la de mi familia\u201d, fue uno de los tuits (17 de mayo) en que&nbsp;<strong>Luz Raquel Padilla Guti\u00e9rrez<\/strong>&nbsp;hizo p\u00fablicas las agresiones y amenazas que sufr\u00eda. A pesar de haber contado con una orden de protecci\u00f3n, el<strong>&nbsp;Ayuntamiento de Zapopan le neg\u00f3 un Pulso de Vida<\/strong>&nbsp;y careci\u00f3 de vigilancia institucional pese a que su departamento fue vandalizado con&nbsp;<strong>amenazas de muerte<\/strong>&nbsp;en su contra, donde le advert\u00edan que&nbsp;<strong>la quemar\u00edan viva<\/strong>&nbsp;y que se hizo realidad.<\/p>\n\n\n\n<p class=\"wp-block-paragraph\">El s\u00e1bado 16 de julio por la tarde f<strong>ue ba\u00f1ada en alcohol y posteriormente le encendieron fuego. La quemaron viva<\/strong>&nbsp;cinco personas en un parque p\u00fablico de Zapopan. El 90 por ciento de su cuerpo sufri\u00f3 quemaduras graves y, al cabo de tres d\u00edas, muri\u00f3 en el Hospital Civil. Luz, de 35 a\u00f1os,&nbsp;<strong>ten\u00eda problemas con un vecino en particular que le expresaba repudio a su hijo con autismo<\/strong>, que por su condici\u00f3n generaba ruidos fuertes en las noches. Ella misma hac\u00eda p\u00fablica la situaci\u00f3n en sus redes sociales. El vecino, Sergio N, acudi\u00f3 a rendir declaraci\u00f3n ante la Fiscal\u00eda, pero no est\u00e1 en calidad de detenido ni se le relaciona con el ataque con fuego que le arrebat\u00f3 la vida este martes. Por ese hecho no hay detenidos.<\/p>\n\n\n\n<hr class=\"wp-block-separator has-alpha-channel-opacity\"\/>\n\n\n\n<h2 class=\"wp-block-heading\"><strong>Alondra Guadalupe Gonz\u00e1lez Arias<\/strong><\/h2>\n\n\n\n<figure class=\"wp-block-image size-full\"><a href=\"https:\/\/redsemlac.com\/semmexico\/wp-content\/uploads\/2022\/07\/nota-sara-2.jpg\"><img loading=\"lazy\" decoding=\"async\" width=\"1024\" height=\"512\" src=\"https:\/\/redsemlac.com\/semmexico\/wp-content\/uploads\/2022\/07\/nota-sara-2.jpg\" alt=\"\" class=\"wp-image-53513\"\/><\/a><figcaption>Nancy, madre de Alondra, posa con una foto de su hija.<\/figcaption><\/figure>\n\n\n\n<p class=\"wp-block-paragraph\">La ma\u00f1ana del 10 de marzo de 2017,&nbsp;<strong>Alondra Guadalupe Gonz\u00e1lez Arias, de 20 a\u00f1os<\/strong>,<strong>&nbsp;fue encontrada sin vida con signos evidentes de violencia&nbsp;<\/strong>en el departamento que compart\u00eda con su pareja, en Tlajomulco de Z\u00fa\u00f1iga. Alondra&nbsp;<strong>contaba con una orden de protecci\u00f3n emitida un mes antes<\/strong>, cuando hab\u00eda denunciado violencia por parte de su pareja; acudi\u00f3 al Centro de Justicia para la Mujer con signos evidentes de golpes en el cuerpo y marcas de ahorcamiento en cuello.<\/p>\n\n\n\n<p class=\"wp-block-paragraph\">Sin embargo,&nbsp;<strong>dicha orden no se hizo llegar a las autoridades responsables de aplicarla, lo que provoc\u00f3 que no se activara la protecci\u00f3n para Alondra<\/strong>. Cuando fue asesinada, se cumplieron apenas 10 d\u00edas de haber dado a luz al hijo que tuvo con su pareja, quien le quit\u00f3 la vida. Despu\u00e9s de dos a\u00f1os, se detuvo al asesino de Alondra en el municipio de Zapopan, su ex-pareja Pedro Giovani, el 14 de mayo del 2019.<\/p>\n\n\n\n<hr class=\"wp-block-separator has-alpha-channel-opacity\"\/>\n\n\n\n<h2 class=\"wp-block-heading\"><strong>Alexandra Castellanos M\u00e9ndez<\/strong><\/h2>\n\n\n<div class=\"wp-block-image\">\n<figure class=\"alignleft size-full is-resized\"><a href=\"https:\/\/redsemlac.com\/semmexico\/wp-content\/uploads\/2022\/07\/nota-sara-3.jpg\"><img loading=\"lazy\" decoding=\"async\" src=\"https:\/\/redsemlac.com\/semmexico\/wp-content\/uploads\/2022\/07\/nota-sara-3.jpg\" alt=\"\" class=\"wp-image-53512\" width=\"300\" height=\"300\"\/><\/a><\/figure>\n<\/div>\n\n\n<p class=\"wp-block-paragraph\">\u201c\u00a1Autoridades, no fue un balazo, fueron dos y hago directamente responsable al se\u00f1or Alberto C\u00e1rdenas Camarena, a su amante Catalina y a toda su familia si algo nos pasa a mis hijos o a m\u00ed!!!!\u201d, public\u00f3&nbsp;<strong>Alexandra Castellanos M\u00e9ndez, de 40 a\u00f1os<\/strong>,<strong>&nbsp;en su Facebook sobre un ataque armado recibido en su casa<\/strong>. Al d\u00eda siguiente, un 24 de diciembre de 2017,&nbsp;<strong>fue encontrada muerta de dos disparos dentro de un auto<\/strong>, en la colonia Jardines del Zapote en Tlajomulco de Z\u00fa\u00f1iga.<\/p>\n\n\n\n<p class=\"wp-block-paragraph\">Alexandra hab\u00eda denunciado las amenazas y constantes ataques que recib\u00eda de su ex esposo y la nueva compa\u00f1era de \u00e9ste,&nbsp;<strong>20 d\u00edas antes denunci\u00f3 ante la Fiscal\u00eda los hechos y ten\u00eda una orden de protecci\u00f3n, pero no impidi\u00f3 que finalmente le quitaran la vida<\/strong>. Alberto \u201cN\u201d, ex esposo, as\u00ed como Catalina \u201cN\u201d, Enedina \u201cN\u201d y Juan \u201cN\u201d fueron detenidos el 29 de diciembre del mismo a\u00f1o. El 4 de enero de 2018 f<strong>ueron vinculados a proceso por un a\u00f1o<\/strong>&nbsp;y en enero de 2019 fueron enviados a prisi\u00f3n preventiva, sin embargo, la familia de la v\u00edctima ha denunciado constantes irregularidades en su caso y retrasos en las audiencias, que dificulta sean sentenciados.<\/p>\n\n\n\n<hr class=\"wp-block-separator has-alpha-channel-opacity\"\/>\n\n\n\n<h2 class=\"wp-block-heading\"><strong>Vanesa Gayt\u00e1n Ochoa<\/strong><\/h2>\n\n\n<div class=\"wp-block-image\">\n<figure class=\"alignleft size-full is-resized\"><a href=\"https:\/\/redsemlac.com\/semmexico\/wp-content\/uploads\/2022\/07\/nota-Sara-4.jpg\"><img loading=\"lazy\" decoding=\"async\" src=\"https:\/\/redsemlac.com\/semmexico\/wp-content\/uploads\/2022\/07\/nota-Sara-4.jpg\" alt=\"\" class=\"wp-image-53511\" width=\"302\" height=\"302\"\/><\/a><\/figure>\n<\/div>\n\n\n<p class=\"wp-block-paragraph\"><strong>Vanesa Gayt\u00e1n Ochoa denunci\u00f3 tres veces a su esposo Irving Emanuel Ram\u00edrez Barajas y acudi\u00f3 otras 16 veces al Centro de Justicia para la Mujer<\/strong>, pero por una serie de fallas en el mecanismo de protecci\u00f3n, no evaluaron el nivel de riesgo en que viv\u00eda la joven de 25 a\u00f1os, lo que deriv\u00f3 en que no contara con resguardo institucional y fuera blanco de su victimario.&nbsp;<\/p>\n\n\n\n<p class=\"wp-block-paragraph\">El 25 de abril del 2019, Vanessa se dirig\u00eda a su trabajo y en su camino not\u00f3 que su agresor la segu\u00eda a bordo de un auto, ella se comunic\u00f3 con su abogado y este le sugiri\u00f3 que se bajara en&nbsp;<strong>Casa Jalisco para que la seguridad del Gobernador le brindara protecci\u00f3n.<\/strong>&nbsp;Se baj\u00f3, habl\u00f3 con uno de los polic\u00edas de la residencia oficial, pero&nbsp;<strong>su esposo la atropell\u00f3 cuando hablaba con el agente y se baj\u00f3 para atacarla con un cuchillo<\/strong>. Los escoltas ah\u00ed presentes dispararon contra el agresor, pero este no se detuvo hasta causarle la muerte, posteriormente \u00e9l tambi\u00e9n muri\u00f3. El caso<strong>&nbsp;se volvi\u00f3 de inter\u00e9s internacional debido al grado de negligencia de las autoridades<\/strong>, y a que el ataque final se dio frente a la residencia del gobernador Enrique Alfaro.<\/p>\n\n\n\n<hr class=\"wp-block-separator has-alpha-channel-opacity\"\/>\n\n\n\n<h2 class=\"wp-block-heading\"><strong>Ver\u00f3nica Patricia Guerrero Vinueza<\/strong><\/h2>\n\n\n<div class=\"wp-block-image\">\n<figure class=\"alignleft size-full is-resized\"><a href=\"https:\/\/redsemlac.com\/semmexico\/wp-content\/uploads\/2022\/07\/nota-Sara-5.jpg\"><img loading=\"lazy\" decoding=\"async\" src=\"https:\/\/redsemlac.com\/semmexico\/wp-content\/uploads\/2022\/07\/nota-Sara-5.jpg\" alt=\"\" class=\"wp-image-53510\" width=\"225\" height=\"424\"\/><\/a><\/figure>\n<\/div>\n\n\n<p class=\"wp-block-paragraph\">Era abogada y encabez\u00f3 la lucha social y jur\u00eddica de vecinos de Urbi Quinta, en Tonal\u00e1, en contra de Caabsa y del Ayuntamiento<strong>&nbsp;por permitir que la planta de transferencia de Matatl\u00e1n se convirtiera en un basurero clandestino<\/strong>, afectando la calidad de vida de los habitantes cercanos. Era&nbsp;<strong>Ver\u00f3nica Patricia Guerrero Vinueza<\/strong>, quien organiz\u00f3 marchas y protestas vecinales contra el basurero desde diciembre de 2021.<\/p>\n\n\n\n<p class=\"wp-block-paragraph\">Sin embargo,&nbsp;<strong>comenz\u00f3 a recibir amenazas<\/strong>&nbsp;que hizo extensivas a sus vecinos que tambi\u00e9n se defend\u00edan del foco de infecci\u00f3n de Matatl\u00e1n, pero a pesar de que incluso se hizo p\u00fablico el amedrentamiento de grupos encapuchados contra los vecinos y contra ella, nadie actu\u00f3. El 3 de febrero de 2022&nbsp;<strong>fue asesinada por personas que se acercaron a su auto exclusivamente para dispararle a quemarropa<\/strong>, en el centro de Tonal\u00e1. Su caso se investiga como feminicidio, pero no hay detenidos por el atentado fatal.<\/p>\n\n\n\n<p class=\"wp-block-paragraph\">SEM\/MG<\/p>\n","protected":false},"excerpt":{"rendered":"<p>Luz Raquel Padilla Guti\u00e9rrez una entre miles donde un refugio la hubiera salvado, pero nada la protegi\u00f3<\/p>\n","protected":false},"author":3,"featured_media":53514,"comment_status":"open","ping_status":"open","sticky":false,"template":"","format":"standard","meta":{"_monsterinsights_skip_tracking":false,"footnotes":""},"categories":[693,47,48],"tags":[],"class_list":["post-53508","post","type-post","status-publish","format-standard","has-post-thumbnail","category-693","category-no-mas-impunidad","category-no-mas-impunidad-no-mas-impunidad"],"_links":{"self":[{"href":"https:\/\/redsemlac.com\/semmexico\/wp-json\/wp\/v2\/posts\/53508","targetHints":{"allow":["GET"]}}],"collection":[{"href":"https:\/\/redsemlac.com\/semmexico\/wp-json\/wp\/v2\/posts"}],"about":[{"href":"https:\/\/redsemlac.com\/semmexico\/wp-json\/wp\/v2\/types\/post"}],"author":[{"embeddable":true,"href":"https:\/\/redsemlac.com\/semmexico\/wp-json\/wp\/v2\/users\/3"}],"replies":[{"embeddable":true,"href":"https:\/\/redsemlac.com\/semmexico\/wp-json\/wp\/v2\/comments?post=53508"}],"version-history":[{"count":0,"href":"https:\/\/redsemlac.com\/semmexico\/wp-json\/wp\/v2\/posts\/53508\/revisions"}],"wp:featuredmedia":[{"embeddable":true,"href":"https:\/\/redsemlac.com\/semmexico\/wp-json\/wp\/v2\/media\/53514"}],"wp:attachment":[{"href":"https:\/\/redsemlac.com\/semmexico\/wp-json\/wp\/v2\/media?parent=53508"}],"wp:term":[{"taxonomy":"category","embeddable":true,"href":"https:\/\/redsemlac.com\/semmexico\/wp-json\/wp\/v2\/categories?post=53508"},{"taxonomy":"post_tag","embeddable":true,"href":"https:\/\/redsemlac.com\/semmexico\/wp-json\/wp\/v2\/tags?post=53508"}],"curies":[{"name":"wp","href":"https:\/\/api.w.org\/{rel}","templated":true}]}}