{"id":5350,"date":"2018-01-09T18:13:40","date_gmt":"2018-01-09T18:13:40","guid":{"rendered":"https:\/\/redsemlac.com\/semmexico\/?p=5350"},"modified":"2023-07-21T14:30:23","modified_gmt":"2023-07-21T19:30:23","slug":"temas-del-primer-eje-trabajadoras-del-hogar-violencia-politica-de-genero-y-embarazo-adolescente","status":"publish","type":"post","link":"https:\/\/redsemlac.com\/semmexico\/temas-del-primer-eje-trabajadoras-del-hogar-violencia-politica-de-genero-y-embarazo-adolescente\/","title":{"rendered":"Temas del primer eje, trabajadoras del hogar, violencia pol\u00edtica de g\u00e9nero y embarazo adolescente"},"content":{"rendered":"\n<p class=\"wp-block-paragraph\"><a href=\"https:\/\/www.semmexico.com\/gallery-post.php?id=3732#\">Redacci\u00f3n<\/a><\/p>\n\n\n\n<p class=\"wp-block-paragraph\">SemM\u00e9xico, Cd. de M\u00e9xico, 9 enero 2018. La senadora Martha Tagle Mart\u00ednez anunci\u00f3 su reincorporaci\u00f3n a las actividades del Senado de la Rep\u00fablica, sin integrarse a ning\u00fan grupo parlamentario, sino con una Bancada Ciudadana integrada por organizaciones sociales y especialistas en diversos temas para trabajar en los temas pendientes en el Senado.<br><br>El pasado 30 de diciembre, Martha Ang\u00e9lica Tagle fue notificada de su reincorporaci\u00f3n como senadora, a partir de la licencia aprobada a la senadora titular Mar\u00eda Alejandra Barrales Magdaleno, del PRD, para separarse de su cargo.<br><br>En conferencia de prensa, realizada ayer en la C\u00e1mara alta, la senadora ciudadana present\u00f3 a las organizaciones y especialistas integrantes de la Bancada Ciudadana, junto con las cuales trabajar\u00e1 una agenda ciudadana en tres ejes: anticorrupci\u00f3n, transparencia y rendici\u00f3n de cuentas; justicia y seguridad ciudadana, y g\u00e9nero y derechos humanos.<br><br>En la conferencia estuvieron presentes la economista Clara Jusidman Rapoport, de INCIDE Social; Juan Francisco Torres Landa de M\u00e9xico Unido contra la Delincuencia, representantes de IMCO; Transparencia Mexicana; Fundar, Article 19; el Colectivo Seguridad sin Guerra; Movimiento Cannabico y Salud para Todos; Ciudad Feminista; la Red de Redes por la Paridad; y las Mujeres qu\u00e9, as\u00ed como de Ahora y Nosotrxs.<br><br>El objetivo de la Bancada, indic\u00f3 la senadora es que los temas pendientes en el Senado sean analizados desde una \u00f3ptica ciudadana, y con criterios de un parlamento abierto, ya que consider\u00f3 que todo servidor p\u00fablico tiene la obligaci\u00f3n de trabajar para y con la sociedad durante todo su mandato.<br><br>Sobre el eje de g\u00e9nero y derechos humanos record\u00f3 la necesidad de continuar los acuerdos para mejorar la situaci\u00f3n de las trabajadoras del hogar, y afirm\u00f3 que se insistir\u00e1 en que se reconozca el trabajo del hogar a fin de que se cuente con los derechos y obligaciones laborales que tiene como trabajadoras.<br><br>Como segundo tema de este eje est\u00e1 la violencia pol\u00edtica de g\u00e9nero contra las mujeres, record\u00f3 las reformas que aval\u00f3 la C\u00e1mara de Diputados a cinco leyes generales, entre las cuales la Ley de Acceso de las Mujeres a una Vida Libre de Violencia, modificaciones que buscan prevenir, atender, sancionar y erradicar la violencia pol\u00edtica de g\u00e9nero, la senadora explic\u00f3 la importancia de esta modificaci\u00f3n a fin de respetar y fortalecer la presencia de las mujeres en la pol\u00edtica.<br><br>El tercer tema del eje de g\u00e9nero es el embarazo infantil y adolescente, expuso que uno de cada cinco embarazos pertenece a ni\u00f1as y j\u00f3venes que no alcanzan la mayor\u00eda de edad, de acuerdo con datos de la OCDE; no obstante, dijo, este problema no est\u00e1 controlado por la Secretar\u00eda de Salud, por lo que inst\u00f3 para que se lleven a cabo acciones para solucionarlo y para que se proteja la integridad de las menores de edad.<br><br>Martha Tagle recalc\u00f3 que en el eje referente a anticorrupci\u00f3n, transparencia y rendici\u00f3n de cuentas ser\u00e1 fundamental incorporar la visi\u00f3n especializada y de la ciudadan\u00eda en la legislaci\u00f3n sobre publicidad oficial y propaganda gubernamental que por mandato de la Suprema Corte de Justicia de la Naci\u00f3n (SCJN); ya que explic\u00f3 que el Congreso de la Uni\u00f3n tiene la obligaci\u00f3n de aprobar durante el periodo ordinario de sesiones que inicia en febrero y concluye en abril, a fin de evitar sea una simulaci\u00f3n y se garantice efectivamente el derecho a la informaci\u00f3n, la libertad de prensa y de expresi\u00f3n.<br><br>Entre otros temas clave, y que est\u00e1n pendientes, que habr\u00e1n de impulsar y dar seguimiento como Bancada Ciudadana, est\u00e1 que el Sistema Nacional Anticorrupci\u00f3n opere de manera efectiva en el combate a la corrupci\u00f3n como lo son las designaciones p\u00fablicas y el fortalecimiento del Comit\u00e9 de Participaci\u00f3n Ciudadana; as\u00ed como dar seguimiento a los delitos financieros vinculados a actos de corrupci\u00f3n pol\u00edtica.<br><br>En cuanto a justicia y seguridad ciudadana, Tagle Mart\u00ednez reprob\u00f3 las facultades que otorga la Ley de Seguridad Interior a las fuerzas armadas para intervenir en cualquier conflicto social sin tomar en cuenta las recomendaciones de los organismos internacionales de derechos humanos.<br><br>De igual forma, invit\u00f3 a la ciudadan\u00eda a exigir que el puesto de Fiscal General de la Rep\u00fablica recaiga en alguien que cumpla con los requisitos de idoneidad y no s\u00f3lo sea una designaci\u00f3n acordada para cubrir y proteger a ciertos grupos pol\u00edticos.<br><br>Adem\u00e1s, la senadora Martha Tagle indic\u00f3 la necesidad de realizar un debate para replantear la pol\u00edtica de drogas y enfocarse en una nueva normativa que tenga como base los derechos humanos; por lo que inform\u00f3 que continuar\u00e1n impulsando la legalizaci\u00f3n de la marihuana para fines medicinales, l\u00fadicos y cient\u00edficos.<br><br>Por \u00faltimo, la senadora explic\u00f3 que durante los ocho meses de la LXIII Legislatura realizar\u00e1n reuniones de trabajo para cada tema, foros de discusi\u00f3n con dependencias y colectivos, as\u00ed como reuniones y audiencias p\u00fablicas con otras y otros legisladores y comisiones dictaminadoras.<br><\/p>\n","protected":false},"excerpt":{"rendered":"<p>Redacci\u00f3n SemM\u00e9xico, Cd. de M\u00e9xico, 9 enero 2018. La senadora Martha Tagle Mart\u00ednez anunci\u00f3 su reincorporaci\u00f3n a las actividades del Senado de la Rep\u00fablica, sin integrarse a ning\u00fan grupo parlamentario, sino con una Bancada Ciudadana integrada por organizaciones sociales y especialistas en diversos temas para trabajar en los temas pendientes en el Senado. El pasado [&hellip;]<\/p>\n","protected":false},"author":3,"featured_media":5351,"comment_status":"open","ping_status":"open","sticky":false,"template":"","format":"standard","meta":{"_monsterinsights_skip_tracking":false,"footnotes":""},"categories":[689,50],"tags":[],"class_list":["post-5350","post","type-post","status-publish","format-standard","has-post-thumbnail","category-689","category-congreso"],"_links":{"self":[{"href":"https:\/\/redsemlac.com\/semmexico\/wp-json\/wp\/v2\/posts\/5350","targetHints":{"allow":["GET"]}}],"collection":[{"href":"https:\/\/redsemlac.com\/semmexico\/wp-json\/wp\/v2\/posts"}],"about":[{"href":"https:\/\/redsemlac.com\/semmexico\/wp-json\/wp\/v2\/types\/post"}],"author":[{"embeddable":true,"href":"https:\/\/redsemlac.com\/semmexico\/wp-json\/wp\/v2\/users\/3"}],"replies":[{"embeddable":true,"href":"https:\/\/redsemlac.com\/semmexico\/wp-json\/wp\/v2\/comments?post=5350"}],"version-history":[{"count":0,"href":"https:\/\/redsemlac.com\/semmexico\/wp-json\/wp\/v2\/posts\/5350\/revisions"}],"wp:featuredmedia":[{"embeddable":true,"href":"https:\/\/redsemlac.com\/semmexico\/wp-json\/wp\/v2\/media\/5351"}],"wp:attachment":[{"href":"https:\/\/redsemlac.com\/semmexico\/wp-json\/wp\/v2\/media?parent=5350"}],"wp:term":[{"taxonomy":"category","embeddable":true,"href":"https:\/\/redsemlac.com\/semmexico\/wp-json\/wp\/v2\/categories?post=5350"},{"taxonomy":"post_tag","embeddable":true,"href":"https:\/\/redsemlac.com\/semmexico\/wp-json\/wp\/v2\/tags?post=5350"}],"curies":[{"name":"wp","href":"https:\/\/api.w.org\/{rel}","templated":true}]}}