{"id":53499,"date":"2022-07-22T12:30:00","date_gmt":"2022-07-22T18:30:00","guid":{"rendered":"https:\/\/redsemlac.com\/semmexico\/?p=53499"},"modified":"2023-07-21T19:10:13","modified_gmt":"2023-07-22T00:10:13","slug":"por-la-cuarta-cuerpas-gordas-no-te-odies-aunque-exista-toda-esa-violencia-que-busca-que-lo-hagas","status":"publish","type":"post","link":"https:\/\/redsemlac.com\/semmexico\/por-la-cuarta-cuerpas-gordas-no-te-odies-aunque-exista-toda-esa-violencia-que-busca-que-lo-hagas\/","title":{"rendered":"Por la Cuarta| Cuerpas Gordas: \u201cno te odies, aunque exista toda esa violencia que busca que lo hagas\u201d"},"content":{"rendered":"\n<p class=\"wp-block-paragraph\"><strong>Enriqueta Burelo Melgar<\/strong><\/p>\n\n\n\n<p class=\"wp-block-paragraph\">SemM\u00e9xico. Chiapas. 22 de julio del 2022.- Disculpen mis queridas lectoras y escasos lectores que insista sobre el tema, de seguro algunas al ver mis fotos, dir\u00e1n escribe as\u00ed por envidia, porque no est\u00e1 delgada, porque no se hace el bypass o una operaci\u00f3n para levantarse los senos o la autoestima, que la debe tener un poco ca\u00edda.<\/p>\n\n\n\n<p class=\"wp-block-paragraph\">F\u00edjense compa\u00f1eras que en mis a\u00f1os mozos, ten\u00eda una cuerpecita, que levantaba suspiros y otras partes del organismo masculino, me dec\u00edan: la Sepultura (un cerro que hay que atravesar para ir a mi pueblo, Arriaga), por mis curvas y porque muchos corazones quedaron sepultados ah\u00ed, el paso de los a\u00f1os, el embarazo, la vida sedentaria, ya que prefiero un libro a hacer ejercicio, y ponerme en manos de un cirujano, pues le&nbsp; pienso, prefiero ponerme en manos de una terapeuta y aceptarme con mis estr\u00edas, michelines, se oye mejor que llantas, recovecos, manchas, y curvas bien distribuidas, porque las tocan quien yo quiero.<\/p>\n\n\n\n<p class=\"wp-block-paragraph\">Hoy me asusta observar las inseguridades de j\u00f3venes a quienes les sobra un kilo, o dicen que tiene brazos de boxeador, y no se ponen manga corta, reci\u00e9n me compre, en las pacas por supuesto un vestido sin manga, que lucir\u00e9 en un ejercicio de humildad y de activismo gordo.<\/p>\n\n\n\n<p class=\"wp-block-paragraph\">Confieso, aparte que he vivido que he hecho cr\u00edticas a compa\u00f1eras con vestidos ce\u00f1idos que se pegan a todas nuestras prominencias, o demasiado corto, lo cual pasa por varias razones, tenemos nuestra autoestima muy alta y nos vale, engordamos y no tenemos paga para renovar nuestro outfit , ni con las pacas, no tienen una mam\u00e1 como la m\u00eda, que era mi superyo y me revisaba al salir si cumpl\u00eda con las normas del Manual de Carre\u00f1o, prometo no volver a criticar en una actitud de empat\u00eda y sororidad, y recordar\u00e9 siempre la frase de una canci\u00f3n de CriCri \u201cel comal , le dijo a la olla\u201d.<\/p>\n\n\n\n<p class=\"wp-block-paragraph\">Un d\u00eda vi una foto m\u00eda, con un vestido que me pon\u00eda por primera vez y dije que rodillas, que son de las partes m\u00e1s feas de nuestro cuerpo, pero estas rodillas me han sostenido 67 a\u00f1os y pues si que son de presumir, aunque necesito tomar alga silicio, un producto de Blen que yo vendo y que a mi amiga Martita le cae de perlas, para fortalecer esta parte de la anatom\u00eda, que, junto con nuestros pies, son quienes pueden criticar nuestro peso, no hablan, pero responden de otras maneras.<\/p>\n\n\n\n<p class=\"wp-block-paragraph\">\u00bfCu\u00e1ntas veces te has limitado a ponerte un traje de ba\u00f1o o lencer\u00eda sexy por no tener un cuerpo perfecto?} Isabella Davis, una modelo, reconoce que no es f\u00e1cil procesar el \u201camor propio\u201d que tanto pulula en redes, sin embargo, es posible. A trav\u00e9s de meditaci\u00f3n y reflexi\u00f3n, se dio cuenta que era ilusorio perseguir el cuerpo perfecto, las curvas, estr\u00edas y celulitis son aspectos normales de un cuerpo. Por lo que se dedic\u00f3 a promover el body positive en redes sociales, ahora cuenta con m\u00e1s de 211 mil seguidores en Instagram.<\/p>\n\n\n\n<p class=\"wp-block-paragraph\">Seg\u00fan activistas gordas, el body positive sostiene un discurso individualista donde el amor propio y la aceptaci\u00f3n de la cuerpa quedan por encima de todo lo que sucede en la colectividad, por ello, la persona es quien carga con la responsabilidad de \u201csentirse bien\u201d sin cuestionar el sistema que existe a su alrededor y por el que est\u00e1 siendo discriminada y rechazada.<\/p>\n\n\n\n<p class=\"wp-block-paragraph\">El body positive plantea \u201camate como sea, aunque todo indique que no te pod\u00e9s amar\u201d, mientras que el activismo gordo busca visibilizar y reconocer el cuerpo y decirte \u201cno te odies, aunque exista toda esa violencia que busca que lo hagas\u201d.&nbsp; Considero que ambos mensajes son importantes, el body positive, puede ser un primer paso para posteriormente cuestionar el sistema.<\/p>\n\n\n\n<p class=\"wp-block-paragraph\">Las conductas gordof\u00f3bicas no solo son aquellas que rechazan abiertamente a las personas con sobrepeso. Tambi\u00e9n es gordofobia pensar que las personas gordas est\u00e1n gordas porque quieren, o porque no tienen suficiente autoestima. Gordofobia es creer que las personas gordas no hacen deporte, o mirarlas con pena por creerles inferiores. Todas estas conductas surgen por la presi\u00f3n social de seguir ciertos c\u00e1nones de belleza y al pensar que las cuerpas delgadas son sin\u00f3nimo de salud y buena calidad de vida.<\/p>\n\n\n\n<p class=\"wp-block-paragraph\">Escribirlo suena f\u00e1cil, vivirlo es otro rollo, convoco a todas las flacas, sobre todo a las flacas feministas, a no sumarse a los pactos patriarcales, entender que si sos flacas o gorda, se debe a diversas razones, en ocasiones no comprensibles a quienes no somos sensibles y no nos gusta ponernos los zapatos de otras. As\u00ed como hay lentes violetas, hay lentes gordas desde las cuales hay que observar a nuestras compa\u00f1eras.<\/p>\n\n\n\n<p class=\"wp-block-paragraph\">Y que m\u00e1s mensaje o moraleja, que las que nos cantan los del R\u00edo: Dale a tu cuerpo alegr\u00eda Macarena<\/p>\n\n\n\n<p class=\"wp-block-paragraph\">Que tu cuerpo es pa&#8217; darle alegr\u00eda y cosa buena<\/p>\n\n\n\n<p class=\"wp-block-paragraph\">Dale a tu cuerpo alegr\u00eda, Macarena<\/p>\n\n\n\n<p class=\"wp-block-paragraph\">Hey Macarena, ay<\/p>\n","protected":false},"excerpt":{"rendered":"<p>Disculpen mis queridas lectoras y escasos lectores que insista sobre el tema, de seguro algunas al ver mis fotos, dir\u00e1n escribe as\u00ed por envidia, porque no est\u00e1 delgada, porque no se hace el bypass o una operaci\u00f3n para levantarse los senos o la autoestima, que la debe tener un poco ca\u00edda.<\/p>\n","protected":false},"author":3,"featured_media":53805,"comment_status":"open","ping_status":"open","sticky":false,"template":"","format":"standard","meta":{"_monsterinsights_skip_tracking":false,"footnotes":""},"categories":[693,118,35,117],"tags":[459],"class_list":["post-53499","post","type-post","status-publish","format-standard","has-post-thumbnail","category-693","category-enriqueta-burelo-melgar","category-opinion","category-por-la-cuarta","tag-opinion"],"_links":{"self":[{"href":"https:\/\/redsemlac.com\/semmexico\/wp-json\/wp\/v2\/posts\/53499","targetHints":{"allow":["GET"]}}],"collection":[{"href":"https:\/\/redsemlac.com\/semmexico\/wp-json\/wp\/v2\/posts"}],"about":[{"href":"https:\/\/redsemlac.com\/semmexico\/wp-json\/wp\/v2\/types\/post"}],"author":[{"embeddable":true,"href":"https:\/\/redsemlac.com\/semmexico\/wp-json\/wp\/v2\/users\/3"}],"replies":[{"embeddable":true,"href":"https:\/\/redsemlac.com\/semmexico\/wp-json\/wp\/v2\/comments?post=53499"}],"version-history":[{"count":0,"href":"https:\/\/redsemlac.com\/semmexico\/wp-json\/wp\/v2\/posts\/53499\/revisions"}],"wp:featuredmedia":[{"embeddable":true,"href":"https:\/\/redsemlac.com\/semmexico\/wp-json\/wp\/v2\/media\/53805"}],"wp:attachment":[{"href":"https:\/\/redsemlac.com\/semmexico\/wp-json\/wp\/v2\/media?parent=53499"}],"wp:term":[{"taxonomy":"category","embeddable":true,"href":"https:\/\/redsemlac.com\/semmexico\/wp-json\/wp\/v2\/categories?post=53499"},{"taxonomy":"post_tag","embeddable":true,"href":"https:\/\/redsemlac.com\/semmexico\/wp-json\/wp\/v2\/tags?post=53499"}],"curies":[{"name":"wp","href":"https:\/\/api.w.org\/{rel}","templated":true}]}}