{"id":53489,"date":"2022-07-22T10:10:04","date_gmt":"2022-07-22T16:10:04","guid":{"rendered":"https:\/\/redsemlac.com\/semmexico\/?p=53489"},"modified":"2023-07-21T19:09:22","modified_gmt":"2023-07-22T00:09:22","slug":"feministas-se-manifiestan-en-zocalo-exigen-liberacion-de-detenidas-en-edifico-de-cndh","status":"publish","type":"post","link":"https:\/\/redsemlac.com\/semmexico\/feministas-se-manifiestan-en-zocalo-exigen-liberacion-de-detenidas-en-edifico-de-cndh\/","title":{"rendered":"Feministas se manifiestan en Z\u00f3calo, exigen liberaci\u00f3n de detenidas en edifico de CNDH"},"content":{"rendered":"\n<ul class=\"wp-block-list\"><li><strong>Areli \u201cN\u201d, Magda \u201cN\u201d y Karla \u201cN\u201d fueron detenidas en abril pasado por su probable participaci\u00f3n en los delitos de robo calificado y da\u00f1o a la propiedad en pandilla<\/strong><\/li><\/ul>\n\n\n\n<p class=\"wp-block-paragraph\"><strong>Redacci\u00f3n La Prensa\/<\/strong> Foto Daniel Hidalgo<strong><\/strong><\/p>\n\n\n\n<p class=\"wp-block-paragraph\">SemM\u00e9xico\/La Prensa. Ciudad de M\u00e9xico. 22 de julio del 2022.- Integrantes de la Colectiva \u00abLibres ya\u00bb\u00a0<strong>se manifiestan afuera del edificio de Gobierno de la Ciudad de M\u00e9xico<\/strong>\u00a0para exigir la liberaci\u00f3n de sus compa\u00f1eras<a href=\"https:\/\/www.la-prensa.com.mx\/policiaca\/cumplimentan-orden-de-aprehension-contra-tres-mujeres-tras-desalojo-de-sede-de-cndh-8166545.html\" target=\"_blank\" rel=\"noreferrer noopener\"><strong>\u00a0Areli \u201cN\u201d, Magda \u201cN\u201d y Karla \u201cN\u201d, detenidas<\/strong><\/a>\u00a0el pasado abril.<\/p>\n\n\n<div class=\"wp-block-image\">\n<figure class=\"alignleft size-full is-resized\"><a href=\"https:\/\/redsemlac.com\/semmexico\/wp-content\/uploads\/2022\/07\/detenidas.jpg\"><img loading=\"lazy\" decoding=\"async\" src=\"https:\/\/redsemlac.com\/semmexico\/wp-content\/uploads\/2022\/07\/detenidas.jpg\" alt=\"\" class=\"wp-image-53490\" width=\"268\" height=\"168\"\/><\/a><\/figure>\n<\/div>\n\n\n<p class=\"wp-block-paragraph\">Despu\u00e9s de un cateo y desalojo del edificio de la Comisi\u00f3n Nacional de los Derechos Humanos (CNDH), ubicado en la calle de Rep\u00fablica de Cuba n\u00famero 60, en el Centro Hist\u00f3rico, las j\u00f3venes fueron detenidas por su&nbsp;<strong>probable participaci\u00f3n en los delitos de robo calificado y da\u00f1o a la propiedad en pandilla.<\/strong><\/p>\n\n\n\n<p class=\"wp-block-paragraph\">La imputadas permanecen en el Centro Femenil de Reinserci\u00f3n Social, Santa Martha.<\/p>\n\n\n\n<p class=\"wp-block-paragraph\">Ante esto, alrededor de las 7 de la ma\u00f1ana de este jueves, las feministas llegaron al edifico de Gobierno capitalino para&nbsp;<strong>exigir una audiencia con la jefa de Gobierno, Claudia Sheinbaum.<\/strong><\/p>\n\n\n\n<p class=\"wp-block-paragraph\">Las manifestantes comenzaron hacer pintas en dicho edificio, sin embargo el agrupamiento Ateneas intentan detenerlas, lo que ha causado la molestia de las feministas.<\/p>\n\n\n\n<p class=\"wp-block-paragraph\">SEM\/MG<\/p>\n","protected":false},"excerpt":{"rendered":"<p>Areli \u201cN\u201d, Magda \u201cN\u201d y Karla \u201cN\u201d fueron detenidas en abril pasado por su probable participaci\u00f3n en los delitos de robo calificado y da\u00f1o a la propiedad en pandilla<\/p>\n","protected":false},"author":3,"featured_media":53491,"comment_status":"open","ping_status":"open","sticky":false,"template":"","format":"standard","meta":{"_monsterinsights_skip_tracking":false,"footnotes":""},"categories":[693,54],"tags":[],"class_list":["post-53489","post","type-post","status-publish","format-standard","has-post-thumbnail","category-693","category-mujeres"],"_links":{"self":[{"href":"https:\/\/redsemlac.com\/semmexico\/wp-json\/wp\/v2\/posts\/53489","targetHints":{"allow":["GET"]}}],"collection":[{"href":"https:\/\/redsemlac.com\/semmexico\/wp-json\/wp\/v2\/posts"}],"about":[{"href":"https:\/\/redsemlac.com\/semmexico\/wp-json\/wp\/v2\/types\/post"}],"author":[{"embeddable":true,"href":"https:\/\/redsemlac.com\/semmexico\/wp-json\/wp\/v2\/users\/3"}],"replies":[{"embeddable":true,"href":"https:\/\/redsemlac.com\/semmexico\/wp-json\/wp\/v2\/comments?post=53489"}],"version-history":[{"count":0,"href":"https:\/\/redsemlac.com\/semmexico\/wp-json\/wp\/v2\/posts\/53489\/revisions"}],"wp:featuredmedia":[{"embeddable":true,"href":"https:\/\/redsemlac.com\/semmexico\/wp-json\/wp\/v2\/media\/53491"}],"wp:attachment":[{"href":"https:\/\/redsemlac.com\/semmexico\/wp-json\/wp\/v2\/media?parent=53489"}],"wp:term":[{"taxonomy":"category","embeddable":true,"href":"https:\/\/redsemlac.com\/semmexico\/wp-json\/wp\/v2\/categories?post=53489"},{"taxonomy":"post_tag","embeddable":true,"href":"https:\/\/redsemlac.com\/semmexico\/wp-json\/wp\/v2\/tags?post=53489"}],"curies":[{"name":"wp","href":"https:\/\/api.w.org\/{rel}","templated":true}]}}