{"id":53480,"date":"2022-07-22T10:00:03","date_gmt":"2022-07-22T16:00:03","guid":{"rendered":"https:\/\/redsemlac.com\/semmexico\/?p=53480"},"modified":"2023-07-21T19:09:22","modified_gmt":"2023-07-22T00:09:22","slug":"urgen-diputadas-al-senado-apruebe-el-sistema-nacional-de-cuidados","status":"publish","type":"post","link":"https:\/\/redsemlac.com\/semmexico\/urgen-diputadas-al-senado-apruebe-el-sistema-nacional-de-cuidados\/","title":{"rendered":"Urgen diputadas al Senado apruebe el Sistema Nacional de Cuidados"},"content":{"rendered":"\n<ul class=\"wp-block-list\"><li><strong>El caso de Luz Raquel Padilla Guti\u00e9rrez, evidencia la necesidad de atender y cuidar a personas con discapacidad.<\/strong><\/li><li><strong>La Comisi\u00f3n de Atenci\u00f3n a Grupos Vulnerables elaborar\u00e1 declaratoria por la muerte de Luz Raquel Padilla<\/strong><\/li><\/ul>\n\n\n\n<p class=\"wp-block-paragraph\"><strong>&nbsp;Libertad L\u00f3pez<\/strong><\/p>\n\n\n\n<p class=\"wp-block-paragraph\">SemM\u00e9xico, Ciudad de M\u00e9xico, 22 de julio del 2022.-Diputadas de todos los partidos pol\u00edticos coincidieron en que es urgente en el pa\u00eds la puesta en marcha de un sistema nacional de cuidados, para descargar a las mujeres y atender a quienes con discapacidad, carecen de la atenci\u00f3n y su derecho a ser cuidados y exigieron a las autoridades de Jalisco, esclarecer y hacer justicia al asesinato de Luz Raquel Padilla Guti\u00e9rrez, madre de un autista.<\/p>\n\n\n\n<p class=\"wp-block-paragraph\">Las diputadas insistieron en que el gobierno federal debe poner en marcha el programa nacional de cuidados con suficientes recursos econ\u00f3micos y t\u00e9cnicos, anunciaron que en septiembre se realizar\u00e1 un foro, para analizar c\u00f3mo no solamente se puede abordar el tema de la discapacidad, sin analizar lo que viven las mujeres cuidadoras, que \u201csomos todas\u201d.<\/p>\n\n\n\n<p class=\"wp-block-paragraph\">Las diputadas de la &nbsp;Comisi\u00f3n de Atenci\u00f3n a Grupos Vulnerables, que encabeza &nbsp;Gabriela Sodi Miranda del Partido de la Revoluci\u00f3n Democr\u00e1tica, anunci\u00f3 la tambi\u00e9n, elaboraci\u00f3n de una declaratoria sobre ambas situaciones, las personas discapacitadas y los efectos en la vida de las mujeres.<\/p>\n\n\n\n<p class=\"wp-block-paragraph\">Su reacci\u00f3n y organizaci\u00f3n para la declaratoria y el foro, se dio a partir del&nbsp; feminicidio de Luz Raquel Padilla Guti\u00e9rrez, madre de un ni\u00f1o de 11 a\u00f1os con autismo, v\u00edctima de feminicidio en Jalisco esta semana.<\/p>\n\n\n\n<p class=\"wp-block-paragraph\">Esa Comisi\u00f3n se comprometi\u00f3 a seguir el proceso de investigaci\u00f3n, para que se haga justicia, &nbsp;pero tambi\u00e9n a redactar un documento camaral que sea el principio de una postura legislativa, para apurar la justicia, la verdad y la creaci\u00f3n del Sistema Nacional de Cuidados, que signific\u00f3 un cambio constitucional y que est\u00e1 parado en el Senado de la Rep\u00fablica, al cual ya enviaron una minuta para que acelere su aprobaci\u00f3n.<\/p>\n\n\n\n<p class=\"wp-block-paragraph\">Al respecto Sodi Miranda dijo, \u201cNo podemos permitir que siga el impasse en el Senado, que defina si va a aprobar o no la propuesta\u201d. No podemos seguir con este ritmo y \u201cno est\u00e1 pasando nada\u201d cuando se desarrollan muchas situaciones en la sociedad a trav\u00e9s de los grupos con las variantes de discapacidad. Urge, reiter\u00f3 echar a andar el Programa Nacional de Cuidados.<\/p>\n\n\n\n<p class=\"wp-block-paragraph\">Agreg\u00f3 que, \u201cNos toca poner en la mesa la discusi\u00f3n sobre los grupos de las personas con discapacidad para que se atienda este caso y nos sumemos en una sola voz\u201d, propuso armar una declaraci\u00f3n que firmen diputadas y diputados de toda la c\u00e1mara.<\/p>\n\n\n\n<p class=\"wp-block-paragraph\">&nbsp;La diputada Sodi Miranda solicit\u00f3 a las diputadas Janine Patricia Quijano Tapia (PVEM) y Carolina D\u00e1vila Ram\u00edrez (PRI), integrantes de la subcomisi\u00f3n, por ser madres de hijos con autismo, que redacten el documento para que sean las voces que pongan claridad y sentido tras el evento&nbsp; dram\u00e1tico, en el que se sum\u00f3 un feminicidio causado a las mujeres cuidadoras, que todas lo son.<\/p>\n\n\n\n<p class=\"wp-block-paragraph\">La diputada del PRI, Carolina D\u00e1vila Ram\u00edrez, indic\u00f3 que el asesinato de Luz Raquel Padilla no solamente fue un feminicidio, sino que se atent\u00f3 contra la madre de un peque\u00f1o con autismo, una mam\u00e1 que era la cuidadora primaria de quien necesitaba todas las atenciones. Lament\u00f3 que no hay presupuesto para apoyar a estos peque\u00f1os y sus familias. \u201cComo legisladoras y madres las exhorto a dar seguimiento hasta el punto final a esta situaci\u00f3n; esto nos demuestra qu\u00e9 tan deficientes son nuestros programas y fiscal\u00edas\u201d.&nbsp;<\/p>\n\n\n\n<p class=\"wp-block-paragraph\">La diputada Janine Patricia Quijano Tapia (PVEM) calific\u00f3 de indignante que los responsables sigan libres, por lo que exigi\u00f3 que la fiscal\u00eda los encuentre y enjuicie, llegando hasta las \u00faltimas instancias con mano dura. \u201cComo mam\u00e1 de un ni\u00f1o con autismo hemos sido se\u00f1aladas, pero imaginar que mi vida est\u00e1 en peligro porque mi hijo tiene una discapacidad es indignante\u201d.&nbsp;<\/p>\n\n\n\n<p class=\"wp-block-paragraph\">Por el PAN, la diputada Ana Teresa Aranda Orozco dijo que se debe generar empat\u00eda hacia las causas y personas con discapacidad, as\u00ed como \u201cponerse en los pies del otro porque nos estamos deshumanizando\u201d. Pidi\u00f3 que el gobierno haga campa\u00f1as de difusi\u00f3n sobre estos padecimientos y que la gente entienda lo que una madre en esta situaci\u00f3n enfrenta.&nbsp;<\/p>\n\n\n\n<p class=\"wp-block-paragraph\">La diputada Melissa Estefan\u00eda Vargas Camacho (PRI) se\u00f1al\u00f3 que el problema de fondo es que se carece de un sistema de cuidados para menores con discapacidad, adultos mayores y personas enfermas, siendo las mujeres las principales cuidadoras, lo que para ellas se convierte en una doble o hasta triple jornada. \u201cNo solamente no hay, sino que se ha desmantelado el poco sistema de cuidados que ten\u00edamos\u201d.&nbsp;<\/p>\n\n\n\n<p class=\"wp-block-paragraph\">Tambi\u00e9n del PRI, la diputada Norma Ang\u00e9lica Aceves Garc\u00eda llam\u00f3 a visibilizar a las personas con discapacidad, sus derechos y que el contexto de la familia no se acote \u00fanicamente al trabajo de la Comisi\u00f3n, pues debe llegar m\u00e1s all\u00e1. \u201cLes pido que nos ayuden a replicar este tema y la red de apoyo. Si m\u00e1s personas se involucran avanzaremos m\u00e1s r\u00e1pido y con precisi\u00f3n\u201d.&nbsp;<\/p>\n\n\n\n<p class=\"wp-block-paragraph\">Por el PAN, la diputada Berenice Ju\u00e1rez Navarrete afirm\u00f3: \u201cTenemos que legislar para vincular a los tres \u00f3rdenes de gobierno, en particular para sensibilizar a los presidentes municipales, directores generales y regidores; que atiendan las denuncias de violencia de g\u00e9nero y a las personas con discapacidad, al prevalecer la falta de compromiso de muchos funcionarios\u201d. Advirti\u00f3 que los presupuestos y mecanismos han sido insuficientes para erradicar estos fen\u00f3menos.&nbsp;<\/p>\n\n\n\n<p class=\"wp-block-paragraph\">Del PAN, la diputada Mariela L\u00f3pez Sosa apunt\u00f3 que Luz Raquel Padilla Guti\u00e9rrez era madre de un ni\u00f1o de 11 a\u00f1os y no ha sido la \u00fanica mujer violentada por el actuar de su hijo. \u201cEs indignante la p\u00e9rdida de valores en la sociedad y la falta de empat\u00eda con las personas que tienen alguna discapacidad\u201d, por lo que las y los legisladores debemos ser la voz de quienes est\u00e1n en silencio. Refiri\u00f3 la creaci\u00f3n de un foro en septiembre pr\u00f3ximo para escuchar a esta poblaci\u00f3n, hacer conciencia de la inclusi\u00f3n y estar al pendiente de sus necesidades.<\/p>\n\n\n\n<p class=\"wp-block-paragraph\">De Morena, el diputado Pedro David Ortega Fonseca asegur\u00f3: \u201cEstamos en la mejor disposici\u00f3n para trabajar en estos temas porque nos damos cuenta que, como ciudadanos, nos falta mucha conciencia en materia de discapacidad en todos los niveles de los servidores p\u00fablicos\u201d. Propuso ir en bloque y unidos como Comisi\u00f3n y expres\u00f3 su decisi\u00f3n de firmar la declaratoria que se elaborar\u00e1 y realizar las acciones necesarias al respecto, porque tenemos que levantar la voz en este asunto tan delicado.&nbsp;<\/p>\n\n\n\n<p class=\"wp-block-paragraph\">La diputada del PVEM, Ciria Yamile Salom\u00f3n Dur\u00e1n consider\u00f3 que se debe hacer un exhorto muy puntual al gobierno y a la procuraci\u00f3n de justicia de Jalisco por este lamentable suceso. \u201cCon firmeza y fuerza se debe hacer un pronunciamiento\u201d, afirm\u00f3.&nbsp;<\/p>\n\n\n\n<h2 class=\"wp-block-heading\"><strong>Aprueban Opini\u00f3n&nbsp;<\/strong><\/h2>\n\n\n\n<p class=\"wp-block-paragraph\">Por otra parte, la Comisi\u00f3n aprob\u00f3 por unanimidad la opini\u00f3n en sentido positivo a la iniciativa con proyecto de decreto que reforma y adiciona diversas disposiciones de la Ley General de Educaci\u00f3n, en materia de educaci\u00f3n incluyente para personas con discapacidad, a cargo de la diputada Gabriela Sodi Miranda, del PRD.&nbsp;<\/p>\n\n\n\n<p class=\"wp-block-paragraph\">Lo anterior, al considerar que la propuesta se encuentra apegada a los principios de la Convenci\u00f3n sobre los Derechos de las Personas con Discapacidad, concretamente en lo relativo a la no discriminaci\u00f3n y de participaci\u00f3n e inclusi\u00f3n plena y efectiva en la sociedad, a trav\u00e9s de la educaci\u00f3n, por lo que la propuesta se considera procedente.&nbsp;<\/p>\n\n\n\n<p class=\"wp-block-paragraph\">La iniciativa busca reestablecer los art\u00edculos 61 al 68 de la Ley General de Educaci\u00f3n, publicada en el Diario Oficial de la Federaci\u00f3n el 30 de septiembre de 2019, que fueron declarados inv\u00e1lidos por la Suprema Corte de Justicia de la Naci\u00f3n en su sentencia a la Acci\u00f3n de inconstitucionalidad 121\/2019, promovida por la Comisi\u00f3n Nacional de los Derechos Humanos.<\/p>\n\n\n\n<p class=\"wp-block-paragraph\">SEM\/MG<\/p>\n","protected":false},"excerpt":{"rendered":"<p>El caso de Luz Raquel Padilla Guti\u00e9rrez, evidencia la necesidad de atender y cuidar a personas con discapacidad.<\/p>\n","protected":false},"author":3,"featured_media":53481,"comment_status":"open","ping_status":"open","sticky":false,"template":"","format":"standard","meta":{"_monsterinsights_skip_tracking":false,"footnotes":""},"categories":[693,50],"tags":[],"class_list":["post-53480","post","type-post","status-publish","format-standard","has-post-thumbnail","category-693","category-congreso"],"_links":{"self":[{"href":"https:\/\/redsemlac.com\/semmexico\/wp-json\/wp\/v2\/posts\/53480","targetHints":{"allow":["GET"]}}],"collection":[{"href":"https:\/\/redsemlac.com\/semmexico\/wp-json\/wp\/v2\/posts"}],"about":[{"href":"https:\/\/redsemlac.com\/semmexico\/wp-json\/wp\/v2\/types\/post"}],"author":[{"embeddable":true,"href":"https:\/\/redsemlac.com\/semmexico\/wp-json\/wp\/v2\/users\/3"}],"replies":[{"embeddable":true,"href":"https:\/\/redsemlac.com\/semmexico\/wp-json\/wp\/v2\/comments?post=53480"}],"version-history":[{"count":0,"href":"https:\/\/redsemlac.com\/semmexico\/wp-json\/wp\/v2\/posts\/53480\/revisions"}],"wp:featuredmedia":[{"embeddable":true,"href":"https:\/\/redsemlac.com\/semmexico\/wp-json\/wp\/v2\/media\/53481"}],"wp:attachment":[{"href":"https:\/\/redsemlac.com\/semmexico\/wp-json\/wp\/v2\/media?parent=53480"}],"wp:term":[{"taxonomy":"category","embeddable":true,"href":"https:\/\/redsemlac.com\/semmexico\/wp-json\/wp\/v2\/categories?post=53480"},{"taxonomy":"post_tag","embeddable":true,"href":"https:\/\/redsemlac.com\/semmexico\/wp-json\/wp\/v2\/tags?post=53480"}],"curies":[{"name":"wp","href":"https:\/\/api.w.org\/{rel}","templated":true}]}}