{"id":53470,"date":"2022-07-22T09:00:16","date_gmt":"2022-07-22T15:00:16","guid":{"rendered":"https:\/\/redsemlac.com\/semmexico\/?p=53470"},"modified":"2023-07-21T19:09:22","modified_gmt":"2023-07-22T00:09:22","slug":"entre-palomas-blancas-despiden-a-luz-raquel-padilla-exigen-justicia","status":"publish","type":"post","link":"https:\/\/redsemlac.com\/semmexico\/entre-palomas-blancas-despiden-a-luz-raquel-padilla-exigen-justicia\/","title":{"rendered":"Entre palomas blancas despiden a Luz Raquel Padilla, exigen justicia"},"content":{"rendered":"\n<ul class=\"wp-block-list\"><li><strong>Ayer se llev\u00f3 a cabo la celebraci\u00f3n eucar\u00edstica de cuerpo presente organizada por el Colectivo Yo Cuido M\u00e9xico.<\/strong><\/li><\/ul>\n\n\n\n<p class=\"wp-block-paragraph\"><strong>Analy Nu\u00f1o<\/strong><\/p>\n\n\n\n<p class=\"wp-block-paragraph\">SemM\u00e9xico, Zapopan, Jalisco. 22 de julio de 2022.- &nbsp;\u00abCon est\u00e1s palomas te decimos gracias y hasta pronto\u00bb, con esas palabras seguidas de un aplauso y palomas blancas al vuelo, fue despedida Luz Raquel Padilla por familiares, amigas y activistas feministas del colectivo Yo Cuido, al que pertenec\u00eda.<\/p>\n\n\n\n<p class=\"wp-block-paragraph\">Durante la misa de cuerpo presente de Luz Raquel &#8211; quien falleci\u00f3 a consecuencia de las quemaduras que sufri\u00f3 en un ataque directo- realizada en la Bas\u00edlica de Zapopan, el padre Juan Rubio pidi\u00f3 por justicia y llam\u00f3 a las autoridades a realizar su trabajo.<\/p>\n\n\n\n<p class=\"wp-block-paragraph\">\u00abSus agresores, por la justicia humana, deber\u00e1n de pagar por esto. Este feminicidio se suma a otros m\u00e1s que est\u00e1n a la vista. Ojal\u00e1 que la justicia, nuestras autoridades, en este caso de Luz Raquel, se comprometan y realicen su trabajo. Nosotros no somos nadie para juzgar, pero la justicia se tiene que cumplimentar\u201d, dijo.<\/p>\n\n\n\n<p class=\"wp-block-paragraph\">Al t\u00e9rmino de la misa que se realiz\u00f3 en el m\u00e1s posible silencio en respeto y atenci\u00f3n al hijo de Luz de 11 a\u00f1os, diagnosticado con espectro autista, las activistas vestidas de morado exigieron justicia y la despidieron con un aplauso.<\/p>\n\n\n\n<h2 class=\"wp-block-heading\"><strong>Se manifiestan para exigir justicia<\/strong><\/h2>\n\n\n\n<p class=\"wp-block-paragraph\">Activistas, feministas, familiares y amigos de Luz Raquel y sociedad civil por la tarde realizaron manifestaciones frente a Palacio municipal de Zapopan y la sede la polic\u00eda municipal, para exigir justicia y la renuncia de los funcionarios que fueron omisos al no otorgar las medidas de protecci\u00f3n para Luz Raquel ni el sistema \u00abPulso de vida\u00bb, que solicit\u00f3 en marzo tras ser amenazada de muerte.<\/p>\n\n\n\n<p class=\"wp-block-paragraph\">Ambas manifestaciones se llevaron a cabo en silencio y las consignas fueron pintadas con gis sobre el pavimento y pancartas.<\/p>\n\n\n\n<p class=\"wp-block-paragraph\">\u00abLos funcionarios tambi\u00e9n deben tomar su responsabilidad, a ella la asesino el Estado, si ellos hubieran hecho su trabajo ella ahora estar\u00eda con su ni\u00f1o\u00bb, se\u00f1al\u00f3 Hitzi Solano.<\/p>\n\n\n\n<p class=\"wp-block-paragraph\">\u00abReprobamos la violencia institucional a la que fue sometida Luz Raquel, derivado de las omisiones, dilaciones y la revictizaci\u00f3n a la que fue expuesta. Exigimos que se realice una investigaci\u00f3n amplia e integral para sancionar a las y los servidores p\u00fablicos por la acci\u00f3n u omisi\u00f3n y sean destituidos\u00bb se\u00f1al\u00f3 otra manifestante.<\/p>\n\n\n\n<h2 class=\"wp-block-heading\"><strong>Piden renuncias y cadena perpetua a feminicidas<\/strong><\/h2>\n\n\n\n<p class=\"wp-block-paragraph\">Durante la sesi\u00f3n ordinaria del pleno del Congreso del Estado, las posturas se centraron en condenar el asesinato de Luz Raquel, la omisi\u00f3n de las autoridades y exigir resultados.<\/p>\n\n\n\n<p class=\"wp-block-paragraph\">La diputada local por Morena, Yussara Canales, present\u00f3 una iniciativa de ley en la que propone cadena perpetua para feminicidas. \u00abQue los feminicidas pasen el resto de su vida en prisi\u00f3n\u00bb.<\/p>\n\n\n\n<p class=\"wp-block-paragraph\">Por su parte, la legisladora de Hagamos, Mara Robles cuestion\u00f3 la falta de autocr\u00edtica de las autoridades y el que no se haya presentado la renuncia del fiscal.<\/p>\n\n\n\n<p class=\"wp-block-paragraph\">\u00ab\u00bfDe qu\u00e9 sirve que seamos una bancada de mujeres si no podemos equilibrar las fuerzas? Los discursos inclusivos no salvan vidas y tampoco la falta de autocr\u00edtica por parte de las autoridades. En un pa\u00eds m\u00ednimamente civilizado, esta brutalidad significar\u00eda la renuncia del fiscal\u00bb, dijo.<\/p>\n\n\n\n<h2 class=\"wp-block-heading\"><strong>Secretar\u00eda de Igualdad rompe el silencio<\/strong><\/h2>\n\n\n\n<p class=\"wp-block-paragraph\">Luego de 5 d\u00edas de silencio, a trav\u00e9s de un comunicado la Secretar\u00eda de Igualdad Sustantiva entre Mujeres y Hombres rompi\u00f3 el silencio en torno al asesinato de Luz Raquel.<\/p>\n\n\n\n<p class=\"wp-block-paragraph\">De acuerdo a la dependencia este jueves se llev\u00f3 a cabo una reuni\u00f3n entre la titular de la dependencia, Paola Razo, la titular de la Comisi\u00f3n Nacional para Prevenir y Erradicar la Violencia contra las Mujeres (CONAVIM), Fabiola Alan\u00eds y el fiscal de Jalisco, Joaqu\u00edn M\u00e9ndez, para dar seguimiento al caso a trav\u00e9s de 3 acciones fundamentales:<\/p>\n\n\n\n<p class=\"wp-block-paragraph\">1. Comunicaci\u00f3n permanente que garantice que la investigaci\u00f3n siga realiz\u00e1ndose con apego al Protocolo de Investigaci\u00f3n del Delito de Feminicidio con PEG y al Modelo de Protocolo Latinoamericano de Investigaci\u00f3n de muertes violentas de mujeres por raz\u00f3n de g\u00e9nero.<\/p>\n\n\n\n<p class=\"wp-block-paragraph\">2. Colaborar en la atenci\u00f3n integral, sumando a CONAVIM al acompa\u00f1amiento que comprende cobertura de gastos m\u00e9dicos y funerarios; terapia especializada; integraci\u00f3n al programa de apoyo econ\u00f3mico a hijas e hijos de mujeres v\u00edctimas de feminicidio, y la reparaci\u00f3n integral.<\/p>\n\n\n\n<p class=\"wp-block-paragraph\">3. Realizar una revisi\u00f3n exhaustiva del funcionamiento de los mecanismos de protecci\u00f3n, la valoraci\u00f3n de riesgo y los protocolos utilizados para el otorgamiento y uso de los dispositivos de geolocalizaci\u00f3n.<\/p>\n\n\n\n<p class=\"wp-block-paragraph\">SEM\/MG<\/p>\n","protected":false},"excerpt":{"rendered":"<p>Ayer se llev\u00f3 a cabo la celebraci\u00f3n eucar\u00edstica de cuerpo presente organizada por el Colectivo Yo Cuido M\u00e9xico.<\/p>\n","protected":false},"author":3,"featured_media":53471,"comment_status":"open","ping_status":"open","sticky":false,"template":"","format":"standard","meta":{"_monsterinsights_skip_tracking":false,"footnotes":""},"categories":[693,54],"tags":[],"class_list":["post-53470","post","type-post","status-publish","format-standard","has-post-thumbnail","category-693","category-mujeres"],"_links":{"self":[{"href":"https:\/\/redsemlac.com\/semmexico\/wp-json\/wp\/v2\/posts\/53470","targetHints":{"allow":["GET"]}}],"collection":[{"href":"https:\/\/redsemlac.com\/semmexico\/wp-json\/wp\/v2\/posts"}],"about":[{"href":"https:\/\/redsemlac.com\/semmexico\/wp-json\/wp\/v2\/types\/post"}],"author":[{"embeddable":true,"href":"https:\/\/redsemlac.com\/semmexico\/wp-json\/wp\/v2\/users\/3"}],"replies":[{"embeddable":true,"href":"https:\/\/redsemlac.com\/semmexico\/wp-json\/wp\/v2\/comments?post=53470"}],"version-history":[{"count":0,"href":"https:\/\/redsemlac.com\/semmexico\/wp-json\/wp\/v2\/posts\/53470\/revisions"}],"wp:featuredmedia":[{"embeddable":true,"href":"https:\/\/redsemlac.com\/semmexico\/wp-json\/wp\/v2\/media\/53471"}],"wp:attachment":[{"href":"https:\/\/redsemlac.com\/semmexico\/wp-json\/wp\/v2\/media?parent=53470"}],"wp:term":[{"taxonomy":"category","embeddable":true,"href":"https:\/\/redsemlac.com\/semmexico\/wp-json\/wp\/v2\/categories?post=53470"},{"taxonomy":"post_tag","embeddable":true,"href":"https:\/\/redsemlac.com\/semmexico\/wp-json\/wp\/v2\/tags?post=53470"}],"curies":[{"name":"wp","href":"https:\/\/api.w.org\/{rel}","templated":true}]}}