{"id":53343,"date":"2022-07-20T06:07:45","date_gmt":"2022-07-20T12:07:45","guid":{"rendered":"https:\/\/redsemlac.com\/semmexico\/?p=53343"},"modified":"2023-07-21T19:09:26","modified_gmt":"2023-07-22T00:09:26","slug":"las-embajadoras-asignadas-a-irlanda-y-dinamarca-comparecieron-ante-la-segunda-comision-de-la-permanente","status":"publish","type":"post","link":"https:\/\/redsemlac.com\/semmexico\/las-embajadoras-asignadas-a-irlanda-y-dinamarca-comparecieron-ante-la-segunda-comision-de-la-permanente\/","title":{"rendered":"Las embajadoras asignadas a Irlanda y Dinamarca comparecieron ante la Segunda Comisi\u00f3n de la Permanente"},"content":{"rendered":"\n<ul class=\"wp-block-list\"><li><strong>Buscaran fortalecer los lazos diplom\u00e1ticos del pa\u00eds y promover las relaciones econ\u00f3micas y culturales.<\/strong><\/li><\/ul>\n\n\n\n<p class=\"wp-block-paragraph\"><strong>Micaela M\u00e1rquez<\/strong><\/p>\n\n\n\n<p class=\"wp-block-paragraph\">SemM\u00e9xico, Ciudad de M\u00e9xico, 20 de julio 2022.- Carolina Zaragoza Flores y Norma Bertha Pensado Moreno, que fueron designadas por el Ejecutivo Federal como embajadoras de M\u00e9xico en Irlanda y en Dinamarca, respectivamente,&nbsp;comparecieron ante la Segunda Comisi\u00f3n de la Permanente, que preside el senador Jorge Carlos Ram\u00edrez Mar\u00edn. &nbsp;&nbsp;<\/p>\n\n\n\n<p class=\"wp-block-paragraph\">De ser ratificadas ambas mujeres con una amplia trayectoria en el servicio exterior mexicano buscaran fortalecer los lazos diplom\u00e1ticos del pa\u00eds y promover las relaciones econ\u00f3micas y culturales. Cada una respondi\u00f3 a los cuestionamientos de las y los legisladores respecto a su plan de trabajo.&nbsp;&nbsp; &nbsp;<\/p>\n\n\n\n<p class=\"wp-block-paragraph\">Carolina Zaragoza Flores que pertenece al Servicio Exterior Mexicano desde 1982, destac\u00f3 que entre M\u00e9xico e Irlanda existe un claro inter\u00e9s de impulsar en el Consejo de Seguridad de Naciones Unidas, temas multilaterales como derechos humanos, desarme, desarrollo incluyente y las agendas 2030 y de la \u201cMujer, Paz y Seguridad\u201d.&nbsp;<\/p>\n\n\n\n<p class=\"wp-block-paragraph\">A pregunta de las y los legisladores, Zaragoza Flores respondi\u00f3 que Irlanda ha participado en las tres reuniones que ha llevado el Consejo de Seguridad de la ONU a fin de que haya corredores humanitarios y se logre la paz.<\/p>\n\n\n\n<p class=\"wp-block-paragraph\">Zaragoza Flores ha sido titular de los consulados de M\u00e9xico en Laredo, Texas; San Bernardino, California; y Raleigh, Carolina del Norte. Adem\u00e1s ha ocupado diversos cargos en los consulados en Houston, Texas; Sacramento, California; y San Louis, Missouri.&nbsp;<\/p>\n\n\n\n<h2 class=\"wp-block-heading\"><strong>Larga historia diplom\u00e1tica con Dinamarca desde 1827<\/strong><\/h2>\n\n\n\n<p class=\"wp-block-paragraph\">Norma Bertha Pensado Moreno, dijo que reforzar\u00e1 la relaci\u00f3n bilateral para impulsar la ratificaci\u00f3n del Acuerdo Global M\u00e9xico-Uni\u00f3n Europea.&nbsp;<\/p>\n\n\n\n<p class=\"wp-block-paragraph\">Ella ya ha sido embajadora en pa\u00edses de Europa como Suecia, Finlandia, Letonia, Lituania y Estonia, adem\u00e1s de representante alterna para los Organismos de Naciones Unidas con sede en Viena; y consejera en la Delegaci\u00f3n de M\u00e9xico ante la OCDE.&nbsp;<\/p>\n\n\n\n<p class=\"wp-block-paragraph\">En su comparecencia dijo que Dinamarca es un pa\u00eds peque\u00f1o geogr\u00e1ficamente, pero con una econom\u00eda altamente sofisticada y una industria muy desarrollada. Destina el 2.9% de su Producto Interno Bruto a la investigaci\u00f3n y desarrollo.<\/p>\n\n\n\n<p class=\"wp-block-paragraph\">Acot\u00f3 que aprovechar\u00e1 los avances tecnol\u00f3gicos que existen en Dinamarca para promover a M\u00e9xico en materia de cultura, medicina, educaci\u00f3n, comercio y tecnolog\u00eda, con el objetivo de mostrar los ejes fundamentales de desarrollo de nuestro pa\u00eds.&nbsp;<\/p>\n\n\n\n<p class=\"wp-block-paragraph\">Destac\u00f3 que hay muchas coincidencias en las prioridades de ambos gobiernos respecto del medio ambiente, la infancia, el combate a la desigualdad social y econom\u00eda responsable. Ambas naciones tienen una larga historia de relaciones diplom\u00e1ticas bilaterales, ya que un 19 de junio de 1827 se firm\u00f3 el tratado de amistad.&nbsp;<\/p>\n\n\n\n<p class=\"wp-block-paragraph\">SEM\/MG<\/p>\n","protected":false},"excerpt":{"rendered":"<p>Buscaran fortalecer los lazos diplom\u00e1ticos del pa\u00eds y promover las relaciones econ\u00f3micas y culturales.<\/p>\n","protected":false},"author":3,"featured_media":53344,"comment_status":"open","ping_status":"open","sticky":false,"template":"","format":"standard","meta":{"_monsterinsights_skip_tracking":false,"footnotes":""},"categories":[693,50],"tags":[],"class_list":["post-53343","post","type-post","status-publish","format-standard","has-post-thumbnail","category-693","category-congreso"],"_links":{"self":[{"href":"https:\/\/redsemlac.com\/semmexico\/wp-json\/wp\/v2\/posts\/53343","targetHints":{"allow":["GET"]}}],"collection":[{"href":"https:\/\/redsemlac.com\/semmexico\/wp-json\/wp\/v2\/posts"}],"about":[{"href":"https:\/\/redsemlac.com\/semmexico\/wp-json\/wp\/v2\/types\/post"}],"author":[{"embeddable":true,"href":"https:\/\/redsemlac.com\/semmexico\/wp-json\/wp\/v2\/users\/3"}],"replies":[{"embeddable":true,"href":"https:\/\/redsemlac.com\/semmexico\/wp-json\/wp\/v2\/comments?post=53343"}],"version-history":[{"count":0,"href":"https:\/\/redsemlac.com\/semmexico\/wp-json\/wp\/v2\/posts\/53343\/revisions"}],"wp:featuredmedia":[{"embeddable":true,"href":"https:\/\/redsemlac.com\/semmexico\/wp-json\/wp\/v2\/media\/53344"}],"wp:attachment":[{"href":"https:\/\/redsemlac.com\/semmexico\/wp-json\/wp\/v2\/media?parent=53343"}],"wp:term":[{"taxonomy":"category","embeddable":true,"href":"https:\/\/redsemlac.com\/semmexico\/wp-json\/wp\/v2\/categories?post=53343"},{"taxonomy":"post_tag","embeddable":true,"href":"https:\/\/redsemlac.com\/semmexico\/wp-json\/wp\/v2\/tags?post=53343"}],"curies":[{"name":"wp","href":"https:\/\/api.w.org\/{rel}","templated":true}]}}