{"id":53323,"date":"2022-07-19T14:15:04","date_gmt":"2022-07-19T20:15:04","guid":{"rendered":"https:\/\/redsemlac.com\/semmexico\/?p=53323"},"modified":"2023-07-21T19:09:27","modified_gmt":"2023-07-22T00:09:27","slug":"opinion-una-luz-en-mis-caminos","status":"publish","type":"post","link":"https:\/\/redsemlac.com\/semmexico\/opinion-una-luz-en-mis-caminos\/","title":{"rendered":"Opini\u00f3n| \u201cUna luz en mis caminos\u201d"},"content":{"rendered":"\n<p class=\"wp-block-paragraph\"><strong>Araceli Garc\u00eda Rico<\/strong><\/p>\n\n\n\n<p class=\"wp-block-paragraph\">SemM\u00e9xico\/La Costilla Rota. Ciudad de M\u00e9xico. 19 de julio 2022.- Tuve la oportunidad de participar como comentarista en el evento organizado por el Museo de la Mujer de la CdMx, en la presentaci\u00f3n del libro: \u201cUna Luz en mis caminos\u201d de Andrea Salda\u00f1a Rivera.<\/p>\n\n\n\n<p class=\"wp-block-paragraph\">A partir de estas facetas, Andrea hace un recorrido anecd\u00f3tico sobre la escalada de derechos de las mujeres, una mirada feminista que con su actuar transversalizo la perspectiva de g\u00e9nero en el \u00e1mbito de la salud.<\/p>\n\n\n\n<p class=\"wp-block-paragraph\">Distinguen a Andrea, dos facetas: la de poeta y la de experta en salud p\u00fablica; a partir de la enfermer\u00eda, en ambas encuentra el soporte suficiente para transformar la situaci\u00f3n de las mujeres en el pa\u00eds, que desde los ahora llamados micromachismos, ella asum\u00eda como formas&nbsp; no correctas de expresi\u00f3n o de comportamiento: \u201cel que los padres siempre anhelaban tener un var\u00f3n en primera instancia, en que las mujeres extra\u00edan el agua del aljibe y la llevaban al hogar caminando largos caminos y pesadas cubetas, en que las mujeres empoderadas se notaban justo por eso: por salirse del rol de mujer sumisa, el alto \u00edndice de&nbsp; muertes maternas, se dio cuenta de lo invisibilizada que estaba la violencia familiar, los estereotipos de g\u00e9nero en el juego, en la ropa, en las actitudes. Ah\u00ed tomo conciencia de la importancia de las Redes de ayuda.<\/p>\n\n\n\n<p class=\"wp-block-paragraph\">En su ni\u00f1ez escuchaba a las adultas, sobre \u201clas ma\u00f1as\u201d que utilizaban las mujeres para no embarazarse, eran tiempos en que la comunicaci\u00f3n no era tan fluida y mucho se dejaba al conocimiento de la comunidad, a los usos y costumbres o a los valores. Nos recuerda Andrea que, a\u00fan el art\u00edculo 4 constitucional, no era garante del n\u00famero y espaciamiento de los hijos, mucho menos de la igualdad jur\u00eddica entre el hombre y la mujer. Ella formo parte fundamental del derecho a decidir de las mujeres plasmado en las leyes.<\/p>\n\n\n\n<p class=\"wp-block-paragraph\">Y as\u00ed a trav\u00e9s de sus vivencias, es que tambi\u00e9n conocemos de la evoluci\u00f3n de un pa\u00eds, tan extenso, tan complejo, tan rico, tan sui generis como nuestro M\u00e9xico.<\/p>\n\n\n\n<p class=\"wp-block-paragraph\">La autora nos invita a conocer los retos que enfrent\u00f3 como estudiante, cuando estaba en su especialidad, aparejada de los poemas, las canciones m\u00e1s emblem\u00e1ticas de aquellos a\u00f1os, pero tambi\u00e9n de esa radiograf\u00eda que a todas las que nos gusta la historia, la sociolog\u00eda, la ciencia pol\u00edtica, disfrutamos en su narrativa, los a\u00f1os en que la represi\u00f3n sexual trataba de imponer reglas de comportamiento social y c\u00f3mo en los a\u00f1os setentas se inici\u00f3 la \u00e9poca de la educaci\u00f3n sexual.<\/p>\n\n\n\n<p class=\"wp-block-paragraph\">Y fue en Sinaloa, al recibir una flor por parte de una desconocida, vestida de novia y con semblante triste (hab\u00eda sido plantada en el altar) que Andrea, hizo un alto en su camino para descifrar las vertientes de la violencia, no solo la f\u00edsica, la evidente, la que rompe, la que mata, si no la emocional, la que nadie quiere ver, la que es el inicio de una serie de sucesos por dem\u00e1s tr\u00e1gicos, que devienen de las relaciones desiguales de poder en las cuales el patriarcado aparece como gran protagonista de generaci\u00f3n en generaci\u00f3n, dejando huellas indelebles al paso de los a\u00f1os. Ahora existe la Ley General de Acceso de las Mujeres a una vida libre de violencia, en la cual, podemos encontrar los tipos y los modalidades, su actualizaci\u00f3n e incluso lo que significa la Alerta de Violencia de G\u00e9nero.<\/p>\n\n\n\n<p class=\"wp-block-paragraph\">Tambi\u00e9n tomo conciencia del a\u00f1ejo trabajo de cuidados que ejercemos las mujeres y que se ha venido triplicando en pandemia. Recientemente surgi\u00f3 el tan necesario Sistema Nacional de Cuidados, el cual falta la aprobaci\u00f3n de la Ley General de Cuidados. Ya que por decisi\u00f3n propia o por imposici\u00f3n cultural es la mujer la que lleva a cuestas la doble y triple jornada de trabajo, no remunerado en el hogar, cuidando a quien lo requiere ya sea por edad, por enfermedad o por discapacidad de nacimiento y adquirido. Gran tarea queda todav\u00eda por delante, querida Andrea.<\/p>\n\n\n\n<p class=\"wp-block-paragraph\">En este texto surge otra reivindicaci\u00f3n: la del salario digno a las profesiones preponderantemente femeninas, como ella y sus colegas lo han atestiguado por d\u00e9cadas.<\/p>\n\n\n\n<p class=\"wp-block-paragraph\">En su vinculaci\u00f3n con IPAS y Maternidad sin Riesgo, a nivel nacional e internacional destac\u00f3 el valor de la sororidad, mujeres reconoci\u00e9ndose en sus talentos y potenciando sus capacidades de apoyo a la sociedad civil, a las personas adultas mayores, los derechos reproductivos, sobre todo a v\u00edctimas de violencia sexual y todas aquellas causas que la salud p\u00fablica y la voluntad pueden lograr.<\/p>\n\n\n\n<p class=\"wp-block-paragraph\">\u00a1Felicidades, Andrea Salda\u00f1a!<\/p>\n","protected":false},"excerpt":{"rendered":"<p>Tuve la oportunidad de participar como comentarista en el evento organizado por el Museo de la Mujer de la CdMx, en la presentaci\u00f3n del libro: \u201cUna Luz en mis caminos\u201d de Andrea Salda\u00f1a Rivera.<\/p>\n","protected":false},"author":3,"featured_media":53324,"comment_status":"open","ping_status":"open","sticky":false,"template":"","format":"standard","meta":{"_monsterinsights_skip_tracking":false,"footnotes":""},"categories":[693,110,35],"tags":[459],"class_list":["post-53323","post","type-post","status-publish","format-standard","has-post-thumbnail","category-693","category-la-opinion-columnas","category-opinion","tag-opinion"],"_links":{"self":[{"href":"https:\/\/redsemlac.com\/semmexico\/wp-json\/wp\/v2\/posts\/53323","targetHints":{"allow":["GET"]}}],"collection":[{"href":"https:\/\/redsemlac.com\/semmexico\/wp-json\/wp\/v2\/posts"}],"about":[{"href":"https:\/\/redsemlac.com\/semmexico\/wp-json\/wp\/v2\/types\/post"}],"author":[{"embeddable":true,"href":"https:\/\/redsemlac.com\/semmexico\/wp-json\/wp\/v2\/users\/3"}],"replies":[{"embeddable":true,"href":"https:\/\/redsemlac.com\/semmexico\/wp-json\/wp\/v2\/comments?post=53323"}],"version-history":[{"count":0,"href":"https:\/\/redsemlac.com\/semmexico\/wp-json\/wp\/v2\/posts\/53323\/revisions"}],"wp:featuredmedia":[{"embeddable":true,"href":"https:\/\/redsemlac.com\/semmexico\/wp-json\/wp\/v2\/media\/53324"}],"wp:attachment":[{"href":"https:\/\/redsemlac.com\/semmexico\/wp-json\/wp\/v2\/media?parent=53323"}],"wp:term":[{"taxonomy":"category","embeddable":true,"href":"https:\/\/redsemlac.com\/semmexico\/wp-json\/wp\/v2\/categories?post=53323"},{"taxonomy":"post_tag","embeddable":true,"href":"https:\/\/redsemlac.com\/semmexico\/wp-json\/wp\/v2\/tags?post=53323"}],"curies":[{"name":"wp","href":"https:\/\/api.w.org\/{rel}","templated":true}]}}