{"id":5331,"date":"2019-02-08T18:01:26","date_gmt":"2019-02-08T18:01:26","guid":{"rendered":"https:\/\/redsemlac.com\/semmexico\/?p=5331"},"modified":"2023-07-21T14:46:09","modified_gmt":"2023-07-21T19:46:09","slug":"estamos-a-casi-un-ano-de-la-aprobacion-y-seria-importante-socializar-toda-esta-informacion","status":"publish","type":"post","link":"https:\/\/redsemlac.com\/semmexico\/estamos-a-casi-un-ano-de-la-aprobacion-y-seria-importante-socializar-toda-esta-informacion\/","title":{"rendered":"Estamos a casi un a\u00f1o de la aprobaci\u00f3n y ser\u00eda importante socializar toda esta informaci\u00f3n"},"content":{"rendered":"\n<p class=\"wp-block-paragraph\"><a href=\"https:\/\/www.semmexico.com\/gallery-post.php?id=3985#\">Magaly Rodriguez<\/a><\/p>\n\n\n\n<p class=\"wp-block-paragraph\">SemM\u00e9xico. Chilpancingo, Guerrero, 8 de febrero de 2018.- Falta difusi\u00f3n de las modificaciones hechas al C\u00f3digo Civil del Estado de Guerrero, en beneficio de las mujeres, derivadas de la declaratoria de la Alerta de Violencia de Genero (AVG) y de las figuras jur\u00eddicas como las \u00f3rdenes de protecci\u00f3n, para que realmente se apliquen y que un caso de violencia familiar, no termine en feminicidio, se\u00f1alan activistas, y funcionarias.<br>En el marco de la Semana Jur\u00eddica con motivo del 101 Aniversario de la Constituci\u00f3n Pol\u00edtica de los Estados Unidos Mexicanos, la Secretar\u00eda de la Juventud, realiz\u00f3 El Panel de Mujeres J\u00f3venes \u201cDiscutiendo las reformas al C\u00f3digo Civil del Estado de Guerrero\u201d, en el que participaron, Yolitzin Jaimes Rend\u00f3n, activista de la organizaci\u00f3n \u201cColectiva Camina Violeta\u201d, Sol Camiri Robles Ben\u00edtez, feminista y polit\u00f3loga, as\u00ed como Mayra Mart\u00ednez Pineda, titular de la Secretaria de la Mujer (Semujer), del Gobierno del Estado.<br>Yuridia Melchor S\u00e1nchez, Presidenta de la Comisi\u00f3n para la Igualdad de G\u00e9nero del Congreso del Estado, destac\u00f3 la importancia de los cambios y actualizaciones que en raz\u00f3n de la declaratoria de Alerta de Violencia de Genero (AVG), impuls\u00f3 el Poder Legislativo, para adecuar los marcos normativos, que dieran cumplimiento a las observaciones hechas por la Comisi\u00f3n Nacional para Prevenir y Erradicar la Violencia contra las Mujeres (Conavim), para el Estado de Guerrero.&nbsp;<br>A pesar de la importancia de que dichas reformas sean conocidas no solo por quienes ejercen el derecho, sino por qui\u00e9nes se benefician con ellas, dichos cambios, no han sido lo suficientemente difundidos y hay desconocimiento tanto de su existencia como de su aplicaci\u00f3n.&nbsp;<br>Entre las reformas recomendadas por la Conavim, mencionaron la prohibici\u00f3n del matrimonio infantil, la eliminaci\u00f3n del adulterio como causal de divorcio, la eliminaci\u00f3n de la emancipaci\u00f3n por matrimonio y las dispensas para contraerlo, la eliminaci\u00f3n del requisito de informar al oficial del Registro civil, cuando alguno de los contrayentes o los dos hayan sido casados, la inclusi\u00f3n en las actas de defunci\u00f3n, la violencia familiar o de g\u00e9nero como causales de fallecimiento, reforma del art\u00edculo 553 que no permite el reconocimiento de hijas o hijos de mujer casada con otro hombre distinto al marido, reconocer la violencia contra la mujer en cualquiera de sus tipos y modalidades como impedimento para contraer matrimonio, el reconocimiento de la figura de medidas de protecci\u00f3n en caso de violencia familiar.&nbsp;<br>Dichas reformas, fueron presentadas en diciembre del 2016, aprobadas en marzo del 2017 y publicados en mayo de ese mismo a\u00f1o, \u201cestamos a casi un a\u00f1o de la aprobaci\u00f3n y ser\u00eda importante socializar toda esta informaci\u00f3n\u201d, expuso la legisladora local.<br>Yolitzin Jaimes Rend\u00f3n, activista de la organizaci\u00f3n \u201cColectiva Camina Violeta\u201d, se pronunci\u00f3 porque las \u00f3rdenes de protecci\u00f3n en caso de violencia familiar, realmente sean aplicadas, que cuando una mujer denuncie un caso de agresi\u00f3n, haya una real intervenci\u00f3n de la fuerza p\u00fablica en un primer momento, as\u00ed como del resto de las instancias que deben de intervenir, como el Ministerio P\u00fablico (MP), que emita la orden de restricci\u00f3n cuando as\u00ed lo amerite el caso, y evitar que la violencia familiar, derive en un feminicidio como ha venido ocurriendo.<br>La polit\u00f3loga Sol Camiri Robles Ben\u00edtez, se\u00f1al\u00f3 que si bien es cierto, el pa\u00eds se encuentra inmerso en un ambiente de violencia, las razones por las que las mujeres son violentadas y asesinadas, son completamente distintas de las que fallecen los hombres, y para reconocerlas, eran necesarias las reformas de distintos ordenamientos jur\u00eddicos, como el C\u00f3digo Civil.&nbsp;<br>Mayra Mart\u00ednez Pineda, titular de la Semujer, expuso que el Gobierno del Estado, ha aceptado, que la declaratoria de Alerta de Violencia de G\u00e9nero, no es un desprestigio, focalizaci\u00f3n o choque entre grupos, alteraci\u00f3n de la armon\u00eda de la sociedad, \u201clo que s\u00ed es, es un mecanismo de protecci\u00f3n de los derechos humanos de nosotras, eso s\u00ed es la alerta de g\u00e9nero\u201d sostuvo.<br>SEM\/gr<br><\/p>\n","protected":false},"excerpt":{"rendered":"<p>Magaly Rodriguez SemM\u00e9xico. Chilpancingo, Guerrero, 8 de febrero de 2018.- Falta difusi\u00f3n de las modificaciones hechas al C\u00f3digo Civil del Estado de Guerrero, en beneficio de las mujeres, derivadas de la declaratoria de la Alerta de Violencia de Genero (AVG) y de las figuras jur\u00eddicas como las \u00f3rdenes de protecci\u00f3n, para que realmente se apliquen [&hellip;]<\/p>\n","protected":false},"author":3,"featured_media":5332,"comment_status":"open","ping_status":"open","sticky":false,"template":"","format":"standard","meta":{"_monsterinsights_skip_tracking":false,"footnotes":""},"categories":[690,50,1],"tags":[],"class_list":["post-5331","post","type-post","status-publish","format-standard","has-post-thumbnail","category-690","category-congreso","category-uncategorized"],"_links":{"self":[{"href":"https:\/\/redsemlac.com\/semmexico\/wp-json\/wp\/v2\/posts\/5331","targetHints":{"allow":["GET"]}}],"collection":[{"href":"https:\/\/redsemlac.com\/semmexico\/wp-json\/wp\/v2\/posts"}],"about":[{"href":"https:\/\/redsemlac.com\/semmexico\/wp-json\/wp\/v2\/types\/post"}],"author":[{"embeddable":true,"href":"https:\/\/redsemlac.com\/semmexico\/wp-json\/wp\/v2\/users\/3"}],"replies":[{"embeddable":true,"href":"https:\/\/redsemlac.com\/semmexico\/wp-json\/wp\/v2\/comments?post=5331"}],"version-history":[{"count":0,"href":"https:\/\/redsemlac.com\/semmexico\/wp-json\/wp\/v2\/posts\/5331\/revisions"}],"wp:featuredmedia":[{"embeddable":true,"href":"https:\/\/redsemlac.com\/semmexico\/wp-json\/wp\/v2\/media\/5332"}],"wp:attachment":[{"href":"https:\/\/redsemlac.com\/semmexico\/wp-json\/wp\/v2\/media?parent=5331"}],"wp:term":[{"taxonomy":"category","embeddable":true,"href":"https:\/\/redsemlac.com\/semmexico\/wp-json\/wp\/v2\/categories?post=5331"},{"taxonomy":"post_tag","embeddable":true,"href":"https:\/\/redsemlac.com\/semmexico\/wp-json\/wp\/v2\/tags?post=5331"}],"curies":[{"name":"wp","href":"https:\/\/api.w.org\/{rel}","templated":true}]}}