{"id":5328,"date":"2018-02-21T17:56:18","date_gmt":"2018-02-21T17:56:18","guid":{"rendered":"https:\/\/redsemlac.com\/semmexico\/?p=5328"},"modified":"2023-07-21T14:30:47","modified_gmt":"2023-07-21T19:30:47","slug":"buscan-llevar-yoga-a-escuelas-de-educacion-basica","status":"publish","type":"post","link":"https:\/\/redsemlac.com\/semmexico\/buscan-llevar-yoga-a-escuelas-de-educacion-basica\/","title":{"rendered":"Buscan llevar yoga a escuelas de educaci\u00f3n b\u00e1sica"},"content":{"rendered":"\n<p class=\"wp-block-paragraph\"><a href=\"https:\/\/www.semmexico.com\/gallery-post.php?id=4054#\">Redacci\u00f3n<\/a><\/p>\n\n\n\n<p class=\"wp-block-paragraph\">SemM\u00e9xico. Cd. de M\u00e9xico, 21 febrero 2018.- Al reconocer la gravedad de los niveles de acoso o bullying en las escuelas, las senadoras Luz Mar\u00eda Beristain Navarrete y Diva Hadamira Gast\u00e9lum Bajo se comprometieron a respaldar la propuesta de organizaciones civiles para incluir el yoga deportivo en las escuelas de educaci\u00f3n b\u00e1sica.<br><br>La legisladora del Grupo Parlamentario del Partido del Trabajo (PT) recibi\u00f3 la propuesta de los presidentes de la Fundaci\u00f3n Honoris Causa Marco Tardelli y la Federaci\u00f3n Mexicana de Yoga Deportivo, Liliana S\u00e1nchez, durante actividades art\u00edsticas y educativas en la sede del Senado.<br><br>Beristain Navarrete presentar\u00e1 la propuesta como iniciativa de adici\u00f3n a la fracci\u00f3n I del art\u00edculo 59 de la Ley General de los Derechos de Ni\u00f1as, Ni\u00f1os y Adolescentes, ante el aumento de violencia entre estudiantes.<br><br>La senadora del Grupo Parlamentario del Partido Revolucionario Institucional (PRI) anunci\u00f3 que respaldar\u00e1 la propuesta, al ser compromiso de las senadoras y senadores emprender las acciones legislativas que sirvan para restablecer la tranquilidad, en especial dar garant\u00edas para un \u00f3ptimo desarrollo de ni\u00f1as, ni\u00f1os y adolescentes.<br><br>El estudio del organismo Internacional Bullying Sin Fronteras para Am\u00e9rica Latina y Espa\u00f1a, realizado entre noviembre de 2016 y el mismo mes de 2017, se\u00f1ala que M\u00e9xico es el pa\u00eds donde m\u00e1s maltrato escolar se registra.<br><br>Precisa que 7 de cada 10 estudiantes del nivel b\u00e1sico sufren a diario alg\u00fan de tipo de acoso; es decir, 28 millones de ni\u00f1os y adolescentes enfrentan esta situaci\u00f3n, indica la iniciativa de la senadora del Grupo Parlamentario del PT.<br><br>El art\u00edculo 59 de la ley en menci\u00f3n refiere que, \u201csin perjuicio de lo dispuesto en otras disposiciones aplicables, las autoridades competentes llevar\u00e1n a cabo las acciones necesarias para propiciar las condiciones id\u00f3neas para crear un ambiente libre de violencia en las instituciones educativas\u201d.<br><br>La adici\u00f3n propuesta precisa: \u201cDichas estrategias y acciones sin ser limitativo podr\u00e1n complementarse por medio de la impartici\u00f3n de actividades f\u00edsico-deportivas, que fomenten la meditaci\u00f3n y relajaci\u00f3n mental, en el marco del Estado Laico, velando en todo momento por el inter\u00e9s superior de la ni\u00f1ez y en pleno cumplimiento con los tratados internacionales de la materia de los que M\u00e9xico sea parte\u201d.<br><br>Durante el foro \u201cYoga en la educaci\u00f3n b\u00e1sica\u201d, realizado en salones del edificio del Hemiciclo, los especialistas explicaron que el yoga reduce la ansiedad en los ni\u00f1os, y les fomenta el respeto hacia su persona y los dem\u00e1s, lo cual permite generar un ambiente de cordialidad y tranquilidad. Adem\u00e1s, proporciona las herramientas para lograr una mayor atenci\u00f3n y mejor aprendizaje, lo que a su vez mejora el rendimiento escolar.<br><br>SEM\/gr\/gl<br><br><\/p>\n","protected":false},"excerpt":{"rendered":"<p>Redacci\u00f3n SemM\u00e9xico. Cd. de M\u00e9xico, 21 febrero 2018.- Al reconocer la gravedad de los niveles de acoso o bullying en las escuelas, las senadoras Luz Mar\u00eda Beristain Navarrete y Diva Hadamira Gast\u00e9lum Bajo se comprometieron a respaldar la propuesta de organizaciones civiles para incluir el yoga deportivo en las escuelas de educaci\u00f3n b\u00e1sica. La legisladora [&hellip;]<\/p>\n","protected":false},"author":3,"featured_media":5329,"comment_status":"open","ping_status":"open","sticky":false,"template":"","format":"standard","meta":{"_monsterinsights_skip_tracking":false,"footnotes":""},"categories":[689,50],"tags":[],"class_list":["post-5328","post","type-post","status-publish","format-standard","has-post-thumbnail","category-689","category-congreso"],"_links":{"self":[{"href":"https:\/\/redsemlac.com\/semmexico\/wp-json\/wp\/v2\/posts\/5328","targetHints":{"allow":["GET"]}}],"collection":[{"href":"https:\/\/redsemlac.com\/semmexico\/wp-json\/wp\/v2\/posts"}],"about":[{"href":"https:\/\/redsemlac.com\/semmexico\/wp-json\/wp\/v2\/types\/post"}],"author":[{"embeddable":true,"href":"https:\/\/redsemlac.com\/semmexico\/wp-json\/wp\/v2\/users\/3"}],"replies":[{"embeddable":true,"href":"https:\/\/redsemlac.com\/semmexico\/wp-json\/wp\/v2\/comments?post=5328"}],"version-history":[{"count":0,"href":"https:\/\/redsemlac.com\/semmexico\/wp-json\/wp\/v2\/posts\/5328\/revisions"}],"wp:featuredmedia":[{"embeddable":true,"href":"https:\/\/redsemlac.com\/semmexico\/wp-json\/wp\/v2\/media\/5329"}],"wp:attachment":[{"href":"https:\/\/redsemlac.com\/semmexico\/wp-json\/wp\/v2\/media?parent=5328"}],"wp:term":[{"taxonomy":"category","embeddable":true,"href":"https:\/\/redsemlac.com\/semmexico\/wp-json\/wp\/v2\/categories?post=5328"},{"taxonomy":"post_tag","embeddable":true,"href":"https:\/\/redsemlac.com\/semmexico\/wp-json\/wp\/v2\/tags?post=5328"}],"curies":[{"name":"wp","href":"https:\/\/api.w.org\/{rel}","templated":true}]}}