{"id":53277,"date":"2022-07-18T15:12:01","date_gmt":"2022-07-18T21:12:01","guid":{"rendered":"https:\/\/redsemlac.com\/semmexico\/?p=53277"},"modified":"2023-07-21T19:09:28","modified_gmt":"2023-07-22T00:09:28","slug":"mujeres-y-politica-cedaw-42-anos-despues","status":"publish","type":"post","link":"https:\/\/redsemlac.com\/semmexico\/mujeres-y-politica-cedaw-42-anos-despues\/","title":{"rendered":"Mujeres y Pol\u00edtica| \u00a0CEDAW, 42 a\u00f1os despu\u00e9s"},"content":{"rendered":"\n<p class=\"wp-block-paragraph\"><strong>Soledad Jarqu\u00edn Edgar<\/strong><\/p>\n\n\n\n<p class=\"wp-block-paragraph\">SemM\u00e9xico, Oaxaca, 18 de julio del 2022.- Este domingo se cumplieron 42 a\u00f1os desde que M\u00e9xico suscribi\u00f3 la Convenci\u00f3n sobre la Eliminaci\u00f3n de todas las formas de Discriminaci\u00f3n contra la Mujer (CEDAW, por sus siglas en ingl\u00e9s), lo que ocurri\u00f3 un 17 de julio de 1980 y nueve meses despu\u00e9s fue ratificada un 23 de marzo de 1981.<\/p>\n\n\n\n<p class=\"wp-block-paragraph\">Tras la reforma constitucional de 2011, instrumentos como la CEDAW, un tratado internacional de derechos humanos de las mujeres, adquiere un nivel jer\u00e1rquico igual que los derechos contenidos en la Constituci\u00f3n, por lo que el Estado Mexicano obligado a cumplir.<\/p>\n\n\n\n<p class=\"wp-block-paragraph\">CEDAW reconoce las distintas formas de discriminaci\u00f3n contra las mujeres, la desigualdad persistente; establece par\u00e1metros, l\u00edneas de acci\u00f3n, para que los Estados emprendan pol\u00edticas p\u00fablicas, y mejor a\u00fan, permite a las mujeres reclamar derechos, mediante un mecanismo de denuncias. La vigilancia al cumplimiento de la responsabilidad de cada Estado est\u00e1 en manos de 23 expertas que conforman un Comit\u00e9 CEDAW.<\/p>\n\n\n\n<p class=\"wp-block-paragraph\">EN 2019, Gloria Ram\u00edrez, Coordinadora de la C\u00e1tedra UNESCO de Derechos Humanos de la UNAM, en un an\u00e1lisis se\u00f1al\u00f3 que M\u00e9xico ha recibido 201 recomendaciones por parte del Comit\u00e9 CEDAW.<\/p>\n\n\n\n<p class=\"wp-block-paragraph\">Y este tipo de justicia que se busca fuera del pa\u00eds, es lo que yo llamo la \u201c\u00faltima puerta\u201d que se deja a las v\u00edctimas directas e indirectas de las diversas formas de hechos derivados de la discriminaci\u00f3n y desigualdad en el que sobreviven las mujeres o la mayor\u00eda de ellas en un pa\u00eds que no les garantiza sus derechos humanos.<\/p>\n\n\n\n<p class=\"wp-block-paragraph\">CEDAW establece como forma de discriminaci\u00f3n la violencia de g\u00e9nero contra las mujeres, un asunto que en M\u00e9xico no disminuye sino crece de forma sistem\u00e1tica. En 2018, se emitieron diversas recomendaciones al respecto y visto desde este lugar, est\u00e1 claro no han sido cumplidas por el Estado Mexicano.<\/p>\n\n\n\n<p class=\"wp-block-paragraph\">Una de ellas fue reforzar la estrategia de seguridad para luchar contra la delincuencia organizada. La otra campa\u00f1as y actividades p\u00fablicas para el conocimiento de los derechos humanos de las mujeres; capacitaci\u00f3n a jueces, fiscales y otros trabajadores de \u00e1reas afines en materia de derechos humanos e igualdad de g\u00e9nero; estrategias contra el machismo y los estereotipos discriminatorios, y medidas urgentes para prevenir las muertes violentas, los asesinatos y las desapariciones forzadas de mujeres.<\/p>\n\n\n\n<p class=\"wp-block-paragraph\">\u00a1Sorpresa! Poco o nada se ha hecho para resarcir el da\u00f1o y s\u00ed mucha \u201cpol\u00edtica de simulaci\u00f3n\u201d. La CEDAW est\u00e1 ah\u00ed, tenemos que tomarla, porque es la \u00faltima puerta y tenemos que hacer que las recomendaciones se cumplan de verdad.<\/p>\n","protected":false},"excerpt":{"rendered":"<p>Este domingo se cumplieron 42 a\u00f1os desde que M\u00e9xico suscribi\u00f3 la Convenci\u00f3n sobre la Eliminaci\u00f3n de todas las formas de Discriminaci\u00f3n contra la Mujer (CEDAW, por sus siglas en ingl\u00e9s), lo que ocurri\u00f3 un 17 de julio de 1980 y nueve meses despu\u00e9s fue ratificada un 23 de marzo de 1981.<\/p>\n","protected":false},"author":3,"featured_media":8460,"comment_status":"open","ping_status":"open","sticky":false,"template":"","format":"standard","meta":{"_monsterinsights_skip_tracking":false,"footnotes":""},"categories":[693,96],"tags":[459],"class_list":["post-53277","post","type-post","status-publish","format-standard","has-post-thumbnail","category-693","category-mujeres-y-politica","tag-opinion"],"_links":{"self":[{"href":"https:\/\/redsemlac.com\/semmexico\/wp-json\/wp\/v2\/posts\/53277","targetHints":{"allow":["GET"]}}],"collection":[{"href":"https:\/\/redsemlac.com\/semmexico\/wp-json\/wp\/v2\/posts"}],"about":[{"href":"https:\/\/redsemlac.com\/semmexico\/wp-json\/wp\/v2\/types\/post"}],"author":[{"embeddable":true,"href":"https:\/\/redsemlac.com\/semmexico\/wp-json\/wp\/v2\/users\/3"}],"replies":[{"embeddable":true,"href":"https:\/\/redsemlac.com\/semmexico\/wp-json\/wp\/v2\/comments?post=53277"}],"version-history":[{"count":0,"href":"https:\/\/redsemlac.com\/semmexico\/wp-json\/wp\/v2\/posts\/53277\/revisions"}],"wp:featuredmedia":[{"embeddable":true,"href":"https:\/\/redsemlac.com\/semmexico\/wp-json\/wp\/v2\/media\/8460"}],"wp:attachment":[{"href":"https:\/\/redsemlac.com\/semmexico\/wp-json\/wp\/v2\/media?parent=53277"}],"wp:term":[{"taxonomy":"category","embeddable":true,"href":"https:\/\/redsemlac.com\/semmexico\/wp-json\/wp\/v2\/categories?post=53277"},{"taxonomy":"post_tag","embeddable":true,"href":"https:\/\/redsemlac.com\/semmexico\/wp-json\/wp\/v2\/tags?post=53277"}],"curies":[{"name":"wp","href":"https:\/\/api.w.org\/{rel}","templated":true}]}}