{"id":53271,"date":"2022-07-18T10:10:57","date_gmt":"2022-07-18T16:10:57","guid":{"rendered":"https:\/\/redsemlac.com\/semmexico\/?p=53271"},"modified":"2023-07-21T19:09:29","modified_gmt":"2023-07-22T00:09:29","slug":"nexos-con-el-feminismo-a-debate-desde-un-libro","status":"publish","type":"post","link":"https:\/\/redsemlac.com\/semmexico\/nexos-con-el-feminismo-a-debate-desde-un-libro\/","title":{"rendered":"Nexos con el feminismo a debate desde un libro"},"content":{"rendered":"\n<p class=\"wp-block-paragraph\"><strong>Dixie Edith<\/strong><\/p>\n\n\n\n<p class=\"wp-block-paragraph\">SemM\u00e9xico\/SEMlac, La Habana, Cuba, 18 de julio del 2022.- Como un libro donde \u00abse unen voces de mujeres muy fuertes\u00bb fue catalogado<a href=\"https:\/\/www.oceansur.com\/uploads\/libro\/2022\/04\/13\/mujeres-en-revolucion.pdf\" target=\"_blank\" rel=\"noreferrer noopener\"><em>\u00a0Mujeres en Revoluci\u00f3n. Coordenadas para un feminismo cubano socialista<\/em><\/a>, volumen presentado este 11 de julio en la sede de la Federaci\u00f3n de Mujeres Cubanas (FMC) en La Habana.<\/p>\n\n\n\n<p class=\"wp-block-paragraph\"><br>Compilado por la psic\u00f3loga Karima Oliva y publicado por la editorial Ocean Sur, se trata de una recopilaci\u00f3n de textos \u00abcon la intenci\u00f3n de entretejer miradas diferentes, desde lugares y experiencias de lucha diversas en Am\u00e9rica Latina, para una aproximaci\u00f3n compleja a la cuesti\u00f3n feminista\u00bb, seg\u00fan se declara en las palabras introductorias de la propia Oliva.<\/p>\n\n\n\n<p class=\"wp-block-paragraph\"><br>La presentaci\u00f3n, que inici\u00f3 un ciclo de varias durante toda la semana ante p\u00fablicos diversos, cont\u00f3 con la presencia de Teresa Amarelle, secretaria general de la Federaci\u00f3n de Mujeres Cubanas (FMC) e In\u00e9s Mar\u00eda Chapman, viceprimera ministra de la Rep\u00fablica de Cuba.<\/p>\n\n\n\n<p class=\"wp-block-paragraph\"><br>A juicio de Amarelle, en la selecci\u00f3n hay art\u00edculos muy interesantes para lograr una mirada amplia sobre el pensamiento de diversas personalidades de la historia y la actualidad.<\/p>\n\n\n\n<p class=\"wp-block-paragraph\"><br>\u00abPero quiero resaltar, en particular, que nuestra FMC, a lo largo de su trayectoria, ha tenido siempre relaciones con el movimiento feminista y ha participado en muchas de sus reuniones, solidariz\u00e1ndose con sus luchas\u00bb, insisti\u00f3.<br>En alrededor de 240 p\u00e1ginas se recogen textos de te\u00f3ricas y activistas feministas como Marielle Franco, Marcela Lagarde, Fanny Edelman o Angela Davis, entre otras, pero tambi\u00e9n de luchadoras populares por los derechos de las mujeres como\u00a0<a href=\"https:\/\/www.redsemlac-cuba.net\/redsemlac\/sociedad-y-cultura\/berta-caceres-un-rio-de-muchos-afluentes\/\" target=\"_blank\" rel=\"noreferrer noopener\">Berta C\u00e1ceres<\/a>\u00a0y Sylvia Marcos, o de Vilma Esp\u00edn, fundadora de la FMC.<\/p>\n\n\n\n<p class=\"wp-block-paragraph\"><br>A partir de reflexiones, testimonios y an\u00e1lisis de esas y otras muchas autoras, se identifican en el libro puntos de encuentro entre el feminismo popular y de vocaci\u00f3n marxista, las luchas de las mujeres dentro de las comunidades ind\u00edgenas zapatistas, el feminismo negro estadounidense o las experiencias de la FMC en Cuba.<\/p>\n\n\n\n<p class=\"wp-block-paragraph\"><br>Tambi\u00e9n se abordan \u00abla junci\u00f3n entre la causa feminista y la causa revolucionaria, la lucha de clases; segundo, la dualidad con los hombres, que no son vistos como enemigos, sino como compa\u00f1eros, que desde ese lugar de compartir codo a codo una lucha debe ser interpelados y convocados a reaprender las formas de representarse y asumir las relaciones de g\u00e9nero\u00bb, precisa Oliva.<\/p>\n\n\n\n<p class=\"wp-block-paragraph\"><br>Para\u00a0<a href=\"https:\/\/directoriogenero.redsemlac-cuba.net\/mariela-castro-espin-la-habana-1962\/\" target=\"_blank\" rel=\"noreferrer noopener\">Mariela Castro Esp\u00edn<\/a>, presentadora del volumen, se trata de un texto muy necesario pues \u00abparte de reconocer el liderazgo de la FMC en las luchas por la igualdad, en los contextos hist\u00f3ricos concretos del proceso revolucionario cubano, que constituy\u00f3 en s\u00ed mismo un est\u00edmulo y un referente importante para los movimientos sociales de liberaci\u00f3n nacional en todas las naciones oprimidas\u00bb.<\/p>\n\n\n\n<p class=\"wp-block-paragraph\"><br>El estrecho v\u00ednculo que existe entre la Revoluci\u00f3n cubana, la FMC y las perspectivas feministas marxistas-leninistas, anticapitalistas, populares, anticolonialistas, las del Abya Yala, las comunitarias y ambientalistas, entre otras, \u00abson elementos que no se pueden disociar\u00bb, precis\u00f3 Castro Esp\u00edn, directora del Centro Nacional de Educaci\u00f3n Sexual (CENESEX).<\/p>\n\n\n\n<p class=\"wp-block-paragraph\"><br><a href=\"https:\/\/www.oceansur.com\/\" target=\"_blank\" rel=\"noreferrer noopener\">Ocean Sur<\/a>, a cargo de la edici\u00f3n, se presenta como una casa editorial regional que ofrece a sus lectores \u00ablas voces del pensamiento revolucionario de Am\u00e9rica Latina de todos los tiempos\u00bb, inspirada en \u00abla diversidad \u00e9tnica, cultural y de g\u00e9nero\u00bb. Desde esas perspectivas desarrolla m\u00faltiples l\u00edneas editoriales que divulgan las reivindicaciones y los proyectos de transformaci\u00f3n social del continente.<\/p>\n\n\n\n<p class=\"wp-block-paragraph\"><br>\u00abComo parte de su cat\u00e1logo ha publicado textos sobre la vida y obra de mujeres transcendentales en la historia: Rosa Luxemburgo, Alexandra Kollontai, Vilma Esp\u00edn, Celia S\u00e1nchez y Haydee Santamar\u00eda\u00bb, explic\u00f3 a SEMlac Ana Mar\u00eda Cabrera coordinadora de producci\u00f3n editorial.<\/p>\n\n\n\n<p class=\"wp-block-paragraph\"><br>Otros textos como\u00a0<em>Feminismo y marxismo<\/em>, compilado por\u00a0<a href=\"https:\/\/directoriogenero.redsemlac-cuba.net\/georgina-alfonso-1966\/\" target=\"_blank\" rel=\"noreferrer noopener\">Georgina Alfonso<\/a>, directora del Instituto de Filosof\u00eda y<em>\u00a0La mujer en el desarrollo social<\/em>, selecci\u00f3n de textos de la marxista y feminista sovi\u00e9tica Alexandra Kollontai, entre otras, son parte de ese esfuerzo.<\/p>\n\n\n\n<p class=\"wp-block-paragraph\"><br>Sin embargo, en ese inter\u00e9s por divulgar las reivindicaciones sociales y los proyectos de transformaci\u00f3n en Am\u00e9rica Latina y el mundo, una de las aristas menos trabajadas por Ocean Sur ha sido el g\u00e9nero y el feminismo, explic\u00f3 Cabrera.<\/p>\n\n\n\n<p class=\"wp-block-paragraph\"><br>\u00abEste libro y otros que est\u00e1n en proceso vienen a saldar parte de esta deuda. Es tambi\u00e9n una manera de reconocer el papel de la mujer en la transformaci\u00f3n de una sociedad m\u00e1s justa\u00bb, precis\u00f3 la coordinadora editorial de Ocean Sur.<\/p>\n\n\n\n<p class=\"wp-block-paragraph\"><br>Justamente, el \u00faltimo n\u00famero de la revista\u00a0<a href=\"https:\/\/oceansur.com\/uploads\/libro\/2022\/07\/07\/revista-contexto-latinoamericano-08.pdf\" target=\"_blank\" rel=\"noreferrer noopener\">Contexto Latinoamericano<\/a>, tambi\u00e9n producida por Ocean Sur, incorpora un amplio dossier sobre g\u00e9nero y feminismos y se encuentran en preparaci\u00f3n otros proyectos conjuntos con la propia FMC y el Centro Nacional de Educaci\u00f3n Sexual (CENESEX).<\/p>\n\n\n\n<p class=\"wp-block-paragraph\"><br>Para Karima Oliva, m\u00e1s de medio siglo despu\u00e9s de la fundaci\u00f3n de la FMC ser\u00eda \u00abmuy estimulante y revitalizador para ella, apropiarnos del imaginario feminista e integrarlo a nuestra filosof\u00eda de trabajo\u00bb.<\/p>\n\n\n\n<p class=\"wp-block-paragraph\"><br>\u00abReconocerse en el feminismo constituye una ventaja de cara a actualizar el liderazgo de la FMC ante las nuevas generaciones de mujeres cubanas, que buscan con inquietud referentes feministas, est\u00e1n conectadas globalmente y pueden acompa\u00f1ar la agenda de los movimientos feministas del mundo entero desde un dispositivo m\u00f3vil, est\u00e1n asimilando una narrativa con enfoque de g\u00e9nero, van ganando conciencia de g\u00e9nero y desean participar pol\u00edticamente desde ese lugar\u00bb, precis\u00f3 la compiladora.<\/p>\n\n\n\n<p class=\"wp-block-paragraph\">SEM\/MG<\/p>\n","protected":false},"excerpt":{"rendered":"<p>Como un libro donde \u00abse unen voces de mujeres muy fuertes\u00bb fue catalogado\u00a0Mujeres en Revoluci\u00f3n. Coordenadas para un feminismo cubano socialista, volumen presentado este 11 de julio en la sede de la Federaci\u00f3n de Mujeres Cubanas (FMC) en La Habana.<\/p>\n","protected":false},"author":3,"featured_media":53272,"comment_status":"open","ping_status":"open","sticky":false,"template":"","format":"standard","meta":{"_monsterinsights_skip_tracking":false,"footnotes":""},"categories":[693,45,46],"tags":[],"class_list":["post-53271","post","type-post","status-publish","format-standard","has-post-thumbnail","category-693","category-cultura","category-cultura-cultura"],"_links":{"self":[{"href":"https:\/\/redsemlac.com\/semmexico\/wp-json\/wp\/v2\/posts\/53271","targetHints":{"allow":["GET"]}}],"collection":[{"href":"https:\/\/redsemlac.com\/semmexico\/wp-json\/wp\/v2\/posts"}],"about":[{"href":"https:\/\/redsemlac.com\/semmexico\/wp-json\/wp\/v2\/types\/post"}],"author":[{"embeddable":true,"href":"https:\/\/redsemlac.com\/semmexico\/wp-json\/wp\/v2\/users\/3"}],"replies":[{"embeddable":true,"href":"https:\/\/redsemlac.com\/semmexico\/wp-json\/wp\/v2\/comments?post=53271"}],"version-history":[{"count":0,"href":"https:\/\/redsemlac.com\/semmexico\/wp-json\/wp\/v2\/posts\/53271\/revisions"}],"wp:featuredmedia":[{"embeddable":true,"href":"https:\/\/redsemlac.com\/semmexico\/wp-json\/wp\/v2\/media\/53272"}],"wp:attachment":[{"href":"https:\/\/redsemlac.com\/semmexico\/wp-json\/wp\/v2\/media?parent=53271"}],"wp:term":[{"taxonomy":"category","embeddable":true,"href":"https:\/\/redsemlac.com\/semmexico\/wp-json\/wp\/v2\/categories?post=53271"},{"taxonomy":"post_tag","embeddable":true,"href":"https:\/\/redsemlac.com\/semmexico\/wp-json\/wp\/v2\/tags?post=53271"}],"curies":[{"name":"wp","href":"https:\/\/api.w.org\/{rel}","templated":true}]}}