{"id":53268,"date":"2022-07-18T10:06:20","date_gmt":"2022-07-18T16:06:20","guid":{"rendered":"https:\/\/redsemlac.com\/semmexico\/?p=53268"},"modified":"2023-07-21T19:09:29","modified_gmt":"2023-07-22T00:09:29","slug":"cuba-especialistas-defienden-valores-de-la-educacion-integral-de-la-sexualidad","status":"publish","type":"post","link":"https:\/\/redsemlac.com\/semmexico\/cuba-especialistas-defienden-valores-de-la-educacion-integral-de-la-sexualidad\/","title":{"rendered":"Cuba: Especialistas defienden valores de la educaci\u00f3n integral de la sexualidad"},"content":{"rendered":"\n<p class=\"wp-block-paragraph\"><strong>Redacci\u00f3n<\/strong><strong><\/strong><\/p>\n\n\n\n<p class=\"wp-block-paragraph\">SemM\u00e9xico\/SEMlac, La Habana, Cuba, 18 de julio del 2022. &#8211; Aun cuando desde el punto de vista legislativo Cuba avanza en materia de educaci\u00f3n integral de la sexualidad, especialistas consideran que urge desmontar formas de comportamiento y percepci\u00f3n de las infancias que limitan\u00a0<a href=\"https:\/\/www.redsemlac-cuba.net\/redsemlac\/sociedad-y-cultura\/la-educacion-integral-la-sexualidad-acelera-el-desarrollo\/\" target=\"_blank\" rel=\"noreferrer noopener\">efectividad en el ejercicio de sus derechos<\/a>.<\/p>\n\n\n\n<p class=\"wp-block-paragraph\"><br>Rachel Fraga, asesora jur\u00eddica del Centro Nacional de Educaci\u00f3n Sexual (CENESEX), se\u00f1al\u00f3 que para ello es esencial trabajar con las familias, \u00abese espacio primario, eslab\u00f3n fundamental en la formaci\u00f3n de ni\u00f1as, ni\u00f1os y adolescentes, que ha estado caracterizado hasta el momento por una visi\u00f3n marcadamente adultocentrista\u00bb.<\/p>\n\n\n\n<p class=\"wp-block-paragraph\"><br>Sobre el tema debatieron el pasado 13 de julio en el grupo de Telegram Familia y Sexualidad, como parte de las\u00a0<a href=\"https:\/\/www.redsemlac-cuba.net\/redsemlac\/violencia\/jornadas-por-la-infancia-se-enfocan-en-prevencion-de-violencia-sexual\/\" target=\"_blank\" rel=\"noreferrer noopener\">jornadas Hablemos de sexualidad: aprender para la vida<\/a>, que hasta el 28 de septiembre desarrolla actividades con la educaci\u00f3n integral de la sexualidad como centro de las acciones.<\/p>\n\n\n\n<p class=\"wp-block-paragraph\"><br><a href=\"https:\/\/www.redsemlac-cuba.net\/redsemlac\/sociedad-y-cultura\/educacion-integral-de-la-sexualidad-derecho-de-la-infancia\/\" target=\"_blank\" rel=\"noreferrer noopener\">El derecho a una educaci\u00f3n integral de la sexualidad<\/a>, especialmente el derecho que tienen infantes y adolescentes a recibir informaci\u00f3n adecuada sobre estos asuntos, es una de las cuestiones que debemos defender, dijo la moderadora del espacio Carla Padr\u00f3n, especialista del CENESEX.<\/p>\n\n\n\n<p class=\"wp-block-paragraph\"><br><a href=\"https:\/\/www.redsemlac-cuba.net\/redsemlac\/sociedad-y-cultura\/educacion-integral-de-la-sexualidad-un-tema-de-derechos\/\" target=\"_blank\" rel=\"noreferrer noopener\">La educaci\u00f3n integral de la sexualidad<\/a>\u00a0es un\u00a0<a href=\"https:\/\/www.redsemlac-cuba.net\/redsemlac\/sociedad-y-cultura\/docentes-reconocen-vacios-en-una-educacion-inclusiva-e-integral-de-la-sexualidad\/\" target=\"_blank\" rel=\"noreferrer noopener\">proceso de ense\u00f1anza aprendizaje<\/a>\u00a0que les permite recibir conocimientos avalados desde la ciencia, a\u00f1adi\u00f3. Sin embargo, coment\u00f3 que sus investigaciones sobre el conocimiento y respeto hacia los derechos de la infancia y la adolescencia revelaron que padres y madres no ten\u00edan en cuenta a sus hijos como sujetos de derecho.<\/p>\n\n\n\n<p class=\"wp-block-paragraph\"><br>En su opini\u00f3n, es muy importante comenzar por cambiar la concepci\u00f3n que prevalece sobre las infancias y las adolescencias. \u00abDebemos pasar de la idea de incapacidad e indefensi\u00f3n, a la idea de autonom\u00eda progresiva. No podemos seguir viendo a nuestros ni\u00f1os y adolescentes como criaturas dependientes e incapaces, debemos aportar en su autodeterminaci\u00f3n y crecimiento personal\u00bb, sostuvo Padr\u00f3n.<\/p>\n\n\n\n<p class=\"wp-block-paragraph\"><br>Con ello coincidi\u00f3 la forista Ileana Cordero, quien reafirm\u00f3 la relevancia de las familias en la educaci\u00f3n integral de la sexualidad, pues muchas veces por desconocimiento se cometen errores en la crianza, acot\u00f3.<\/p>\n\n\n\n<p class=\"wp-block-paragraph\"><br>Fraga, por su parte, consider\u00f3 que el nuevo C\u00f3digo de las Familias, a la espera de aprobaci\u00f3n por el Parlamento cubano para ser sometido a referendo popular, debe convertirse en una normativa clave para el reconocimiento y ejercicio de los derechos de las infancias.<\/p>\n\n\n\n<p class=\"wp-block-paragraph\"><br>No solo es mucho m\u00e1s amplio que la ley vigente, sino que desde la terminolog\u00eda que emplea hace un llamado al cambio de paradigmas y de percepci\u00f3n de ni\u00f1os, ni\u00f1as y adolescentes, precis\u00f3.<\/p>\n\n\n\n<p class=\"wp-block-paragraph\"><br>En desacuerdo con esa idea, el forista Karel Berm\u00fadez consider\u00f3 que la propuesta del nuevo C\u00f3digo de las Familias no traer\u00e1 beneficios y estim\u00f3 errada la sustituci\u00f3n que hace del t\u00e9rmino patria potestad por responsabilidad parental. \u00abNo es cuesti\u00f3n de darles m\u00e1s poder a los ni\u00f1os, es cuesti\u00f3n de educar y ense\u00f1ar a los padres a hacer mejor uso del suyo\u00bb, valor\u00f3.<\/p>\n\n\n\n<p class=\"wp-block-paragraph\"><br>Tales consideraciones generaron reflexiones sobre estos temas. La asesora jur\u00eddica del CENESEX sostuvo que ese cambio de denominaci\u00f3n da un vuelco en la concepci\u00f3n de \u00abpoder\u00bb, de \u00abdominio\u00bb ilimitado y muchas veces arbitrario que hist\u00f3ricamente ha caracterizado la crianza.<\/p>\n\n\n\n<p class=\"wp-block-paragraph\"><br>\u00abCreo que todo parte de lo que entendamos por responsabilidad parental\u00bb, agreg\u00f3 y dijo que no se trata de la ruptura de un concepto por otro, sino de su continuidad y actualizaci\u00f3n de acuerdo con las tendencias internacionales.<\/p>\n\n\n\n<p class=\"wp-block-paragraph\"><br>\u00abLejos de debilitarse la autoridad, los derechos se multiplican, se fortalecen, lo que de una forma diferente\u00bb, remarc\u00f3. \u00abHay que cambiar no solo el paradigma de los ni\u00f1os como sujetos de derecho, sino tambi\u00e9n la visi\u00f3n adultocentrista que caracteriza a madres y padres\u00bb.<\/p>\n\n\n\n<p class=\"wp-block-paragraph\"><br>Ampli\u00f3 que la responsabilidad parental debe entenderse como un complejo funcional de derechos, facultades, cargas, responsabilidades y funciones que tienen padres y madres para con sus hijos menores de edad; pero el cambio precisamente est\u00e1 en el llamado a que esa autoridad sea asertiva, de acompa\u00f1amiento, no aplastante o avasallante.<\/p>\n\n\n\n<p class=\"wp-block-paragraph\"><br>El nuevo C\u00f3digo refuerza la idea de la responsabilidad de los padres, incluso la aumenta, opin\u00f3 Carla Padr\u00f3n, para quien hablar de responsabilidad parental es hablar de igualdad de derechos para madres y padres en la educaci\u00f3n de sus hijos; solo que se trata de una autoridad que no es autoritarismo.<\/p>\n\n\n\n<p class=\"wp-block-paragraph\"><br>\u00abMam\u00e1 y pap\u00e1 son pilares fundamentales en la formaci\u00f3n de los hijos, pero no son quienes deciden qui\u00e9n va a ser\u00bb, subray\u00f3 y a\u00f1adi\u00f3 que detr\u00e1s del autoritarismo lo que existe es una profunda inseguridad y desconfianza de los padres para ejercer la crianza, pues quien conf\u00eda en sus capacidades de influencia y persuasi\u00f3n no necesita de control absoluto y posesi\u00f3n.<\/p>\n\n\n\n<p class=\"wp-block-paragraph\"><br>En tanto, Arahazay Lami, especialista de trabajo comunitario del CENESEX, aport\u00f3 al debate que respetar la autonom\u00eda de los menores no significa darles libertades, asunto en el cual centr\u00f3 parte de sus preocupaciones el forista Berm\u00fadez.<\/p>\n\n\n\n<p class=\"wp-block-paragraph\"><br>\u00abUna crianza basada en el respeto y el amor exige l\u00edmites saludables\u00bb, enfatiz\u00f3 Lami y apunt\u00f3 que la autonom\u00eda tiene que ver con habilitar y ense\u00f1ar para que los hijos hagan por s\u00ed solos aquello que est\u00e9n en condiciones de hacer, de acuerdo con sus capacidades.<\/p>\n\n\n\n<p class=\"wp-block-paragraph\"><br>\u00abEl\u00a0<a href=\"https:\/\/www.redsemlac-cuba.net\/redsemlac\/sociedad-y-cultura\/mi-hijo-es-mio\/\" target=\"_blank\" rel=\"noreferrer noopener\">ejercicio saludable de la autoridad<\/a>\u00a0supone tener en cuenta las necesidades b\u00e1sicas de cada etapa del crecimiento, para potenciar la autonom\u00eda desde la puesta de l\u00edmites saludables, asertivos y respetuosos, desde el afecto\u00bb, reflexion\u00f3.<\/p>\n\n\n\n<p class=\"wp-block-paragraph\">SEM\/MG<\/p>\n","protected":false},"excerpt":{"rendered":"<p>Aun cuando desde el punto de vista legislativo Cuba avanza en materia de educaci\u00f3n integral de la sexualidad, especialistas consideran que urge desmontar formas de comportamiento y percepci\u00f3n de las infancias que limitan\u00a0efectividad en el ejercicio de sus derechos.<\/p>\n","protected":false},"author":3,"featured_media":53269,"comment_status":"open","ping_status":"open","sticky":false,"template":"","format":"standard","meta":{"_monsterinsights_skip_tracking":false,"footnotes":""},"categories":[693,53],"tags":[],"class_list":["post-53268","post","type-post","status-publish","format-standard","has-post-thumbnail","category-693","category-internacional"],"_links":{"self":[{"href":"https:\/\/redsemlac.com\/semmexico\/wp-json\/wp\/v2\/posts\/53268","targetHints":{"allow":["GET"]}}],"collection":[{"href":"https:\/\/redsemlac.com\/semmexico\/wp-json\/wp\/v2\/posts"}],"about":[{"href":"https:\/\/redsemlac.com\/semmexico\/wp-json\/wp\/v2\/types\/post"}],"author":[{"embeddable":true,"href":"https:\/\/redsemlac.com\/semmexico\/wp-json\/wp\/v2\/users\/3"}],"replies":[{"embeddable":true,"href":"https:\/\/redsemlac.com\/semmexico\/wp-json\/wp\/v2\/comments?post=53268"}],"version-history":[{"count":0,"href":"https:\/\/redsemlac.com\/semmexico\/wp-json\/wp\/v2\/posts\/53268\/revisions"}],"wp:featuredmedia":[{"embeddable":true,"href":"https:\/\/redsemlac.com\/semmexico\/wp-json\/wp\/v2\/media\/53269"}],"wp:attachment":[{"href":"https:\/\/redsemlac.com\/semmexico\/wp-json\/wp\/v2\/media?parent=53268"}],"wp:term":[{"taxonomy":"category","embeddable":true,"href":"https:\/\/redsemlac.com\/semmexico\/wp-json\/wp\/v2\/categories?post=53268"},{"taxonomy":"post_tag","embeddable":true,"href":"https:\/\/redsemlac.com\/semmexico\/wp-json\/wp\/v2\/tags?post=53268"}],"curies":[{"name":"wp","href":"https:\/\/api.w.org\/{rel}","templated":true}]}}