{"id":53264,"date":"2022-07-18T10:00:25","date_gmt":"2022-07-18T16:00:25","guid":{"rendered":"https:\/\/redsemlac.com\/semmexico\/?p=53264"},"modified":"2023-07-21T19:09:29","modified_gmt":"2023-07-22T00:09:29","slug":"especial-cuba-de-victimas-a-victimarias-un-paso-hacia-la-proteccion","status":"publish","type":"post","link":"https:\/\/redsemlac.com\/semmexico\/especial-cuba-de-victimas-a-victimarias-un-paso-hacia-la-proteccion\/","title":{"rendered":"Especial Cuba| De v\u00edctimas a victimarias, un paso hacia la protecci\u00f3n"},"content":{"rendered":"\n<p class=\"wp-block-paragraph\"><strong>Dixie Edith<\/strong><\/p>\n\n\n\n<p class=\"wp-block-paragraph\">SemM\u00e9xico\/SEMlac, La Habana, Cuba, 18 de julio del 2022.- La distinci\u00f3n expl\u00edcita y bien argumentada entre un homicidio y un asesinato se cuenta entre los valores del nuevo C\u00f3digo Penal cubano para atender a mujeres que, de v\u00edctimas de violencia de g\u00e9nero, se convierten en victimarias como reacci\u00f3n a un maltrato continuado, considera la soci\u00f3loga Iyamira Hern\u00e1ndez Pita.<\/p>\n\n\n\n<p class=\"wp-block-paragraph\">\u00abSe mantienen muy bien en el C\u00f3digo las distinciones, seg\u00fan la gravedad del hecho, entre una conducta de homicidio y una de asesinato, algo muy importante para atender a estas mujeres en su doble condici\u00f3n de v\u00edctimas y victimarias\u00bb, precisa a SEMlac Hern\u00e1ndez Pita, profesora de la Universidad de La Habana.<\/p>\n\n\n<div class=\"wp-block-image\">\n<figure class=\"alignleft size-full\"><a href=\"https:\/\/redsemlac.com\/semmexico\/wp-content\/uploads\/2022\/07\/98028-de-victimas-a-victimarias-un-paso-hacia-la-proteccion.jpg\"><img loading=\"lazy\" decoding=\"async\" width=\"400\" height=\"319\" src=\"https:\/\/redsemlac.com\/semmexico\/wp-content\/uploads\/2022\/07\/98028-de-victimas-a-victimarias-un-paso-hacia-la-proteccion.jpg\" alt=\"\" class=\"wp-image-53265\"\/><\/a><\/figure>\n<\/div>\n\n\n<p class=\"wp-block-paragraph\">Aprobado el pasado 15 de mayo por el Parlamento, la nueva norma ser\u00e1 publicada en la Gaceta Oficial en 90 d\u00edas a partir de esa fecha y se articula con otras como la Ley 143 Del Proceso Penal, de octubre de 2021. Para Hern\u00e1ndez Pita, adem\u00e1s, en el caso espec\u00edfico de las herramientas para hacer justicia con esas mujeres, habr\u00eda que agregar la importancia de la Ley de Ejecuci\u00f3n Penal, tambi\u00e9n presentada a la Asamblea Nacional el pasado mes de mayo.<\/p>\n\n\n\n<p class=\"wp-block-paragraph\">\u00abEn esta norma se logr\u00f3 instrumentar muy bien los procesos de tratamiento educativo para el caso de estas mujeres y permite la revisi\u00f3n m\u00e1s temprana, r\u00e1pida y sistem\u00e1tica de las atenuantes y la posible reducci\u00f3n de los t\u00e9rminos de sanci\u00f3n\u00bb, detalla Hern\u00e1ndez Pita.<\/p>\n\n\n\n<p class=\"wp-block-paragraph\">Las juristas Arl\u00edn P\u00e9rez Duharte y Tania de Armas Fonticoba coinciden con la soci\u00f3loga en que la nueva legislaci\u00f3n penal brinda m\u00e1s herramientas para el tratamiento a la violencia de g\u00e9nero de forma global y para los casos de estas mujeres en particular. De acuerdo con ambas profesoras de Derecho en La Habana, las expresiones de violencia de g\u00e9nero encuentran respuesta \u00aben el listado de circunstancias atenuantes y agravantes que implican el acercamiento a los l\u00edmites m\u00ednimos o m\u00e1ximos de los marcos sancionatorios, seg\u00fan la naturaleza que tengan\u00bb, explican en sus apuntes sobre la violencia de g\u00e9nero en la legislaci\u00f3n cubana.<\/p>\n\n\n\n<p class=\"wp-block-paragraph\">En este camino, el C\u00f3digo Penal especifica como atenuante, en su Libro I, haber cometido el hecho sancionable \u00abcomo consecuencia de haber sido objeto, de manera continua y persistente, de violencia de g\u00e9nero o de violencia familiar, proveniente de la v\u00edctima del delito\u00bb.<\/p>\n\n\n\n<h2 class=\"wp-block-heading\"><strong>Historias tras la ley<\/strong><\/h2>\n\n\n\n<p class=\"wp-block-paragraph\">En 2004, cuando Idania1 sali\u00f3 de prisi\u00f3n, tuvo que mudarse de ciudad, dejar de ver a sus hijos y reinventarse otra vida. Sancionada varios a\u00f1os antes por haber matado a su esposo mientras trataba de defenderse de una golpiza -otra m\u00e1s de las tantas de su vida-, al no tener familiares cercanos, los ni\u00f1os quedaron bajo la custodia de los abuelos paternos, que lo \u00fanico que les dijeron todo el tiempo fue que \u00absu madre mat\u00f3 a su pap\u00e1\u00bb.<\/p>\n\n\n\n<p class=\"wp-block-paragraph\">\u00abMe tuve que mudar de La Habana, pues mis suegros y mi cu\u00f1ado fueron hasta mi nuevo centro laboral a gritarme asesina y amenazarme. Nadie nunca mir\u00f3 los casi 15 a\u00f1os recibiendo golpes, las fracturas, los dos embarazos perdidos a punta de patadas\u00bb, dijo esta mujer a SEMlac.<\/p>\n\n\n\n<p class=\"wp-block-paragraph\">Casi 20 a\u00f1os despu\u00e9s, la vida de Idania se ha ido acomodando. \u00abLos muchachos, seg\u00fan fueron creciendo, entendieron algunas cosas y, aunque no viven conmigo, me visitan, conozco a mis nietos, se pasan tiempo conmigo\u00bb, confiesa. Con eso le basta. Su historia no ha sido precisamente poco frecuente en el pa\u00eds.<\/p>\n\n\n\n<p class=\"wp-block-paragraph\">Generalmente, cuando una mujer llega a la violencia, incluso al homicidio, lo hace en situaciones l\u00edmites, ha explicado antes a SEMlac la soci\u00f3loga e investigadora Clotilde Proveyer Cervantes.<\/p>\n","protected":false},"excerpt":{"rendered":"<p>La distinci\u00f3n expl\u00edcita y bien argumentada entre un homicidio y un asesinato se cuenta entre los valores del nuevo C\u00f3digo Penal cubano para atender a mujeres que, de v\u00edctimas de violencia de g\u00e9nero, se convierten en victimarias como reacci\u00f3n a un maltrato continuado, considera la soci\u00f3loga Iyamira Hern\u00e1ndez Pita.<\/p>\n","protected":false},"author":3,"featured_media":53266,"comment_status":"open","ping_status":"open","sticky":false,"template":"","format":"standard","meta":{"_monsterinsights_skip_tracking":false,"footnotes":""},"categories":[693,54,64],"tags":[],"class_list":["post-53264","post","type-post","status-publish","format-standard","has-post-thumbnail","category-693","category-mujeres","category-para-saber"],"_links":{"self":[{"href":"https:\/\/redsemlac.com\/semmexico\/wp-json\/wp\/v2\/posts\/53264","targetHints":{"allow":["GET"]}}],"collection":[{"href":"https:\/\/redsemlac.com\/semmexico\/wp-json\/wp\/v2\/posts"}],"about":[{"href":"https:\/\/redsemlac.com\/semmexico\/wp-json\/wp\/v2\/types\/post"}],"author":[{"embeddable":true,"href":"https:\/\/redsemlac.com\/semmexico\/wp-json\/wp\/v2\/users\/3"}],"replies":[{"embeddable":true,"href":"https:\/\/redsemlac.com\/semmexico\/wp-json\/wp\/v2\/comments?post=53264"}],"version-history":[{"count":0,"href":"https:\/\/redsemlac.com\/semmexico\/wp-json\/wp\/v2\/posts\/53264\/revisions"}],"wp:featuredmedia":[{"embeddable":true,"href":"https:\/\/redsemlac.com\/semmexico\/wp-json\/wp\/v2\/media\/53266"}],"wp:attachment":[{"href":"https:\/\/redsemlac.com\/semmexico\/wp-json\/wp\/v2\/media?parent=53264"}],"wp:term":[{"taxonomy":"category","embeddable":true,"href":"https:\/\/redsemlac.com\/semmexico\/wp-json\/wp\/v2\/categories?post=53264"},{"taxonomy":"post_tag","embeddable":true,"href":"https:\/\/redsemlac.com\/semmexico\/wp-json\/wp\/v2\/tags?post=53264"}],"curies":[{"name":"wp","href":"https:\/\/api.w.org\/{rel}","templated":true}]}}