{"id":53255,"date":"2022-07-18T08:52:27","date_gmt":"2022-07-18T14:52:27","guid":{"rendered":"https:\/\/redsemlac.com\/semmexico\/?p=53255"},"modified":"2023-07-21T19:09:29","modified_gmt":"2023-07-22T00:09:29","slug":"cuba-la-poblacion-al-centro-de-las-politicas","status":"publish","type":"post","link":"https:\/\/redsemlac.com\/semmexico\/cuba-la-poblacion-al-centro-de-las-politicas\/","title":{"rendered":"Cuba: La poblaci\u00f3n al centro de las pol\u00edticas"},"content":{"rendered":"\n<p class=\"wp-block-paragraph\"><strong>Dixie Edith<\/strong><\/p>\n\n\n\n<p class=\"wp-block-paragraph\">SemM\u00e9xico\/SEMlac, La Habana, Cuba, 18 de julio del 2022.- \u00bfC\u00f3mo convertir los desaf\u00edos demogr\u00e1ficos en acciones de tributen al desarrollo de comunidades y naciones? \u00bfQu\u00e9 significa prever e incorporar las din\u00e1micas de poblaci\u00f3n en los dise\u00f1os de pol\u00edticas p\u00fablicas?<\/p>\n\n\n\n<p class=\"wp-block-paragraph\"><br>Interrogantes como esas fueron el eje central de la celebraci\u00f3n global del 11 de julio, D\u00eda Mundial de la Poblaci\u00f3n, en un a\u00f1o en que el planeta llegar\u00e1 a los 8.000 millones de habitantes.<\/p>\n\n\n\n<p class=\"wp-block-paragraph\"><br>En La Habana, la fecha alert\u00f3 \u00absobre lo que significa llegar a esta cantidad de habitantes en un escenario de avances visibles, pero tambi\u00e9n de muchos retos, entre los cuales el cambio demogr\u00e1fico, el cambio clim\u00e1tico y las desigualdades son ampliamente relevantes\u00bb, explic\u00f3 Marisol Alfonso de Armas, representante auxiliar de la organizaci\u00f3n en el pa\u00eds, durante un panel de especialistas realizado el 14 de julio.<\/p>\n\n\n\n<p class=\"wp-block-paragraph\"><br>Juan Carlos Alfonso Fraga, vice jefe de la Oficina Nacional de Estad\u00edsticas e Informaci\u00f3n (Onei), valor\u00f3 los pasos ganados en materia de concertaciones regionales en torno a la poblaci\u00f3n, en el contexto de la pandemia de Covid-19, un reto de salud que a\u00fan no termina.<\/p>\n\n\n\n<p class=\"wp-block-paragraph\"><br>Dedicado a la resiliencia demogr\u00e1fica, este D\u00eda Mundial de Poblaci\u00f3n resalta a nivel global la necesidad de replantearse las normas tradicionales, especialmente aquellas relacionadas con los roles de las mujeres y los hombres en las familias y sociedades, que impiden convertir los retos demogr\u00e1ficos en oportunidades.<br>\u00abLa mejor forma de garantizar la resiliencia demogr\u00e1fica es apoyando los derechos humanos, en particular los derechos y las decisiones sexuales y reproductivas de las personas\u00bb, precis\u00f3 Alfonso de Armas.<\/p>\n\n\n\n<h2 class=\"wp-block-heading\"><strong>Poblaci\u00f3n cubana bajo la lupa<\/strong><\/h2>\n\n\n\n<p class=\"wp-block-paragraph\">Para Antonio Aja D\u00edaz, director del Centro de Estudios Demogr\u00e1ficos (CEDEM), de la Universidad de La Habana, \u00aben los \u00faltimos a\u00f1os\u00a0<a href=\"https:\/\/www.redsemlac-cuba.net\/redsemlac\/especiales\/monografia\/poblacion-y-desarrollo-bajo-foco\/\" target=\"_blank\" rel=\"noreferrer noopener\">la din\u00e1mica demogr\u00e1fica cubana<\/a>\u00a0se muestra cada vez m\u00e1s compleja\u00bb, una realidad que ha implicado ajustes en las pol\u00edticas para su atenci\u00f3n y que exige un cambio de mentalidad para sus an\u00e1lisis.<\/p>\n\n\n\n<p class=\"wp-block-paragraph\"><br><a href=\"https:\/\/www.redsemlac-cuba.net\/redsemlac\/sociedad-y-cultura\/poblacion-en-conteo-regresivo\/\" target=\"_blank\" rel=\"noreferrer noopener\">La poblaci\u00f3n cubana decrece<\/a>\u00a0por cuarto a\u00f1o consecutivo, con 68.380 efectivos en 2021 en relaci\u00f3n con 2020. Asimismo, el pasado a\u00f1o se produjo el m\u00e1s bajo n\u00famero de nacimientos (99.096) y el m\u00e1s alto de defunciones (167.645) de los \u00faltimos 60 a\u00f1os, precis\u00f3 el experto.<\/p>\n\n\n\n<p class=\"wp-block-paragraph\"><br>A ello se agrega un aumento significativo del monto de poblaci\u00f3n cubana en el exterior que, sin embargo, a\u00fan no es considerada migrante debido a la moratoria declarada a causa de la Covid-19 para el regreso de personas que se encontraban fuera del pa\u00eds.<\/p>\n\n\n\n<p class=\"wp-block-paragraph\"><br>Igualmente, existe una tendencia a la movilidad interna desde las zonas rurales hacia pueblos y ciudades de la zona urbana del pa\u00eds, con un impacto significativo en la poblaci\u00f3n econ\u00f3micamente activa en los polos de producci\u00f3n de alimentos.<\/p>\n\n\n\n<p class=\"wp-block-paragraph\"><br>En conclusi\u00f3n, \u00ab<a href=\"https:\/\/www.redsemlac-cuba.net\/redsemlac\/sociedad-y-cultura\/envejecimiento-poblacional-no-tiene-marcha-atras\/\" target=\"_blank\" rel=\"noreferrer noopener\">el pa\u00eds decrece y envejece poblacionalmente<\/a>\u00ab, afirm\u00f3 el director del CEDEM.<\/p>\n\n\n\n<p class=\"wp-block-paragraph\"><br>En su opini\u00f3n, atender la din\u00e1mica demogr\u00e1fica hoy en Cuba significa cambiar los imaginarios en torno a\u00a0<a href=\"https:\/\/www.redsemlac-cuba.net\/redsemlac\/sociedad-y-cultura\/encuesta-nacional-confirma-feminizacion-de-la-migracion\/\" target=\"_blank\" rel=\"noreferrer noopener\">la migraci\u00f3n<\/a>, para verla como un proceso circular; apostar al mayor n\u00famero de nacimientos posibles, pero sin aspirar al reemplazo demogr\u00e1fico y, sobre todo, ver el envejecimiento como una etapa de la vida que puede ser activa y productiva, no necesariamente de p\u00e9rdidas, invalidez y dependencia.<\/p>\n\n\n\n<p class=\"wp-block-paragraph\"><br>Entre los desaf\u00edos m\u00e1s notorios, Aja cit\u00f3 la necesidad de \u00abfocalizar la atenci\u00f3n a la din\u00e1mica demogr\u00e1fica hacia las\u00a0<a href=\"https:\/\/www.redsemlac-cuba.net\/redsemlac\/sociedad-y-cultura\/los-territorios-marcan-diferencias-en-equidad-de-genero\/\" target=\"_blank\" rel=\"noreferrer noopener\">diferencias territoriales<\/a>\u00a0y locales\u00bb, de cara a las diferencias por territorio, zona de procedencia, edad, color de la piel, entre otros.<\/p>\n\n\n\n<p class=\"wp-block-paragraph\"><br>En ese camino, identific\u00f3 como retos particulares la disminuci\u00f3n del\u00a0<a href=\"https:\/\/www.redsemlac-cuba.net\/redsemlac\/sociedad-y-cultura\/brechas-tras-el-embarazo-adolescente\/\" target=\"_blank\" rel=\"noreferrer noopener\">embarazo y la fecundidad adolescente<\/a>, \u00abatendiendo particularmente las diferencias territoriales\u00bb; junto a la atenci\u00f3n a las familias, que tendr\u00e1n cada d\u00eda \u00abun tama\u00f1o menor y funciones m\u00e1s complejas que asumir\u00bb.<\/p>\n\n\n\n<p class=\"wp-block-paragraph\"><br>Llam\u00f3 la atenci\u00f3n, adem\u00e1s, sobre los a\u00f1os inmediatos, ante una \u00ab<a href=\"https:\/\/www.redsemlac-cuba.net\/redsemlac\/economia\/poblacion-economicamente-activa-entrara-en-retroceso\/\" target=\"_blank\" rel=\"noreferrer noopener\">econom\u00eda envejecida<\/a>\u00ab, con un incremento significativo de los costos de salud de su poblaci\u00f3n adulta mayor.<\/p>\n\n\n\n<p class=\"wp-block-paragraph\"><br>El dem\u00f3grafo detall\u00f3 los principales elementos de la actualizaci\u00f3n de la Pol\u00edtica para la Atenci\u00f3n de la Din\u00e1mica Demogr\u00e1fica, aprobada recientemente y en implementaci\u00f3n, que posiciona muchos de los desaf\u00edos enumerados.<br>Para la psiquiatra Ada Alfonso, investigadora del Centro Nacional de Educaci\u00f3n Sexual (CENESEX), la apropiaci\u00f3n efectiva de los enfoques de g\u00e9nero, derechos humanos y participaci\u00f3n es una de las claves para garantizar el disfrute pleno de la salud y los derechos sexuales y reproductivos, otro punto esencial de lo que implica poner a la poblaci\u00f3n en el centro de los debates de cara al desarrollo.<\/p>\n\n\n\n<p class=\"wp-block-paragraph\"><br>Alfonso llam\u00f3 a garantizar servicios de salud integrales -adecuados, oportunos y de calidad- y a perfeccionar la articulaci\u00f3n intersectorial para dar respuesta a los determinantes sociales de la salud, las desigualdades sociales y la lectura interseccional de las problem\u00e1ticas, que colocan en situaci\u00f3n de vulnerabilidad a determinados grupos y personas.<\/p>\n\n\n\n<h2 class=\"wp-block-heading\"><strong>La centralidad de la comunicaci\u00f3n<\/strong><\/h2>\n\n\n\n<p class=\"wp-block-paragraph\">Tanto Ada Alfonso como Antonio Aja llamaron la atenci\u00f3n sobre el rol central de\u00a0<a href=\"https:\/\/www.redsemlac-cuba.net\/redsemlac\/comunicacion\/ck73-observatorios\/observatorio-de-medios-indagara-en-dinamicas-de-poblacion\/\" target=\"_blank\" rel=\"noreferrer noopener\">la comunicaci\u00f3n<\/a>\u00a0y la cultura -vista en su concepto m\u00e1s amplio- en la atenci\u00f3n a las din\u00e1micas demogr\u00e1ficas y la participaci\u00f3n de las personas en su transformaci\u00f3n.<\/p>\n\n\n\n<p class=\"wp-block-paragraph\"><br>Para Aja, \u00abfalta comprensi\u00f3n y sensibilizaci\u00f3n sobre estos enfoques de la relaci\u00f3n poblaci\u00f3n-desarrollo en todos los espacios\u00bb, incluida la comunicaci\u00f3n p\u00fablica.<\/p>\n\n\n\n<p class=\"wp-block-paragraph\"><br>\u00abSe ofrecen tratamientos desarticulados de la din\u00e1mica demogr\u00e1fica, cuando no se relacionan entre s\u00ed las tres variables fundamentales, o se ignora el v\u00ednculo de ellas con otras como el estado conyugal, las familias y los recursos laborales, por solo citar algunas\u00bb, explic\u00f3 el dem\u00f3grafo.<\/p>\n\n\n\n<p class=\"wp-block-paragraph\"><br>Alfonso, en tanto, insisti\u00f3 en promover el uso intensivo y de calidad mejorada de la promoci\u00f3n de salud, con atenci\u00f3n priorizada a lo que propone la prensa no especializada, que frecuentemente no est\u00e1 bien orientada.<br>\u00abEl trabajo de la prensa es fundamental para alcanzar una elevada cultura sanitaria, que no es la medicalizaci\u00f3n de la sociedad\u00bb, precis\u00f3 la investigadora el CENESEX.<\/p>\n\n\n\n<p class=\"wp-block-paragraph\"><br>Ambos especialistas coincidieron en que los procesos demogr\u00e1ficos, el ejercicio de derechos y la calidad se sostienen en decisiones individuales de las personas, por lo cual son necesarios procesos articulados y consecuentes de comunicaci\u00f3n y sensibilizaci\u00f3n.<\/p>\n\n\n\n<p class=\"wp-block-paragraph\">SEM\/MG<\/p>\n","protected":false},"excerpt":{"rendered":"<p>\u00bfC\u00f3mo convertir los desaf\u00edos demogr\u00e1ficos en acciones de tributen al desarrollo de comunidades y naciones? \u00bfQu\u00e9 significa prever e incorporar las din\u00e1micas de poblaci\u00f3n en los dise\u00f1os de pol\u00edticas p\u00fablicas?<\/p>\n","protected":false},"author":3,"featured_media":53256,"comment_status":"open","ping_status":"open","sticky":false,"template":"","format":"standard","meta":{"_monsterinsights_skip_tracking":false,"footnotes":""},"categories":[693,53],"tags":[],"class_list":["post-53255","post","type-post","status-publish","format-standard","has-post-thumbnail","category-693","category-internacional"],"_links":{"self":[{"href":"https:\/\/redsemlac.com\/semmexico\/wp-json\/wp\/v2\/posts\/53255","targetHints":{"allow":["GET"]}}],"collection":[{"href":"https:\/\/redsemlac.com\/semmexico\/wp-json\/wp\/v2\/posts"}],"about":[{"href":"https:\/\/redsemlac.com\/semmexico\/wp-json\/wp\/v2\/types\/post"}],"author":[{"embeddable":true,"href":"https:\/\/redsemlac.com\/semmexico\/wp-json\/wp\/v2\/users\/3"}],"replies":[{"embeddable":true,"href":"https:\/\/redsemlac.com\/semmexico\/wp-json\/wp\/v2\/comments?post=53255"}],"version-history":[{"count":0,"href":"https:\/\/redsemlac.com\/semmexico\/wp-json\/wp\/v2\/posts\/53255\/revisions"}],"wp:featuredmedia":[{"embeddable":true,"href":"https:\/\/redsemlac.com\/semmexico\/wp-json\/wp\/v2\/media\/53256"}],"wp:attachment":[{"href":"https:\/\/redsemlac.com\/semmexico\/wp-json\/wp\/v2\/media?parent=53255"}],"wp:term":[{"taxonomy":"category","embeddable":true,"href":"https:\/\/redsemlac.com\/semmexico\/wp-json\/wp\/v2\/categories?post=53255"},{"taxonomy":"post_tag","embeddable":true,"href":"https:\/\/redsemlac.com\/semmexico\/wp-json\/wp\/v2\/tags?post=53255"}],"curies":[{"name":"wp","href":"https:\/\/api.w.org\/{rel}","templated":true}]}}