{"id":53221,"date":"2022-07-17T11:11:43","date_gmt":"2022-07-17T17:11:43","guid":{"rendered":"https:\/\/redsemlac.com\/semmexico\/?p=53221"},"modified":"2023-07-21T19:09:31","modified_gmt":"2023-07-22T00:09:31","slug":"sin-paridad-de-genero-en-los-parlamentos-europeos","status":"publish","type":"post","link":"https:\/\/redsemlac.com\/semmexico\/sin-paridad-de-genero-en-los-parlamentos-europeos\/","title":{"rendered":"Sin paridad de g\u00e9nero en los parlamentos europeos"},"content":{"rendered":"\n<p class=\"wp-block-paragraph\">Ya\u00ebl Braun-Pivet elegida Presidenta de la Asamblea Nacional francesa, primera vez que una mujer ocupa este cargo en Francia<\/p>\n\n\n\n<p class=\"wp-block-paragraph\">Marie Jamet<\/p>\n\n\n\n<p class=\"wp-block-paragraph\">SemM\u00e9xico\/AmecoPress, Madrid, 17 de julio, 2022.-&nbsp;Por primera vez en su historia, Francia ha puesto a una mujer al frente de su c\u00e1mara baja, la Asamblea Nacional. Ya\u00ebl Braun-Pivet ha sido elegida unas semanas despu\u00e9s de que Elisabeth Borne fuera nombrada Primera Ministra del pa\u00eds. Borne es la segunda mujer que ocupa este cargo despu\u00e9s de Edith Cresson, que fue jefa de Gobierno durante 11 meses entre 1991 y 1992.<\/p>\n\n\n\n<p class=\"wp-block-paragraph\">El hecho de que dos mujeres dirijan ahora el Parlamento y el Gobierno de Francia refleja la voluntad del pa\u00eds por mejorar la igualdad de g\u00e9nero en la pol\u00edtica. Es un esfuerzo que se reparte de forma desigual en la Uni\u00f3n Europea.<\/p>\n\n\n<div class=\"wp-block-image\">\n<figure class=\"aligncenter size-full\"><a href=\"https:\/\/redsemlac.com\/semmexico\/wp-content\/uploads\/2022\/07\/paridad-int-02.jpg\"><img loading=\"lazy\" decoding=\"async\" width=\"640\" height=\"360\" src=\"https:\/\/redsemlac.com\/semmexico\/wp-content\/uploads\/2022\/07\/paridad-int-02.jpg\" alt=\"\" class=\"wp-image-53223\"\/><\/a><\/figure>\n<\/div>\n\n\n<p class=\"wp-block-paragraph\">El techo de cristal: en Europa la proporci\u00f3n de mujeres nunca ha llegado al 50%<\/p>\n\n\n\n<p class=\"wp-block-paragraph\">En Francia, en el \u00e1mbito parlamentario, el n\u00famero de diputadas descendi\u00f3 ligeramente tras las nuevas elecciones legislativas de junio. Pas\u00f3 de 224 mujeres elegidas a 215 en un total de 577 esca\u00f1os.<\/p>\n\n\n\n<p class=\"wp-block-paragraph\">Francia es uno de los territorios comunitarios donde m\u00e1s ha aumentado la proporci\u00f3n de mujeres en las dos c\u00e1maras del Parlamento entre 2003 y 2021, pasando del 12% al 39%. Italia sigue un rumbo similar, con un incremento del 10% a casi el 36%.<\/p>\n\n\n\n<p class=\"wp-block-paragraph\">En 2021, Suecia fue el pa\u00eds con mayor n\u00famero de diputadas, con algo m\u00e1s del 47%, seguida de Finlandia, B\u00e9lgica, Austria, Dinamarca, Espa\u00f1a, Portugal y Francia. Islandia, un pa\u00eds no perteneciente a la UE, pero a menudo citado como un buen ejemplo de paridad de g\u00e9nero, tienes unos datos similares a Suecia. Esta cifra es la m\u00e1s alta jam\u00e1s alcanzada en la Uni\u00f3n Europea.<\/p>\n\n\n\n<p class=\"wp-block-paragraph\">Ning\u00fan pa\u00eds de los 27 ha alcanzado una proporci\u00f3n de 50\/50 en el parlamento ni ha tenido una mayor\u00eda de mujeres diputadas, como se puede ver en el siguiente gr\u00e1fico.<\/p>\n\n\n\n<p class=\"wp-block-paragraph\"><strong>Suecia, Finlandia y B\u00e9lgica<\/strong>&nbsp;son los tres Estados miembros de la UE m\u00e1s constantes en cuanto a la mayor representaci\u00f3n de mujeres en el Parlamento, con medias del 46%, 42% y 39% respectivamente entre 2003 y 2021.<\/p>\n\n\n\n<p class=\"wp-block-paragraph\"><strong>Bulgaria<\/strong>&nbsp;es el \u00fanico pa\u00eds de la Uni\u00f3n en el que la proporci\u00f3n de mujeres en su parlamento disminuy\u00f3 entre 2003 y 2021, pasando de casi el 25,9% al 24,6%. y sigue estando a la cabeza de los Estados de la UE con menor proporci\u00f3n de mujeres en el Parlamento.<\/p>\n\n\n\n<p class=\"wp-block-paragraph\">Tres Estados miembros tendr\u00e1n menos del 20% de mujeres en sus parlamentos en 2021, siendo Hungr\u00eda el peor colocado con un 13% de mujeres en su parlamento. Este pa\u00eds no mejor\u00f3 su posici\u00f3n en las elecciones parlamentarias de abril de 2022, en las que gan\u00f3 s\u00f3lo una diputada, alcanzando apenas el 13,6% del total. De media, entre 2003 y 2021, las mujeres no superaron el 10% del total del Parlamento.<\/p>\n\n\n\n<p class=\"wp-block-paragraph\">Con un 11% y un 13%, Malta y Ruman\u00eda mejoran ligeramente esa cifra.<\/p>\n\n\n\n<p class=\"wp-block-paragraph\">El&nbsp;<strong>Parlamento Europeo<\/strong>&nbsp;tampoco ha conseguido romper ese techo de cristal. El actual mandato resultante de las elecciones de 2019 tiene la tasa m\u00e1s alta de mujeres representadas en la instituci\u00f3n, con apenas un 39%.<\/p>\n\n\n\n<p class=\"wp-block-paragraph\">La mayor\u00eda de los Estados miembros de la UE tienen una mayor proporci\u00f3n de eurodiputadas que de mujeres en los parlamentos nacionales.<\/p>\n\n\n\n<p class=\"wp-block-paragraph\">Solo seis pa\u00edses tienen m\u00e1s mujeres en sus parlamentos nacionales que en el Parlamento Europeo: Chipre, B\u00e9lgica, Ruman\u00eda, Croacia, Lituania y Austria. Con excepciones como Malta y Hungr\u00eda, los miembros comunitarios que tienen pocas mujeres en sus c\u00e1maras nacionales mantienen la tendencia en la Euroc\u00e1mara.<\/p>\n\n\n\n<p class=\"wp-block-paragraph\">En Malta, las mujeres diputadas s\u00f3lo representan el 13% del Parlamento y el 33% de los diputados del pa\u00eds en el Parlamento Europeo. A continuaci\u00f3n, se puede ver la comparativa entre presencia de eurodiputadas en las c\u00e1maras nacionales y la comunitaria.<\/p>\n\n\n\n<p class=\"wp-block-paragraph\">La c\u00e1mara europea est\u00e1 presidida actualmente por la maltesa Roberta Metsola, la tercera mujer que ocupa el cargo.<\/p>\n\n\n\n<p class=\"wp-block-paragraph\">En el resto de la Uni\u00f3n, el 22% de los parlamentos est\u00e1n presididos por mujeres, seg\u00fan la Uni\u00f3n Interparlamentaria.<\/p>\n\n\n\n<p class=\"wp-block-paragraph\">Mayor paridad cuantitativa en los gobiernos que en los parlamentos<\/p>\n\n\n\n<p class=\"wp-block-paragraph\">Si nos fijamos en los porcentajes, la situaci\u00f3n de las mujeres parece ser mejor en los gobiernos que en los parlamentos.<\/p>\n\n\n\n<p class=\"wp-block-paragraph\">Aunque ning\u00fan parlamento europeo ha tenido nunca m\u00e1s mujeres que hombres, esa situaci\u00f3n s\u00ed se ha producido en Gobiernos nacionales.<\/p>\n\n\n\n<p class=\"wp-block-paragraph\">Suecia y Finlandia, los dos pa\u00edses m\u00e1s constantes en materia de igualdad de g\u00e9nero, son tambi\u00e9n los que han tenido m\u00e1s gobiernos formados por m\u00e1s del 50% de mujeres.<\/p>\n\n\n\n<p class=\"wp-block-paragraph\">Mientras tanto, cinco pa\u00edses -Hungr\u00eda, Grecia, Malta, Chipre y Eslovaquia- han nombrado a menos del 15% de mujeres en los gobiernos entre 2003 y 2021, siendo Hungr\u00eda, de nuevo, el pa\u00eds con menos mujeres en el ejecutivo, con una media del 8% durante este periodo.<\/p>\n\n\n\n<p class=\"wp-block-paragraph\">La media europea entre 2003 y 2021 es del 26%, cifra similar a la de la presencia femenina en las c\u00e1maras, que en 2021 es del 33%. Las cifras no subrayan la naturaleza de las carteras que ocupan las ministras.<\/p>\n\n\n\n<p class=\"wp-block-paragraph\">Un&nbsp;<a href=\"https:\/\/ec.europa.eu\/info\/sites\/default\/files\/aid_development_cooperation_fundamental_rights\/annual_report_ge_2019_en.pdf\">informe<\/a>&nbsp;del Instituto Europeo para la Igualdad de G\u00e9nero (EIGE)&nbsp;<a href=\"https:\/\/www.europarl.europa.eu\/RegData\/etudes\/BRIE\/2021\/689345\/EPRS_BRI(2021)689345_EN.pdf\">citado por el Parlamento Europeo<\/a>, muestra que en 2018, dos tercios de los ministros varones estaban en ministerios de Estado o con funciones en la econom\u00eda, frente a la mitad de sus hom\u00f3logas femeninas.<\/p>\n\n\n\n<p class=\"wp-block-paragraph\">Adem\u00e1s, el 40% de las ministras recibieron carteras socioculturales, frente a solo el 19% de los hombres. El Parlamento Europeo se\u00f1ala que, a nivel nacional, apenas han cambiado estas pr\u00e1cticas discriminatorias. Muestra c\u00f3mo la paridad cuantitativa no puede compararse del todo con la paridad cualitativa.<\/p>\n\n\n\n<p class=\"wp-block-paragraph\">\u00abLa consecuencia es que cuando estos hombres est\u00e1n en posiciones de poder, las mujeres que los evitan tambi\u00e9n evitan el propio poder y se alejan gradualmente de \u00e9l. Tenemos menos oportunidades que nuestros colegas masculinos\u00bb.<\/p>\n\n\n\n<p class=\"wp-block-paragraph\">Fiona Texeire, cofundadora del Observatorio de Violencia de G\u00e9nero y Sexual en la Pol\u00edtica<\/p>\n\n\n\n<p class=\"wp-block-paragraph\">S\u00f3lo siete mujeres han alcanzado el rango de jefa de Estado o de Gobierno en los 27; si incluimos otros pa\u00edses europeos fuera de la UE, hay 12 mujeres en 11 pa\u00edses.<\/p>\n\n\n\n<p class=\"wp-block-paragraph\">Cuotas de g\u00e9nero: necesarias pero insuficientes<\/p>\n\n\n\n<p class=\"wp-block-paragraph\"><a href=\"https:\/\/www.ohchr.org\/sites\/default\/files\/Documents\/Issues\/Women\/WG\/A.HRC.23.50_English.pdf\">Como ha analizado la ONU<\/a>, son muchos los obst\u00e1culos que impiden una mayor participaci\u00f3n femenina en la vida pol\u00edtica cuando el sexismo es sist\u00e9mico: acceso desigual a los recursos, reparto desigual de las tareas dom\u00e9sticas y familiares, culturas pol\u00edticas sexistas, estereotipos de g\u00e9nero, falta de modelos femeninos, violencia sexista y sexual.<\/p>\n\n\n\n<p class=\"wp-block-paragraph\">Un&nbsp;<a href=\"https:\/\/www.ipu.org\/fr\/ressources\/publications\/bulletins-thematiques\/2018-10\/sexisme-harcelement-et-violence-legard-des-femmes-dans-les-parlements-deurope\">informe conjunto<\/a>&nbsp;de la Uni\u00f3n Interparlamentaria y la Asamblea Parlamentaria del Consejo de Europa, publicado en 2018, concluy\u00f3 que el 85% de las parlamentarias en Europa hab\u00edan sido v\u00edctimas de violencia psicol\u00f3gica en su lugar de trabajo; el 68% hab\u00edan sido objeto de comentarios sexistas y el 25% v\u00edctimas de violencia sexual.<\/p>\n\n\n\n<p class=\"wp-block-paragraph\">Mientras el movimiento pol\u00edtico #metoo sigue luchando para que se escuchen las voces de las mujeres v\u00edctimas de violencia, sobre todo en Francia o B\u00e9lgica, el Parlamento Europeo ha alertado de la persistencia del problema.<\/p>\n\n\n\n<p class=\"wp-block-paragraph\">\u00abEl nivel de abuso y violencia contra las mujeres en la vida pol\u00edtica y p\u00fablica por el hecho de ser mujeres, y a veces por su mayor presencia, es en s\u00ed mismo un problema creciente\u00bb, se\u00f1ala la instituci\u00f3n en un informe, a\u00f1adiendo que \u00abtambi\u00e9n corre el riesgo de disuadir a las mujeres de dedicarse a la pol\u00edtica porque encuentran el entorno demasiado t\u00f3xico\u00bb.<\/p>\n\n\n\n<p class=\"wp-block-paragraph\">Fiona Texeire, cofundadora del Observatorio de Violencia de G\u00e9nero y Sexual en la Pol\u00edtica y copresentadora de un podcast sobre el tema, cree que esto contribuye a alejar a las mujeres del poder: \u00abA menudo, cuando se es nuevo en un partido pol\u00edtico o en una instituci\u00f3n p\u00fablica de cualquier tipo, se oyen recomendaciones como \u2019ten cuidado con fulano, que es conocido por su comportamiento inapropiado\u2019.\u00bb.<\/p>\n\n\n\n<p class=\"wp-block-paragraph\">\u00abLa consecuencia es que cuando estos hombres est\u00e1n en posiciones de poder, las mujeres que los evitan tambi\u00e9n evitan el propio poder y se alejan gradualmente de \u00e9l. Tenemos menos oportunidades que nuestros colegas masculinos\u00bb, asegura Texeire.<\/p>\n\n\n\n<p class=\"wp-block-paragraph\">Adem\u00e1s, llega a una conclusi\u00f3n similar a la destacada por el Parlamento Europeo. \u201cLas carreras de las mujeres en la pol\u00edtica son m\u00e1s cortas que las de los hombres. Las mujeres con carreras largas, que son las que m\u00e1s se dedican a la pol\u00edtica, tienen menos oportunidades que los hombres\u00bb.<\/p>\n\n\n\n<p class=\"wp-block-paragraph\">Para Texeire, \u00ablas mujeres con carreras largas, que duran varias d\u00e9cadas, se pueden contar f\u00e1cilmente, ya que son muy pocas: Martine Aubry, S\u00e9gol\u00e8ne Royal, Roselyne Bachelot, Mich\u00e8le Alliot-Marie&#8230; Las dem\u00e1s acaban aceptando que no es su mundo\u00bb.<\/p>\n\n\n\n<p class=\"wp-block-paragraph\">Todas las mujeres obtuvieron el derecho de voto y de sufragio pasivo en los pa\u00edses de la actual Uni\u00f3n Europea entre 1900 y 1960 como m\u00e1ximo. Entraron en los parlamentos con relativa rapidez tras la obtenci\u00f3n de estos derechos, a veces con grandes dificultades. A continuaci\u00f3n, se puede comprobar la diferencia entre el cambio en la normativa y el acceso real de las mujeres a las c\u00e1maras.<\/p>\n\n\n\n<p class=\"wp-block-paragraph\">Sin embargo, desde la entrada de las mujeres en los parlamentos, hace en algunos casos m\u00e1s de un siglo, no ha habido un aumento significativo de su n\u00famero.<\/p>\n\n\n\n<p class=\"wp-block-paragraph\">Cuando se promulgan leyes que establecen normas para promover la paridad, la proporci\u00f3n de mujeres aumenta tres veces m\u00e1s r\u00e1pido, seg\u00fan un estudio realizado por el Instituto Europeo de la Igualdad de G\u00e9nero (EIGE).<\/p>\n\n\n\n<p class=\"wp-block-paragraph\">El Instituto contabiliz\u00f3 11 Estados miembros que han aprobado leyes que establecen alg\u00fan tipo de cuota de g\u00e9nero en las elecciones parlamentarias desde el a\u00f1o 2000.<\/p>\n\n\n\n<p class=\"wp-block-paragraph\">Francia fue el primer pa\u00eds de la UE en introducir una ley de paridad en junio de 2000; Italia, el \u00faltimo, en 2017. El siguiente gr\u00e1fico muestra el efecto de la ley de paridad en Francia y el incremento de la presencia de mujeres.<\/p>\n\n\n\n<p class=\"wp-block-paragraph\">En 10 a\u00f1os, la brecha se ha ampliado entre los pa\u00edses con cuotas de g\u00e9nero y los que han optado por dejar que las urnas decidan.<\/p>\n\n\n\n<p class=\"wp-block-paragraph\">En 2011, los pa\u00edses sin cuotas de g\u00e9nero ten\u00edan una media de casi el 24% de mujeres frente al 23% de los pa\u00edses con cuotas. Pero ahora, en 2021, la diferencia se ha invertido a favor de los Estados miembros con cuotas de g\u00e9nero, que alcanzan el 32% frente a casi el 29% de los dem\u00e1s, como muestra el siguiente gr\u00e1fico.<\/p>\n\n\n\n<p class=\"wp-block-paragraph\">Sin embargo, los avances no se producen de la noche a la ma\u00f1ana: el EIGE prev\u00e9 la plena paridad en 2033 para los pa\u00edses con cuotas de g\u00e9nero, frente a 2050 para los dem\u00e1s.<\/p>\n\n\n\n<p class=\"wp-block-paragraph\">En su informe sobre las mujeres en la pol\u00edtica, el Parlamento Europeo considera que todos los tipos de cuotas de g\u00e9nero son necesarias pero insuficientes.<\/p>\n\n\n\n<p class=\"wp-block-paragraph\">Destaca los efectos beneficiosos del apoyo y la formaci\u00f3n para presentarse a las elecciones, pero tambi\u00e9n de las medidas para garantizar un acceso justo a las fuentes de financiaci\u00f3n de las campa\u00f1as.<\/p>\n\n\n\n<p class=\"wp-block-paragraph\">\u00abUna vez que las mujeres son elegidas, los parlamentos pueden adoptar una serie de medidas para garantizar que el entorno sea \u2019seguro y para las mujeres\u2019, cambiando las pr\u00e1cticas de trabajo androc\u00e9ntricas y combatiendo el acoso\u00bb, se\u00f1ala el Parlamento.<\/p>\n\n\n\n<p class=\"wp-block-paragraph\">Sin embargo, Texeire afirma que las mujeres que trabajaron en la Asamblea Nacional francesa entre 2017 y 2022 no informaron de un cambio real de comportamiento que acompa\u00f1ara al aumento de su presencia.<\/p>\n\n\n\n<p class=\"wp-block-paragraph\">\u00abHay un barniz, por supuesto, pero no ha habido ning\u00fan cambio estructural en las instituciones. La paridad ha supuesto una feminizaci\u00f3n de los cargos, pero no ha cambiado la forma de ejercer el poder\u00bb, subraya. \u00abLos verdaderos puestos de decisi\u00f3n siguen marcados por un enfoque masculino del poder\u00bb.<\/p>\n\n\n\n<p class=\"wp-block-paragraph\">Fotos: Archivo AmecoPress.<\/p>\n","protected":false},"excerpt":{"rendered":"<p>Por primera vez en su historia, Francia ha puesto a una mujer al frente de su c\u00e1mara baja, la Asamblea Nacional. Ya\u00ebl Braun-Pivet ha sido elegida unas semanas despu\u00e9s de que Elisabeth Borne fuera nombrada Primera Ministra del pa\u00eds.<\/p>\n","protected":false},"author":3,"featured_media":53222,"comment_status":"open","ping_status":"open","sticky":false,"template":"","format":"standard","meta":{"_monsterinsights_skip_tracking":false,"footnotes":""},"categories":[693,53],"tags":[],"class_list":["post-53221","post","type-post","status-publish","format-standard","has-post-thumbnail","category-693","category-internacional"],"_links":{"self":[{"href":"https:\/\/redsemlac.com\/semmexico\/wp-json\/wp\/v2\/posts\/53221","targetHints":{"allow":["GET"]}}],"collection":[{"href":"https:\/\/redsemlac.com\/semmexico\/wp-json\/wp\/v2\/posts"}],"about":[{"href":"https:\/\/redsemlac.com\/semmexico\/wp-json\/wp\/v2\/types\/post"}],"author":[{"embeddable":true,"href":"https:\/\/redsemlac.com\/semmexico\/wp-json\/wp\/v2\/users\/3"}],"replies":[{"embeddable":true,"href":"https:\/\/redsemlac.com\/semmexico\/wp-json\/wp\/v2\/comments?post=53221"}],"version-history":[{"count":0,"href":"https:\/\/redsemlac.com\/semmexico\/wp-json\/wp\/v2\/posts\/53221\/revisions"}],"wp:featuredmedia":[{"embeddable":true,"href":"https:\/\/redsemlac.com\/semmexico\/wp-json\/wp\/v2\/media\/53222"}],"wp:attachment":[{"href":"https:\/\/redsemlac.com\/semmexico\/wp-json\/wp\/v2\/media?parent=53221"}],"wp:term":[{"taxonomy":"category","embeddable":true,"href":"https:\/\/redsemlac.com\/semmexico\/wp-json\/wp\/v2\/categories?post=53221"},{"taxonomy":"post_tag","embeddable":true,"href":"https:\/\/redsemlac.com\/semmexico\/wp-json\/wp\/v2\/tags?post=53221"}],"curies":[{"name":"wp","href":"https:\/\/api.w.org\/{rel}","templated":true}]}}