{"id":5316,"date":"2018-03-10T17:48:04","date_gmt":"2018-03-10T17:48:04","guid":{"rendered":"https:\/\/redsemlac.com\/semmexico\/?p=5316"},"modified":"2023-07-21T14:30:46","modified_gmt":"2023-07-21T19:30:46","slug":"el-proximo-15-de-marzo-se-presentara-en-el-auditorio-de-la-faculta-de-filosofia-y-letras-de-la-universidad-autonoma-de-guerrero-uagro-el-mapa-interactivo-sobre-feminicidios-en-mexico","status":"publish","type":"post","link":"https:\/\/redsemlac.com\/semmexico\/el-proximo-15-de-marzo-se-presentara-en-el-auditorio-de-la-faculta-de-filosofia-y-letras-de-la-universidad-autonoma-de-guerrero-uagro-el-mapa-interactivo-sobre-feminicidios-en-mexico\/","title":{"rendered":"El pr\u00f3ximo 15 de marzo, se presentar\u00e1 en el auditorio de la faculta de Filosof\u00eda y Letras, de la Universidad Aut\u00f3noma de Guerrero (UAgro), el Mapa Interactivo sobre Feminicidios en M\u00e9xico"},"content":{"rendered":"\n<p class=\"wp-block-paragraph\"><a href=\"https:\/\/www.semmexico.com\/gallery-post.php?id=4242#\">Magaly Rodriguez<\/a><\/p>\n\n\n\n<p class=\"wp-block-paragraph\"><br>SemM\u00e9xico. Chilpancingo, Guerrero. 1 0de marzo de 2018.-Con la proyecci\u00f3n de la pel\u00edcula \u201cLas Mujeres tienen curvas\u201d, concluy\u00f3 el ciclo de Cine debate organizado por la Unidad para la igualdad de G\u00e9nero del Congreso del Estado, llevado a cabo en el marco de la conmemoraci\u00f3n del D\u00eda Internacional de la Mujer.<br><br>La proyecci\u00f3n se llev\u00f3 a cabo en la sala legislativa \u201cJos\u00e9 Francisco Ruiz Massieu\u201d, y tuvo como comentarista a la feminista y catedr\u00e1tica, Mar\u00eda Luisa Garfias Mar\u00edn.&nbsp;<br><br>La trama de la pel\u00edcula versa sobre los estereotipos de la belleza femenina, la autoestima de las mujeres, la aceptaci\u00f3n de cada una tal cual es, los roles sociales, as\u00ed como el empoderamiento que las mujeres alcanzan cuando se auto valoran y se revelan para no seguir asumiendo las formas tradicionales y patriarcales, impuestas por la sociedad.<br><br>La mayor\u00eda de las asistentes que hicieron uso de la palabra, se identificaron con el rol de la mam\u00e1 que dentro del sistema patriarcal, trata de imponer estos mismos estereotipos a sus hijas, toma decisiones por ellas y les impone responsabilidades que no les corresponden; algunas otras se identificaron con la protagonista, quien a pesar de los intentos de su madre, de seguir replicando la sumisi\u00f3n, y hasta la humillaci\u00f3n, al aceptarse f\u00edsicamente tal cual es, pero sabi\u00e9ndose poseedora de capacidades e inteligencia, se empodera de tal forma que se impone y asume una actitud triunfadora.<br><br>Garfias Mar\u00edn cuestion\u00f3 sobre cu\u00e1ntas de las asistentes reproducen esos mismos roles patriarcales con sus hijas, en esta cultura patriarcal, en la que se busca un modelo se ser mujer, \u201cpero yo les pregunto, cuales son los c\u00e1nones de este modelo de belleza de la mujer\u201d, tambi\u00e9n subray\u00f3 el cambio de pensamiento respecto a la sexualidad, en el que se muestra que hay aspectos m\u00e1s importantes que la virginidad, considerada \u201ccomo un tesoro que hay que protegerlos hasta llegar al matrimonio.<br><br>Subray\u00f3 que en este filme, es una de las pel\u00edculas para analizar los derechos humanos, que no exhibe a una protagonista v\u00edctima, que muestra el cuerpo de las mujeres \u201ctal como somos las mujeres\u201d, pero sobre todo destac\u00f3 ya hace alusi\u00f3n a hombres que est\u00e1n teniendo una nueva forma de pensar respecto de las mujeres y se vuelven aliados de las mujeres que las ayudan para llegar a sus metas a sus prop\u00f3sitos, \u201cestamos ante una nueva realidad de roles de nuevas masculinidades, estamos encontrando a hombres con una nueva forma de mirar a las mujeres\u201d.<br><br>Sheila Conteras Alcaraz, titular de la Unidad para la Igualdad de G\u00e9nero del Congreso del Estado, dio a conocer que con esta proyecci\u00f3n concluye el ciclo de cine debate, pero no las actividades; anunci\u00f3 que el pr\u00f3ximo 15 de marzo, se presentar\u00e1 en el auditorio de la faculta de Filosof\u00eda y Letras, de la Universidad Aut\u00f3noma de Guerrero (UAgro), el Mapa Interactivo sobre Feminicidios en M\u00e9xico, por parte de su creadora, Mar\u00eda Salguero, as\u00ed como el estudio sobre violencia de g\u00e9nero en Guerrero desde la Pluralidad, de Marisol Alcocer Perulero.<br><br><\/p>\n","protected":false},"excerpt":{"rendered":"<p>Magaly Rodriguez SemM\u00e9xico. Chilpancingo, Guerrero. 1 0de marzo de 2018.-Con la proyecci\u00f3n de la pel\u00edcula \u201cLas Mujeres tienen curvas\u201d, concluy\u00f3 el ciclo de Cine debate organizado por la Unidad para la igualdad de G\u00e9nero del Congreso del Estado, llevado a cabo en el marco de la conmemoraci\u00f3n del D\u00eda Internacional de la Mujer. La proyecci\u00f3n [&hellip;]<\/p>\n","protected":false},"author":3,"featured_media":5317,"comment_status":"open","ping_status":"open","sticky":false,"template":"","format":"standard","meta":{"_monsterinsights_skip_tracking":false,"footnotes":""},"categories":[689,50],"tags":[],"class_list":["post-5316","post","type-post","status-publish","format-standard","has-post-thumbnail","category-689","category-congreso"],"_links":{"self":[{"href":"https:\/\/redsemlac.com\/semmexico\/wp-json\/wp\/v2\/posts\/5316","targetHints":{"allow":["GET"]}}],"collection":[{"href":"https:\/\/redsemlac.com\/semmexico\/wp-json\/wp\/v2\/posts"}],"about":[{"href":"https:\/\/redsemlac.com\/semmexico\/wp-json\/wp\/v2\/types\/post"}],"author":[{"embeddable":true,"href":"https:\/\/redsemlac.com\/semmexico\/wp-json\/wp\/v2\/users\/3"}],"replies":[{"embeddable":true,"href":"https:\/\/redsemlac.com\/semmexico\/wp-json\/wp\/v2\/comments?post=5316"}],"version-history":[{"count":0,"href":"https:\/\/redsemlac.com\/semmexico\/wp-json\/wp\/v2\/posts\/5316\/revisions"}],"wp:featuredmedia":[{"embeddable":true,"href":"https:\/\/redsemlac.com\/semmexico\/wp-json\/wp\/v2\/media\/5317"}],"wp:attachment":[{"href":"https:\/\/redsemlac.com\/semmexico\/wp-json\/wp\/v2\/media?parent=5316"}],"wp:term":[{"taxonomy":"category","embeddable":true,"href":"https:\/\/redsemlac.com\/semmexico\/wp-json\/wp\/v2\/categories?post=5316"},{"taxonomy":"post_tag","embeddable":true,"href":"https:\/\/redsemlac.com\/semmexico\/wp-json\/wp\/v2\/tags?post=5316"}],"curies":[{"name":"wp","href":"https:\/\/api.w.org\/{rel}","templated":true}]}}