{"id":53133,"date":"2022-07-15T05:56:46","date_gmt":"2022-07-15T11:56:46","guid":{"rendered":"https:\/\/redsemlac.com\/semmexico\/?p=53133"},"modified":"2023-07-21T19:08:42","modified_gmt":"2023-07-22T00:08:42","slug":"ambigu-bedolla-con-lana-y-sin-suerte-regreso-silvano","status":"publish","type":"post","link":"https:\/\/redsemlac.com\/semmexico\/ambigu-bedolla-con-lana-y-sin-suerte-regreso-silvano\/","title":{"rendered":"Ambig\u00fa| Bedolla, con lana y sin suerte: regres\u00f3 Silvano"},"content":{"rendered":"\n<p class=\"wp-block-paragraph\"><strong>Martha Elba Torres Mart\u00ednez<\/strong><\/p>\n\n\n\n<p class=\"wp-block-paragraph\">SemM\u00e9xico. Morelia, Michoac\u00e1n. 15 de julio 2022.- Si los comunicados de prensa no mienten, en septiembre de 2021, el gobernador Alfredo Ram\u00edrez Bedolla anunci\u00f3 que consigui\u00f3 con el Gobierno Federal, recursos extraordinarios por 3 mil 822 millones de pesos para cubrir salarios a los trabajadores del sector educativo. Con esa lana, se garantizaba el pago de salarios y prestaciones por lo que restaba del a\u00f1o.<\/p>\n\n\n\n<p class=\"wp-block-paragraph\">En noviembre de 2021, jur\u00f3 que aun cuando no se concretara la federalizaci\u00f3n de la n\u00f3mina magisterial, el Presupuesto de Egresos 2022 y el convenio UO80 con el Gobierno Central, garantizaban las quincenas completas y a tiempo, para este a\u00f1o.<\/p>\n\n\n\n<p class=\"wp-block-paragraph\">El 26 de abril de 2022, el Gobierno de M\u00e9xico a trav\u00e9s de la SEP anunci\u00f3 que asumir\u00eda el control de la n\u00f3mina de todos los docentes del pa\u00eds para liberar a los gobiernos estatales de este pesado gasto. Horas despu\u00e9s se retract\u00f3 de la nueva buena para el magisterio.<\/p>\n\n\n\n<p class=\"wp-block-paragraph\">Diciembre de 2019. Como diputado local, Ram\u00edrez Bedolla se opuso a la integraci\u00f3n de un cr\u00e9dito etiquetado en el Presupuesto de Egresos 2020, por 4 mil 90 mdp. \u201cNo podemos poner en riesgo la estabilidad financiera de Michoac\u00e1n a mediano y largo plazo, ya que dejar\u00e1 comprometido el 98 por ciento de las participaciones federales para el pago a bancos\u201d, repet\u00eda reiteradamente desde la tribuna del Congreso local.<\/p>\n\n\n\n<p class=\"wp-block-paragraph\">Octubre de 2021. A dos semanas de asumir la gubernatura, Bedolla contrat\u00f3 con Banorte un cr\u00e9dito por mil 400 mdp pagadero a un a\u00f1o.<\/p>\n\n\n\n<p class=\"wp-block-paragraph\">Esta segunda semana de julio, ya no le import\u00f3 mucho hipotecar las participaciones federales con las que tendr\u00e1n que lidiar los siguientes cuatro gobernadores, porque refinanciar\u00e1, con la autorizaci\u00f3n del Congreso, la deuda bancaria contratada desde L\u00e1zaro C\u00e1rdenas Batel (2002-2008) hasta Silvano Aureoles (2015-2021), por un monto de cerca de 19,600 mdp. Y en el peor momento por el ciclo alcista de las tasas de inter\u00e9s.<\/p>\n\n\n\n<p class=\"wp-block-paragraph\">\u00bfQu\u00e9 pas\u00f3? Lo que esta columnista vino advirtiendo desde finales del a\u00f1o pasado: el gobierno de AMLO ha sido el m\u00e1s gandalla con los estados, y Michoac\u00e1n le importa un bledo.<\/p>\n\n\n\n<p class=\"wp-block-paragraph\">Nunca hubo \u201crecursos extraordinarios\u201d, fue adelanto de participaciones; el dinero para la n\u00f3mina a trav\u00e9s del U080 no alcanza y todos los d\u00edas le aparece la CNTE \u201ceventuales\u201d y adeudos. Y todav\u00eda tiene que liquidar el cr\u00e9dito de mil,400 mdp que contrat\u00f3 para este a\u00f1o, m\u00e1s los 4 mil 90 mdp del cr\u00e9dito de 2020 y del que dice, no se abon\u00f3 ni un peso a capital.<\/p>\n\n\n\n<p class=\"wp-block-paragraph\">Estado de la cuesti\u00f3n, es que el que no tiene ni un peso, es el gobierno morenista y a partir de este mes de este mismo mes, consideraba un recorte dr\u00e1stico al gasto gubernamental por el orden de los mil 500 mdp y habr\u00eda otra vez, problemas financieros para cerrar 2022\u2026<\/p>\n\n\n\n<p class=\"has-text-align-center has-medium-font-size wp-block-paragraph\"><strong> ***<\/strong><\/p>\n\n\n\n<p class=\"wp-block-paragraph\">Toda la campa\u00f1a del 2021, el gobernador morenista se la pas\u00f3 cuestionando el destino del famoso cr\u00e9dito por 4 mil 90 mdp, y ahora us\u00f3 ese \u201ca\u00f1o de gracia\u201d para justificar el refinanciamiento de la deuda a largo plazo. Y tan sencillo: pod\u00eda preguntarle a Silvano, ahora que ya reapareci\u00f3 en Michoac\u00e1n.<\/p>\n\n\n\n<p class=\"wp-block-paragraph\">Lo mejor es lo que se va a poner -parafraseando al ilustre AMLO- con el retorno a la vida p\u00fablica y pol\u00edtica del perredista.<\/p>\n\n\n\n<p class=\"wp-block-paragraph\">A los nueve meses cumplidos -supongo que fue el acuerdo con la alta esfera del Presidente-, Aureoles reactiv\u00f3 sus cuentas en FB y Twitter, posteando encuentros con el ingeniero Cuauht\u00e9moc C\u00e1rdenas; con el arzobispo de Morelia Carlos Garfias, y con la bancada del PRD en el Congreso local. Es larga la agenda de citas del ex gobernador porque aunque no lo crean, tiene m\u00e1s amigos de los que se imaginan.<\/p>\n\n\n\n<p class=\"wp-block-paragraph\">V\u00edctor Manr\u00edquez Gonz\u00e1lez, coordinador del grupo amarillo, lo explic\u00f3 m\u00e1s clarito:<\/p>\n\n\n\n<p class=\"wp-block-paragraph\">\u201cEl Congreso del estado mandat\u00f3 en espec\u00edfico, sobre ese cr\u00e9dito por 4 mil 90 millones de pesos, un periodo de gracia para pago de capital hasta de 12 meses, contados a partir de la primera disposici\u00f3n del cr\u00e9dito y el Ejecutivo acat\u00f3 la disposici\u00f3n\u201d. Zanjadas las dudas, la 75 Legislatura en menos que canta un gallo le autoriz\u00f3 el refinanciamiento \u201cpor el bien de las finanzas del estado\u201d.<\/p>\n\n\n\n<p class=\"wp-block-paragraph\">Silvano recibi\u00f3 en 2015, deuda a largo plazo por m\u00e1s de 18 mil mdp, termin\u00f3 con la bursatilizaci\u00f3n de deuda que contrat\u00f3 C\u00e1rdenas Batel de 2002 a 2008 y con la terrible \u201clicuadora\u201d que oper\u00f3 en los mandatos de Leonel Godoy, Fausto Vallejo y Salvador Jara, pero la pesada carga del d\u00e9ficit en el sector educativo nunca pudo -ni podr\u00e1- estabilizar las finanzas de Michoac\u00e1n.<\/p>\n\n\n\n<p class=\"wp-block-paragraph\">A pesar de su promesa, L\u00f3pez Obrador no federaliz\u00f3 la n\u00f3mina magisterial con Silvano Aureoles y tampoco lo va a hacer con Ram\u00edrez Bedolla. Esta es la fr\u00eda realidad. Ahora el gobernador morenista contratar\u00e1 deuda para pagar deuda y seguiremos en las mismas. Al tiempo\u2026<\/p>\n\n\n\n<p class=\"has-text-align-center has-medium-font-size wp-block-paragraph\"><strong> ***<\/strong><\/p>\n\n\n\n<p class=\"wp-block-paragraph\">El pasado fin de semana, el Presidente visit\u00f3 Buchil, Ixtapa, Ocosingo, San Crist\u00f3bal de las Casas y Villa de Corzo, en Chiapas. Un estado pobre, pobr\u00edsimo, a pesar de toda la atenci\u00f3n prestada desde que se visibiliz\u00f3 internacionalmente con el levantamiento zapatista.<\/p>\n\n\n\n<p class=\"wp-block-paragraph\">En cuatro a\u00f1os, para Chiapas, tarjetas y sucursales del Banco del Bienestar. Por ejemplo, la anhelada carretera San Crist\u00f3bal-Ocosingo nada m\u00e1s no se concreta, porque en ese tiempo, el gobernador Rutilio Escand\u00f3n no ha avanzado con el derecho de v\u00eda. \u201cNo es su culpa -justific\u00f3 AMLO-, sino porque unos quieren y otros no\u201d. Y entonces \u00bfpor qu\u00e9 para el Tren Maya s\u00ed aplica la expropiaci\u00f3n en beneficio del pueblo?<\/p>\n\n\n\n<p class=\"wp-block-paragraph\">En cada una de las cuatro plazas visitadas, la ret\u00f3rica presidencial fue la misma, los programas sociales. \u201cAunque ya sea veterano (las y los viejitos), puede venir solo, con su tarjeta; si no, alguien de la familia que lo acompa\u00f1e. Pero \u00e9l puede, sin necesitar de nadie, venir y recibir lo que por derecho le corresponde. Porque es apenas una peque\u00f1a recompensa para todos los adultos mayores del pa\u00eds que ya trabajaron, ya ayudaron al desarrollo de M\u00e9xico y es justo que en el \u00faltimo tramo de su existencia puedan vivir con un poquito de holgura, de emoci\u00f3n, de decir: \u2018Tengo mi apoyo, mi reconocimiento\u2019.<\/p>\n\n\n\n<p class=\"wp-block-paragraph\">\u201cY lo mismo para personas con discapacidad, lo mismo para becarios, para los que est\u00e1n en Sembrando Vida, los J\u00f3venes Construyendo el Futuro, para los que reciben el apoyo para Producci\u00f3n para el Bienestar, todos con su tarjeta.<\/p>\n\n\n\n<p class=\"wp-block-paragraph\">\u201cY ya va a quedar establecido el sistema para cuando nosotros ya no estemos en el gobierno. Porque tenemos que entregar el gobierno a finales de septiembre del 2024. Pero no deben ustedes preocuparse, porque todo lo estamos dejando ya bien amarrado, llegue quien llegue.<\/p>\n\n\n\n<p class=\"wp-block-paragraph\">-\u00a1Seis a\u00f1os m\u00e1s!, grit\u00f3 el gent\u00edo.<\/p>\n\n\n\n<p class=\"wp-block-paragraph\">\u201cNo, no hace falta la reelecci\u00f3n. Acu\u00e9rdense lo que dec\u00eda el Ap\u00f3stol de la Democracia, Francisco I. Madero: sufragio efectivo, no reelecci\u00f3n. Entonces, ya van a llegar otros. Hay relevo\u201d.<\/p>\n\n\n\n<p class=\"wp-block-paragraph\">Entonces es f\u00e1cil entender esa m\u00e1quina de votantes que meticulosamente aceita L\u00f3pez Obrador para garantizar la continuidad de su \u201ctransformaci\u00f3n\u201d. Tiene todo amarrado, el voto y el relevo.<\/p>\n\n\n\n<p class=\"wp-block-paragraph\">En consecuencia, \u00bfpara qu\u00e9 las encuestas de Morena para la candidatura presidencial si ya tiene \u201cel relevo\u201d?<\/p>\n\n\n\n<p class=\"wp-block-paragraph\">Por eso el discurso de Ricardo Monreal contra el vil dedazo disfrazado de encuestas. L\u00f3pez Obrador va a se\u00f1alar a su candidato, como ha impuesto en gubernaturas a impresentables y buenos para nada.<\/p>\n\n\n\n<p class=\"wp-block-paragraph\">Por eso su llamado a las y los morenistas a no permitir que las viejas pr\u00e1cticas de los partidos que se est\u00e1n extinguiendo se repitan en Morena. \u201cNo queremos que traigan esas pr\u00e1cticas a Morena y a nuestro movimiento y por eso tenemos que actuar con congruencia y pedir la democratizaci\u00f3n&nbsp; de las decisiones y pedir que se tome en cuenta a la gente; es la \u00fanica manera de salir adelante y de culminar este proceso de transformaci\u00f3n pol\u00edtica\u201d.<\/p>\n\n\n\n<p class=\"wp-block-paragraph\">La maldici\u00f3n en Morena: la democracia es traici\u00f3n\u2026<\/p>\n","protected":false},"excerpt":{"rendered":"<p>Martha Elba Torres Mart\u00ednez SemM\u00e9xico. Morelia, Michoac\u00e1n. 15 de julio 2022.- Si los comunicados de prensa no mienten, en septiembre de 2021, el gobernador Alfredo Ram\u00edrez Bedolla anunci\u00f3 que consigui\u00f3 con el Gobierno Federal, recursos extraordinarios por 3 mil 822 millones de pesos para cubrir salarios a los trabajadores del sector educativo. Con esa lana, [&hellip;]<\/p>\n","protected":false},"author":3,"featured_media":38534,"comment_status":"open","ping_status":"open","sticky":false,"template":"","format":"standard","meta":{"_monsterinsights_skip_tracking":false,"footnotes":""},"categories":[693,99,90,35],"tags":[459],"class_list":["post-53133","post","type-post","status-publish","format-standard","has-post-thumbnail","category-693","category-ambigu","category-martha-elba-torres-martinez","category-opinion","tag-opinion"],"_links":{"self":[{"href":"https:\/\/redsemlac.com\/semmexico\/wp-json\/wp\/v2\/posts\/53133","targetHints":{"allow":["GET"]}}],"collection":[{"href":"https:\/\/redsemlac.com\/semmexico\/wp-json\/wp\/v2\/posts"}],"about":[{"href":"https:\/\/redsemlac.com\/semmexico\/wp-json\/wp\/v2\/types\/post"}],"author":[{"embeddable":true,"href":"https:\/\/redsemlac.com\/semmexico\/wp-json\/wp\/v2\/users\/3"}],"replies":[{"embeddable":true,"href":"https:\/\/redsemlac.com\/semmexico\/wp-json\/wp\/v2\/comments?post=53133"}],"version-history":[{"count":0,"href":"https:\/\/redsemlac.com\/semmexico\/wp-json\/wp\/v2\/posts\/53133\/revisions"}],"wp:featuredmedia":[{"embeddable":true,"href":"https:\/\/redsemlac.com\/semmexico\/wp-json\/wp\/v2\/media\/38534"}],"wp:attachment":[{"href":"https:\/\/redsemlac.com\/semmexico\/wp-json\/wp\/v2\/media?parent=53133"}],"wp:term":[{"taxonomy":"category","embeddable":true,"href":"https:\/\/redsemlac.com\/semmexico\/wp-json\/wp\/v2\/categories?post=53133"},{"taxonomy":"post_tag","embeddable":true,"href":"https:\/\/redsemlac.com\/semmexico\/wp-json\/wp\/v2\/tags?post=53133"}],"curies":[{"name":"wp","href":"https:\/\/api.w.org\/{rel}","templated":true}]}}