{"id":53006,"date":"2022-07-12T09:01:50","date_gmt":"2022-07-12T15:01:50","guid":{"rendered":"https:\/\/redsemlac.com\/semmexico\/?p=53006"},"modified":"2023-07-21T19:08:46","modified_gmt":"2023-07-22T00:08:46","slug":"el-feminicida-de-magdalena-aguilar-romero-fue-vinculado-a-proceso-en-el-cereso-de-iguala-guerrero","status":"publish","type":"post","link":"https:\/\/redsemlac.com\/semmexico\/el-feminicida-de-magdalena-aguilar-romero-fue-vinculado-a-proceso-en-el-cereso-de-iguala-guerrero\/","title":{"rendered":"El feminicida de Magdalena Aguilar Romero, fue vinculado a proceso en el CERESO de Iguala, Guerrero"},"content":{"rendered":"\n<ul class=\"wp-block-list\"><li><strong>Fue detenido el 06 de julio en Tijuana, Baja California.<\/strong><\/li><li><strong>Se mantuvo pr\u00f3fugo por 4 a\u00f1os y medio, a pesar de que era buscado por la Interpol.<\/strong><\/li><\/ul>\n\n\n\n<p class=\"wp-block-paragraph\"><strong>Josefina Aguilar Pastor<\/strong><\/p>\n\n\n\n<p class=\"wp-block-paragraph\">SemM\u00e9xico, Chilpancingo, Guerrero, 12 de julio del 2022. \u2013 C\u00e9sar \u201cN\u201d, fue ingresado este s\u00e1bado al Centro de Reinserci\u00f3n Social (CERESO), con sede en Tuxpan, Iguala, en la regi\u00f3n Norte de la entidad; con base a la carpeta de investigaci\u00f3n C-08\/2018,&nbsp; por el delito de feminicidio cometido en Taxco, en enero del 2018 en agravio hacia su ex esposa, la nutri\u00f3loga Magdalena Aguilar Romero.<\/p>\n\n\n\n<p class=\"wp-block-paragraph\">El presunto feminicida, fue detenido el mi\u00e9rcoles pasado por la noche, por polic\u00edas municipales de la secci\u00f3n tur\u00edstica de Tijuana, Baja California; cuando se encontraba ingiriendo bebidas alcoh\u00f3licas en una calle de esa ciudad fronteriza.<\/p>\n\n\n\n<p class=\"wp-block-paragraph\">De acuerdo a la versi\u00f3n difundida, al ser interrogado, C\u00e9sar \u201cN\u201d, les dijo llamarse M\u00e1ximo, pero en dos ocasiones cambi\u00f3 los apellidos, de Herrera Garc\u00eda a Guerrero Garc\u00eda, lo que result\u00f3 sospechoso a los uniformados, que optaron por ponerlo bajo custodia.<\/p>\n\n\n\n<p class=\"wp-block-paragraph\">Al realizar una consulta en el sistema nacional, les arroj\u00f3 su nombre real con su fotograf\u00eda, buscado por el delito de feminicidio, con base a la carpeta de investigaci\u00f3n C-08\/2018.<\/p>\n\n\n\n<p class=\"wp-block-paragraph\">Luego de su detenci\u00f3n el mi\u00e9rcoles en Tijuana, la Fiscal\u00eda General del Estado, (FGE), realiz\u00f3 los tr\u00e1mites para qu\u00e9 elementos de la Polic\u00eda Ministerial de Guerrero realizaran el traslado de C\u00e9sar \u201cN\u201d en avi\u00f3n comercial a la Ciudad de M\u00e9xico, y de ah\u00ed por tierra, llegando&nbsp; la madrugada de este s\u00e1bado, y llevado al CERESO de Tuxpan, en Iguala, donde alrededor de las 10:45 de la ma\u00f1ana fue puesto a disposici\u00f3n del juez de control.&nbsp;<\/p>\n\n\n\n<p class=\"wp-block-paragraph\">M\u00e1s tarde, se llev\u00f3 acabo la audiencia inicial de formulaci\u00f3n de importaci\u00f3n y vinculaci\u00f3n a proceso, donde el agente del Ministerio P\u00fablico, hizo del conocimiento los hechos que se le imputan a C\u00e9sar \u201cN\u201d y los datos de prueba con que se cuenta para solicitar la vinculaci\u00f3n a proceso.<\/p>\n\n\n\n<p class=\"wp-block-paragraph\">El feminicida, se mantuvo pr\u00f3fugo por 4 a\u00f1os y medio, a pesar de que era buscado incluso por la Interpol, y que la FGE ofreci\u00f3 500 mil pesos de recompensa a quien diera informaci\u00f3n que ayudara a dar con su paradero.<\/p>\n\n\n\n<p class=\"wp-block-paragraph\">Era buscado por el feminicidio de Magdalena Aguilar Romero, cuyo cuerpo fue encontrado el 22 de enero de 2018, en un botanero de su propiedad, cuyos restos fueron encontrados en ollas de peltre cocin\u00e1ndose en la estufa y otros estaban guardados en el refrigerador.<\/p>\n\n\n\n<p class=\"wp-block-paragraph\">C\u00e9sar \u201cN\u201d, habr\u00eda sido ayudado por su madre, Silvia \u201cN\u201d, misma que fue capturada previamente y quien desde diciembre de 2019,&nbsp; se encuentra purgando una condena de 40 a\u00f1os de c\u00e1rcel.<\/p>\n\n\n\n<p class=\"wp-block-paragraph\">El detenido, fue vinculado a proceso y como medida cautelar, dictaron prisi\u00f3n preventiva en el mencionado reclusorio de Tuxpan, en Iguala.<\/p>\n\n\n\n<p class=\"wp-block-paragraph\">SEM\/MG<\/p>\n","protected":false},"excerpt":{"rendered":"<p>Fue detenido el 06 de julio en Tijuana, Baja California.<\/p>\n","protected":false},"author":3,"featured_media":53007,"comment_status":"open","ping_status":"open","sticky":false,"template":"","format":"standard","meta":{"_monsterinsights_skip_tracking":false,"footnotes":""},"categories":[693,47,48],"tags":[],"class_list":["post-53006","post","type-post","status-publish","format-standard","has-post-thumbnail","category-693","category-no-mas-impunidad","category-no-mas-impunidad-no-mas-impunidad"],"_links":{"self":[{"href":"https:\/\/redsemlac.com\/semmexico\/wp-json\/wp\/v2\/posts\/53006","targetHints":{"allow":["GET"]}}],"collection":[{"href":"https:\/\/redsemlac.com\/semmexico\/wp-json\/wp\/v2\/posts"}],"about":[{"href":"https:\/\/redsemlac.com\/semmexico\/wp-json\/wp\/v2\/types\/post"}],"author":[{"embeddable":true,"href":"https:\/\/redsemlac.com\/semmexico\/wp-json\/wp\/v2\/users\/3"}],"replies":[{"embeddable":true,"href":"https:\/\/redsemlac.com\/semmexico\/wp-json\/wp\/v2\/comments?post=53006"}],"version-history":[{"count":0,"href":"https:\/\/redsemlac.com\/semmexico\/wp-json\/wp\/v2\/posts\/53006\/revisions"}],"wp:featuredmedia":[{"embeddable":true,"href":"https:\/\/redsemlac.com\/semmexico\/wp-json\/wp\/v2\/media\/53007"}],"wp:attachment":[{"href":"https:\/\/redsemlac.com\/semmexico\/wp-json\/wp\/v2\/media?parent=53006"}],"wp:term":[{"taxonomy":"category","embeddable":true,"href":"https:\/\/redsemlac.com\/semmexico\/wp-json\/wp\/v2\/categories?post=53006"},{"taxonomy":"post_tag","embeddable":true,"href":"https:\/\/redsemlac.com\/semmexico\/wp-json\/wp\/v2\/tags?post=53006"}],"curies":[{"name":"wp","href":"https:\/\/api.w.org\/{rel}","templated":true}]}}