{"id":52940,"date":"2022-07-11T08:20:15","date_gmt":"2022-07-11T14:20:15","guid":{"rendered":"https:\/\/redsemlac.com\/semmexico\/?p=52940"},"modified":"2023-07-21T19:08:48","modified_gmt":"2023-07-22T00:08:48","slug":"soy-bajo-observacion-aborto-en-la-cdmx-se-hace-menos-comun","status":"publish","type":"post","link":"https:\/\/redsemlac.com\/semmexico\/soy-bajo-observacion-aborto-en-la-cdmx-se-hace-menos-comun\/","title":{"rendered":"#SOY Bajo Observaci\u00f3n | Aborto en la CDMX se hace menos com\u00fan"},"content":{"rendered":"\n<ul class=\"wp-block-list\"><li><strong>De acuerdo con datos de la Ciudad de M\u00e9xico, el n\u00famero de abortos practicados dentro del sistema de salud durante el 2021 fueron 40%<\/strong><\/li><\/ul>\n\n\n\n<p class=\"wp-block-paragraph\"><strong>Erick Ram\u00edrez<\/strong><\/p>\n\n\n\n<p class=\"wp-block-paragraph\">SemM\u00e9xico\/El Sol de M\u00e9xico, Ciudad de M\u00e9xico, 11 de julio del 2022.- De acuerdo con datos de la Ciudad de M\u00e9xico, el n\u00famero de abortos practicados dentro del sistema de salud durante el 2021 fueron 40% menos que los del 2011, con lo que se detecta una d\u00e9cada de constantes reducciones.<\/p>\n\n\n\n<p class=\"wp-block-paragraph\">La mayor\u00eda de mujeres atendidas desde el 2007, a\u00f1o en que se legaliz\u00f3 la interrupci\u00f3n del embarazo en esta ciudad, han sido estudiantes de preparatoria entre 18 y 24 a\u00f1os, residentes de la Zona Metropolitana del Valle de M\u00e9xico y estados aleda\u00f1os.<\/p>\n\n\n\n<p class=\"wp-block-paragraph\">SEM\/MG<\/p>\n","protected":false},"excerpt":{"rendered":"<p>De acuerdo con datos de la Ciudad de M\u00e9xico, el n\u00famero de abortos practicados dentro del sistema de salud durante el 2021 fueron 40%<\/p>\n","protected":false},"author":3,"featured_media":52941,"comment_status":"open","ping_status":"open","sticky":false,"template":"","format":"standard","meta":{"_monsterinsights_skip_tracking":false,"footnotes":""},"categories":[693,61,54,64],"tags":[149],"class_list":["post-52940","post","type-post","status-publish","format-standard","has-post-thumbnail","category-693","category-en-cifras","category-mujeres","category-para-saber","tag-mujeres"],"_links":{"self":[{"href":"https:\/\/redsemlac.com\/semmexico\/wp-json\/wp\/v2\/posts\/52940","targetHints":{"allow":["GET"]}}],"collection":[{"href":"https:\/\/redsemlac.com\/semmexico\/wp-json\/wp\/v2\/posts"}],"about":[{"href":"https:\/\/redsemlac.com\/semmexico\/wp-json\/wp\/v2\/types\/post"}],"author":[{"embeddable":true,"href":"https:\/\/redsemlac.com\/semmexico\/wp-json\/wp\/v2\/users\/3"}],"replies":[{"embeddable":true,"href":"https:\/\/redsemlac.com\/semmexico\/wp-json\/wp\/v2\/comments?post=52940"}],"version-history":[{"count":0,"href":"https:\/\/redsemlac.com\/semmexico\/wp-json\/wp\/v2\/posts\/52940\/revisions"}],"wp:featuredmedia":[{"embeddable":true,"href":"https:\/\/redsemlac.com\/semmexico\/wp-json\/wp\/v2\/media\/52941"}],"wp:attachment":[{"href":"https:\/\/redsemlac.com\/semmexico\/wp-json\/wp\/v2\/media?parent=52940"}],"wp:term":[{"taxonomy":"category","embeddable":true,"href":"https:\/\/redsemlac.com\/semmexico\/wp-json\/wp\/v2\/categories?post=52940"},{"taxonomy":"post_tag","embeddable":true,"href":"https:\/\/redsemlac.com\/semmexico\/wp-json\/wp\/v2\/tags?post=52940"}],"curies":[{"name":"wp","href":"https:\/\/api.w.org\/{rel}","templated":true}]}}