{"id":5294,"date":"2018-04-05T17:34:50","date_gmt":"2018-04-05T17:34:50","guid":{"rendered":"https:\/\/redsemlac.com\/semmexico\/?p=5294"},"modified":"2023-07-21T14:30:44","modified_gmt":"2023-07-21T19:30:44","slug":"quedan-en-la-impunidad-dice-diputada-plascencia","status":"publish","type":"post","link":"https:\/\/redsemlac.com\/semmexico\/quedan-en-la-impunidad-dice-diputada-plascencia\/","title":{"rendered":"Quedan en la impunidad, dice diputada Plascencia"},"content":{"rendered":"\n<p class=\"wp-block-paragraph\"><a href=\"https:\/\/www.semmexico.com\/gallery-post.php?id=4440#\">Redacci\u00f3n<\/a><\/p>\n\n\n\n<p class=\"wp-block-paragraph\">SemM\u00e9xico, Cd. de M\u00e9xico, 5 de abril 2018.- La diputada Laura Nereida Plascencia Pacheco, presidenta de la Comisi\u00f3n de Igualdad de G\u00e9nero de la C\u00e1mara de Diputados, denunci\u00f3 la falta de compromiso por parte de las autoridades capitalinas en la atenci\u00f3n del caso de Frida G\u00f3mez, videocolumnista de SDP Noticias.&nbsp;<br>Expres\u00f3 que el caso de Frida G\u00f3mez se suma a casos incontables de feminicidios en el pa\u00eds, \u201crecordemos que siete mujeres son asesinadas por el hecho de ser mujeres y que el 90 por ciento de los casos quedan en impunidad\u201d, dijo.&nbsp;<br>Exigi\u00f3 al comentarista del Grupo Milenio que renuncie por \u00e9tica y al medio de comunicaci\u00f3n Milenio Diario que ponga cartas sobre el asunto.<br>Frida denunci\u00f3 ser v\u00edctima de agresi\u00f3n sexual, f\u00edsica, psicol\u00f3gica y amenazas de muerte por parte del periodista de Milenio Diario, Ilich Valdez.<br>A trav\u00e9s de un video publicado en SDP Noticias, G\u00f3mez explic\u00f3 que los hechos ocurrieron la madrugada de este mi\u00e9rcoles, luego de cenar con el reportero en la Casa Gallega para tratar un asunto relacionado a medios de comunicaci\u00f3n.<br>SEM\/rd\/sj<br><br><\/p>\n","protected":false},"excerpt":{"rendered":"<p>Redacci\u00f3n SemM\u00e9xico, Cd. de M\u00e9xico, 5 de abril 2018.- La diputada Laura Nereida Plascencia Pacheco, presidenta de la Comisi\u00f3n de Igualdad de G\u00e9nero de la C\u00e1mara de Diputados, denunci\u00f3 la falta de compromiso por parte de las autoridades capitalinas en la atenci\u00f3n del caso de Frida G\u00f3mez, videocolumnista de SDP Noticias.&nbsp;Expres\u00f3 que el caso de [&hellip;]<\/p>\n","protected":false},"author":3,"featured_media":5295,"comment_status":"open","ping_status":"open","sticky":false,"template":"","format":"standard","meta":{"_monsterinsights_skip_tracking":false,"footnotes":""},"categories":[689,50],"tags":[],"class_list":["post-5294","post","type-post","status-publish","format-standard","has-post-thumbnail","category-689","category-congreso"],"_links":{"self":[{"href":"https:\/\/redsemlac.com\/semmexico\/wp-json\/wp\/v2\/posts\/5294","targetHints":{"allow":["GET"]}}],"collection":[{"href":"https:\/\/redsemlac.com\/semmexico\/wp-json\/wp\/v2\/posts"}],"about":[{"href":"https:\/\/redsemlac.com\/semmexico\/wp-json\/wp\/v2\/types\/post"}],"author":[{"embeddable":true,"href":"https:\/\/redsemlac.com\/semmexico\/wp-json\/wp\/v2\/users\/3"}],"replies":[{"embeddable":true,"href":"https:\/\/redsemlac.com\/semmexico\/wp-json\/wp\/v2\/comments?post=5294"}],"version-history":[{"count":0,"href":"https:\/\/redsemlac.com\/semmexico\/wp-json\/wp\/v2\/posts\/5294\/revisions"}],"wp:featuredmedia":[{"embeddable":true,"href":"https:\/\/redsemlac.com\/semmexico\/wp-json\/wp\/v2\/media\/5295"}],"wp:attachment":[{"href":"https:\/\/redsemlac.com\/semmexico\/wp-json\/wp\/v2\/media?parent=5294"}],"wp:term":[{"taxonomy":"category","embeddable":true,"href":"https:\/\/redsemlac.com\/semmexico\/wp-json\/wp\/v2\/categories?post=5294"},{"taxonomy":"post_tag","embeddable":true,"href":"https:\/\/redsemlac.com\/semmexico\/wp-json\/wp\/v2\/tags?post=5294"}],"curies":[{"name":"wp","href":"https:\/\/api.w.org\/{rel}","templated":true}]}}