{"id":52933,"date":"2022-07-11T04:48:38","date_gmt":"2022-07-11T10:48:38","guid":{"rendered":"https:\/\/redsemlac.com\/semmexico\/?p=52933"},"modified":"2023-07-21T19:08:48","modified_gmt":"2023-07-22T00:08:48","slug":"violeta-del-anahuac-pendientes-hacia-las-mujeres","status":"publish","type":"post","link":"https:\/\/redsemlac.com\/semmexico\/violeta-del-anahuac-pendientes-hacia-las-mujeres\/","title":{"rendered":"Violeta del An\u00e1huac| \u00abPendientes hacia las Mujeres\u00bb"},"content":{"rendered":"\n<p class=\"wp-block-paragraph\"><strong>Isabel Ortega Morales<\/strong><\/p>\n\n\n\n<p class=\"wp-block-paragraph\">SemM\u00e9xico, Chilpancingo, Guerrero, 11 de julio del 2022.- Dijo que se llamaba \u201cM\u00e1ximo Herrera Garc\u00eda\u201d, cuando fue detenido por ingerir bebidas embriagantes sin oponer resistencia. La responsabilidad de las autoridades de Tijuana, Baja California, hicieron bien su trabajo al no dejarlo libre sin investigar el nuevo nombre que proporcionaba, \u201cM\u00e1ximo Guerrero Garc\u00eda\u201d, as\u00ed como el an\u00e1lisis de sus antecedentes. S\u00ed, estaba detenido quien asesin\u00f3 a mansalva a su ex pareja, y madre de sus dos hijos, a la nutri\u00f3loga Magdalena, en enero de 2018.<\/p>\n\n\n\n<p class=\"wp-block-paragraph\">El \u201cm\u00e1ximo crimen\u201d que cometi\u00f3 en \u201cGuerrero\u201d, lo puso como sello en su nombre, como un apunte claro de lo que le seguir\u00eda el resto de su existencia.<\/p>\n\n\n\n<p class=\"wp-block-paragraph\">Marina Reyna Aguilar, Directora de la Asociaci\u00f3n Guerrerense contra la Violencia hacia las Mujeres, A.C., dio a conocer que en la entidad se han cometido 69 homicidios dolosos contra mujeres, y que la detenci\u00f3n del feminicida de Magda \u201ces una buena noticia\u201d.<\/p>\n\n\n\n<p class=\"wp-block-paragraph\">Sin embargo, Marina Reyna coloc\u00f3 el tema del trato de la investigaci\u00f3n que se da a los asesinatos de mujeres en la entidad. Dijo que no se le da tratamiento de femicidios y recomend\u00f3 que darle este tratamiento permitir\u00e1 darle perspectiva de g\u00e9nero.<\/p>\n\n\n\n<p class=\"wp-block-paragraph\">Los datos son impactantes, y si las autoridades est\u00e1n haciendo la investigaci\u00f3n y b\u00fasqueda de los que han perpetrado esos hechos, y otras autoridades dicen que hacen la prevenci\u00f3n del delito, creo que nos falta hablar del fondo &nbsp;de los mismos, que nos est\u00e1 haciendo falta la educaci\u00f3n con perspectiva de g\u00e9nero para evitar la violencia.<\/p>\n\n\n\n<p class=\"wp-block-paragraph\">El estado de Guerrero es la primera entidad en contar con una instancia de atenci\u00f3n a las mujeres al m\u00e1s alto rango del organigrama, SECRETAR\u00cdA. Luego de que en noviembre de 1986 un grupo de mujeres, convocadas por Ma. In\u00e9s Huerta Pegueros, participamos en Zihuatanejo en un foro de an\u00e1lisis sobre las caracter\u00edsticas que podr\u00eda integrar una instancia de mujeres, incluso su creaci\u00f3n, evento al que convoc\u00f3 Jos\u00e9 Francisco Ru\u00edz Massieu, quien era Gobernador Electo del Estado de Guerrero.<\/p>\n\n\n\n<p class=\"wp-block-paragraph\">\u00bfQu\u00e9 ha sucedido desde ese momento hasta nuestros d\u00edas?, \u00bfqu\u00e9 avances ha logrado esa instancia que haya permeado a la sociedad y que impacte de tal manera que se noten los avances en una sociedad no solo igualitaria, sino una sociedad con una cultura de respeto que se refleje en la conducta social?<\/p>\n\n\n\n<p class=\"wp-block-paragraph\">Solo por citar otro dato proporcionado por la Asociaci\u00f3n Guerrerense de Violencia contra las Mujeres, presentada por Josefina Aguilar para SemM\u00e9xico, el registro de mujeres asesinadas en el a\u00f1o 2017 fue de 170 y 230 en el a\u00f1o 2018.<\/p>\n\n\n\n<p class=\"wp-block-paragraph\">Nos estamos llenado de datos, pero nos est\u00e1 quedando un gran pendiente que se est\u00e1 reflejando en la violencia contra las mujeres.<\/p>\n","protected":false},"excerpt":{"rendered":"<p>Dijo que se llamaba \u201cM\u00e1ximo Herrera Garc\u00eda\u201d, cuando fue detenido por ingerir bebidas embriagantes sin oponer resistencia.<\/p>\n","protected":false},"author":3,"featured_media":38055,"comment_status":"open","ping_status":"open","sticky":false,"template":"","format":"standard","meta":{"_monsterinsights_skip_tracking":false,"footnotes":""},"categories":[693,198,35,197],"tags":[459],"class_list":["post-52933","post","type-post","status-publish","format-standard","has-post-thumbnail","category-693","category-isabel-ortega-morales","category-opinion","category-violeta-del-anahuac","tag-opinion"],"_links":{"self":[{"href":"https:\/\/redsemlac.com\/semmexico\/wp-json\/wp\/v2\/posts\/52933","targetHints":{"allow":["GET"]}}],"collection":[{"href":"https:\/\/redsemlac.com\/semmexico\/wp-json\/wp\/v2\/posts"}],"about":[{"href":"https:\/\/redsemlac.com\/semmexico\/wp-json\/wp\/v2\/types\/post"}],"author":[{"embeddable":true,"href":"https:\/\/redsemlac.com\/semmexico\/wp-json\/wp\/v2\/users\/3"}],"replies":[{"embeddable":true,"href":"https:\/\/redsemlac.com\/semmexico\/wp-json\/wp\/v2\/comments?post=52933"}],"version-history":[{"count":0,"href":"https:\/\/redsemlac.com\/semmexico\/wp-json\/wp\/v2\/posts\/52933\/revisions"}],"wp:featuredmedia":[{"embeddable":true,"href":"https:\/\/redsemlac.com\/semmexico\/wp-json\/wp\/v2\/media\/38055"}],"wp:attachment":[{"href":"https:\/\/redsemlac.com\/semmexico\/wp-json\/wp\/v2\/media?parent=52933"}],"wp:term":[{"taxonomy":"category","embeddable":true,"href":"https:\/\/redsemlac.com\/semmexico\/wp-json\/wp\/v2\/categories?post=52933"},{"taxonomy":"post_tag","embeddable":true,"href":"https:\/\/redsemlac.com\/semmexico\/wp-json\/wp\/v2\/tags?post=52933"}],"curies":[{"name":"wp","href":"https:\/\/api.w.org\/{rel}","templated":true}]}}