{"id":52929,"date":"2022-07-11T04:44:52","date_gmt":"2022-07-11T10:44:52","guid":{"rendered":"https:\/\/redsemlac.com\/semmexico\/?p=52929"},"modified":"2023-07-21T19:08:49","modified_gmt":"2023-07-22T00:08:49","slug":"vida-y-lectura-marta-aura-palacios","status":"publish","type":"post","link":"https:\/\/redsemlac.com\/semmexico\/vida-y-lectura-marta-aura-palacios\/","title":{"rendered":"Vida y Lectura| Marta Aura Palacios"},"content":{"rendered":"\n<p class=\"wp-block-paragraph\"><strong>Marcela Eternod Ar\u00e1mburu<\/strong><\/p>\n\n\n\n<p class=\"wp-block-paragraph\">SemM\u00e9xico, Aguascalientes, 11 de julio del 2022.- La primera vez que vi a Marta Aura \u2014nombre corto, fuerte y desmaternizado\u2014 fue en un escenario a mediados de los a\u00f1os setenta, en una obra que caus\u00f3 mucho revuelo, \u201cLos motivos del lobo\u201d. La obra escrita por Sergio Maga\u00f1a Hidalgo se bas\u00f3 en uno de esos sucesos policiacos de nota roja que tanto impactaban a la sociedad mexicana. Un tal Rafael P\u00e9rez fue arrestado porque hab\u00eda encerrado a su familia en una casona de la Ciudad de M\u00e9xico, durante m\u00e1s de 15 a\u00f1os, prohibi\u00e9ndoles todo contacto con el exterior, para preservarlos de la maldad. El mismo suceso inspir\u00f3 la pel\u00edcula de Arturo Ripstein \u201cEl Castillo de la Pureza\u201d.<\/p>\n\n\n\n<p class=\"wp-block-paragraph\">En el escenario, una menudita Marta Aura interpretaba a una de las hijas, con esa fuerza y destreza actoral que la caracterizar\u00eda a lo largo de toda su carrera. La obra mostraba a un padre, no recuerdo si loco y amoroso, o simplemente loco, empe\u00f1ado en proteger a su familia de todos los males del mundo, encerr\u00e1ndolos en su propia casa, haciendo lo que la estricta disciplina paterna ordenaba, pero explorando sus espacios interiores: emocionales y sentimentales, \u00fanicamente con los miembros de la propia familia, logrando que Fortaleza, Azul, Lucero y Libertad experimenten desde curiosidad sexual, hasta odio, envidia o desprecio, soterrando todo en un mar de obediencia irracional.<\/p>\n\n\n\n<p class=\"wp-block-paragraph\">Volv\u00ed a ver a Marta Aura \u2014poco tiempo despu\u00e9s\u2014 en una de esas incre\u00edbles puestas en escena de los cl\u00e1sicos griegos que ilumin\u00f3 el teatro mexicano de los a\u00f1os 70 y acerc\u00f3 a miles de j\u00f3venes, tanto al de vanguardia como al cl\u00e1sico. Se trataba de una de las tragedias que S\u00f3focles escribi\u00f3 cinco siglos antes de nuestra era: \u201cAnt\u00edgona\u201d (hija de aquel Edipo parricida e incestuoso) que, ante la muerte de sus hermanos (Polinices y Eteocles) en batalla, luchando en bandos opuestos, desafi\u00f3 a Creonte, rey de Tebas.<\/p>\n\n\n\n<p class=\"wp-block-paragraph\">Tuve el enorme privilegio de asistir a varias de esas charlas que daban actrices y actores sobre la relevancia del teatro (me parece que las promov\u00eda u organizaba Ofelia Guilma\u00edn), y escuchar a Marta Aura explicar la trama de \u201cAnt\u00edgona\u201d. Marta dec\u00eda, palabras m\u00e1s, palabras menos que Creonte hab\u00eda decidido que el cad\u00e1ver de Polinices se dejara tirado para que se lo comieran los perros porque luch\u00f3 contra Tebas; mientras que el cad\u00e1ver de Eteocles ser\u00eda honrado como el de un h\u00e9roe porque defendi\u00f3 Tebas; para Ant\u00edgona no importaba de cada lado luch\u00f3 cada quien, sino sepultarlos, ella no pod\u00eda permitir que uno de sus hermanos no fuera enterrado.<\/p>\n\n\n\n<p class=\"wp-block-paragraph\">No s\u00e9 por qu\u00e9 Marta amaba tanto el teatro griego, pero ella explicaba en sus talleres que la diligente y leal Ant\u00edgona decidi\u00f3 enterrar a Polinices siguiendo los mandatos divinos y filiales, y que la obra era la lucha de una jovencita contra todo (y se re\u00eda). Dec\u00eda que primero enfrent\u00f3 a su hermana (Ismene), que insist\u00eda en obedecer a Creonte. Que a \u00e9ste lo desaf\u00eda porque considera que los mandatos divinos son ineludibles, aunque finalmente Creonte la atrapa y la condena a muerte. Cuando llegaba \u2014en la lectura de la obra\u2014 al personaje de Hem\u00f3n, prometido de Ant\u00edgona, ten\u00eda a toda la audiencia fascinada, metida en la historia, deseosa de saber que seguir\u00eda. Y ella prosegu\u00eda, sabemos la historia: Hem\u00f3n fracasa tratando de convencer a su padre (Creonte) que perdone a Ant\u00edgona; \u00e9ste, ante la muerte de su prometida, se suicida. Eur\u00eddice (madre de Hem\u00f3n) se entera de la muerte de su hijo y tambi\u00e9n se suicida. Creonte se queda sin esposa, sin hijos, sin nuera y hundido en la m\u00e1s absoluta tristeza. Un matadero de locura, fascinante, conclu\u00eda Marta Aura con gesto teatral.<\/p>\n\n\n\n<p class=\"wp-block-paragraph\">A partir de Ant\u00edgona, segu\u00ed las actuaciones de Marta Aura, tanto en teatro como en cine (de su paso por la televisi\u00f3n no s\u00e9 nada), disfrutando cuando era actriz de reparto, o actriz secundaria. Notando siempre su disciplina y admirando la profundidad de su preparaci\u00f3n. Siempre fue una actriz disfrutable, a pesar de que a veces ten\u00eda que compartir escenarios con quienes dejaban mucho que desear. La recuerdo en \u201cEl lugar sin l\u00edmites\u201d como Ema, en \u201cNadie hablar\u00e1 de nosotras cuando hayamos muerto\u201d como Mar\u00eda Luisa, en \u201cArr\u00e1ncame la vida\u201d interpretando a Josefina, en \u201cY tu mam\u00e1 tambi\u00e9n\u201d como la Queta Allende o en \u201cLos motivos de Luz\u201d como abogada. Pero, tambi\u00e9n como hija, vecina, madre, monja, maestra; o como sus personajes: Petra, Catalina, Elvira, Angela, Gertrudis, Mercedes, Guadalupe y muchos otros que se integran en una larga lista.<\/p>\n\n\n\n<p class=\"wp-block-paragraph\">El pasado ocho de julio falleci\u00f3 Marta Aura Palacios, para m\u00ed, una de las m\u00e1s notables actrices mexicanas, con una destacada carrera de m\u00e1s de 60 a\u00f1os que abarc\u00f3 televisi\u00f3n, cine y teatro. Este \u00faltimo me gusta pensar que fue uno de los m\u00e1s grandes amores de su vida. Afortunadamente, falleci\u00f3 despu\u00e9s de haber concretado un proyecto personal y familiar de enorme m\u00e9rito, en el cual la acompa\u00f1aron sus dos hijos (Rub\u00e9n y Sim\u00f3n). Se trata de su \u00faltima pel\u00edcula y la \u00fanica donde ella es la protagonista principal. Es una pel\u00edcula que habla de la vejez y sus sinsabores, de las limitaciones que los a\u00f1os imponen, de la p\u00e9rdida de la vista y el drama que ello conlleva para una actriz; pero tambi\u00e9n de las relaciones madre-hijo, de la redenci\u00f3n, del perd\u00f3n de las vanas ofensas, de generosidad y gratitud, de circunstancias y recuerdos.<\/p>\n\n\n\n<p class=\"wp-block-paragraph\">Sea esta nota, algo equivalente a un muy largo, sentido y admirado aplauso, siempre de pie, para esa enorme actriz que fue y siempre ser\u00e1 Marta Aura Palacios. Y tambi\u00e9n una recomendaci\u00f3n para que vean su \u00faltima pel\u00edcula \u201cCoraje\u201d (no se confundan con la peruana) dirigida por Rub\u00e9n Rojo Aura, su hijo, donde \u00e9l le hace un hermoso homenaje a la actriz, pero, sobre todo, un enorme reconocimiento a esa persona que fue su madre.<\/p>\n","protected":false},"excerpt":{"rendered":"<p>La primera vez que vi a Marta Aura \u2014nombre corto, fuerte y desmaternizado\u2014 fue en un escenario a mediados de los a\u00f1os setenta, en una obra que caus\u00f3 mucho revuelo, \u201cLos motivos del lobo\u201d.<\/p>\n","protected":false},"author":3,"featured_media":38638,"comment_status":"open","ping_status":"open","sticky":false,"template":"","format":"standard","meta":{"_monsterinsights_skip_tracking":false,"footnotes":""},"categories":[693,515,35,514],"tags":[459],"class_list":["post-52929","post","type-post","status-publish","format-standard","has-post-thumbnail","category-693","category-marcela-eternod-aramburu","category-opinion","category-vida-y-lectura","tag-opinion"],"_links":{"self":[{"href":"https:\/\/redsemlac.com\/semmexico\/wp-json\/wp\/v2\/posts\/52929","targetHints":{"allow":["GET"]}}],"collection":[{"href":"https:\/\/redsemlac.com\/semmexico\/wp-json\/wp\/v2\/posts"}],"about":[{"href":"https:\/\/redsemlac.com\/semmexico\/wp-json\/wp\/v2\/types\/post"}],"author":[{"embeddable":true,"href":"https:\/\/redsemlac.com\/semmexico\/wp-json\/wp\/v2\/users\/3"}],"replies":[{"embeddable":true,"href":"https:\/\/redsemlac.com\/semmexico\/wp-json\/wp\/v2\/comments?post=52929"}],"version-history":[{"count":0,"href":"https:\/\/redsemlac.com\/semmexico\/wp-json\/wp\/v2\/posts\/52929\/revisions"}],"wp:featuredmedia":[{"embeddable":true,"href":"https:\/\/redsemlac.com\/semmexico\/wp-json\/wp\/v2\/media\/38638"}],"wp:attachment":[{"href":"https:\/\/redsemlac.com\/semmexico\/wp-json\/wp\/v2\/media?parent=52929"}],"wp:term":[{"taxonomy":"category","embeddable":true,"href":"https:\/\/redsemlac.com\/semmexico\/wp-json\/wp\/v2\/categories?post=52929"},{"taxonomy":"post_tag","embeddable":true,"href":"https:\/\/redsemlac.com\/semmexico\/wp-json\/wp\/v2\/tags?post=52929"}],"curies":[{"name":"wp","href":"https:\/\/api.w.org\/{rel}","templated":true}]}}