{"id":52908,"date":"2022-07-10T09:21:12","date_gmt":"2022-07-10T15:21:12","guid":{"rendered":"https:\/\/redsemlac.com\/semmexico\/?p=52908"},"modified":"2023-07-21T19:08:49","modified_gmt":"2023-07-22T00:08:49","slug":"mas-de-15-dias-podria-tardar-la-repatriacion-de-los-cuerpos-de-los-dos-migrantes-muertos-en-la-tragedia-del-trailer-en-texas","status":"publish","type":"post","link":"https:\/\/redsemlac.com\/semmexico\/mas-de-15-dias-podria-tardar-la-repatriacion-de-los-cuerpos-de-los-dos-migrantes-muertos-en-la-tragedia-del-trailer-en-texas\/","title":{"rendered":"M\u00e1s de 15 d\u00edas podr\u00eda tardar la repatriaci\u00f3n de los cuerpos de los dos migrantes muertos en la tragedia del tr\u00e1iler en Texas"},"content":{"rendered":"\n<ul class=\"wp-block-list\"><li><strong>En la Trinitaria, por cuestiones de usos y costumbres, los familiares de Miriam Elizabeth quieren vivir su duelo en privado&nbsp;<\/strong><strong><\/strong><\/li><\/ul>\n\n\n\n<p class=\"wp-block-paragraph\"><strong>Gabriela Couti\u00f1o&nbsp;<\/strong><\/p>\n\n\n\n<p class=\"wp-block-paragraph\">SemM\u00e9xico, Tuxtla Guti\u00e9rrez, Chiapas, 10 de julio del 2022.- Familiares de Miriam Elizabeth Ram\u00edrez Garc\u00eda, de 23 a\u00f1os, originaria de la comunidad R\u00edo Grande Grijalva, municipio de La Trinitaria, quien muri\u00f3 dentro de un tr\u00e1iler en&nbsp;San Antonio Texas, en busca del sue\u00f1o americano, esperan la repatriaci\u00f3n del cuerpo con el apoyo del gobierno.<\/p>\n\n\n\n<p class=\"wp-block-paragraph\">\u201cLa familia de la joven ciudadana trinitarense, por el momento, (hasta que el cuerpo de su hija est\u00e9 en su casa), no quieren ninguna entrevista con ning\u00fan medio y por tal motivo ser\u00e1 la comunidad que resguarde ese tema por usos y costumbres\u201d, inform\u00f3 el ayuntamiento en un comunicado.&nbsp;<\/p>\n\n\n\n<figure class=\"wp-block-image size-large\"><a href=\"https:\/\/redsemlac.com\/semmexico\/wp-content\/uploads\/2022\/07\/IMG_5607.jpg\"><img decoding=\"async\" src=\"https:\/\/redsemlac.com\/semmexico\/wp-content\/uploads\/2022\/07\/IMG_5607-1024x666.jpg\" alt=\"\" class=\"wp-image-52909\"\/><\/a><\/figure>\n\n\n\n<p class=\"wp-block-paragraph\">Ervin Leonel P\u00e9rez Alfaro, alcalde la localidad ubicada en los l\u00edmites de Chiapas y Guatemala, inform\u00f3 que la repatriaci\u00f3n del cuerpo podr\u00eda tener una duraci\u00f3n de 15 d\u00edas a lo m\u00e1ximo, debido a la documentaci\u00f3n y sellos necesarios para trasladar el f\u00e9retro.&nbsp;<\/p>\n\n\n\n<p class=\"wp-block-paragraph\">Dijo que el municipio proporcionar\u00e1 los recursos para cubrir la totalidad del costo de traslado del Aeropuerto \u00c1ngel Albino Corzo hasta la comunidad de R\u00edo Grande Grijalva.&nbsp;<\/p>\n\n\n\n<p class=\"wp-block-paragraph\">Luego que se conociera, diez d\u00edas despu\u00e9s de la tragedia, que entre los 27 migrantes mexicanos fallecidos asfixiados en el tr\u00e1iler de Texas, se encontraban dos chiapanecos, el carpintero, Julio L\u00f3pez L\u00f3pez de 32 a\u00f1os de edad, y Miriam Elizabeth Ram\u00edrez Garc\u00eda; los amigos, amigas y familiares de la joven, la despidieron en las redes sociales con sentidas palabras.&nbsp;<\/p>\n\n\n\n<p class=\"wp-block-paragraph\">\u201cPor todos los sue\u00f1os y anhelos que hoy quedan truncados, vuela alto maestra\u201d. \u201cAs\u00ed te recordaremos siempre\u201d. \u201cDescansa en paz querida prima, vuela hasta el cielo, un d\u00eda, nos encontraremos\u201d, \u201cQue Dios te reciba en su gloria, y que tu luz nunca deje de brillar, porque estoy segura que ac\u00e1 en la tierra, todos los que tuvimos la dicha de conocerte, jam\u00e1s te olvidaremos\u201d, son algunos de los mensajes que le escribieron sus amigos y amigas de la universidad.<\/p>\n\n\n\n<p class=\"wp-block-paragraph\">Elizabeth Ram\u00edrez Garc\u00eda, Eli o Miri, como le llamaban cari\u00f1osamente, el 08 de diciembre cumplir\u00eda 23 a\u00f1os; recientemente hab\u00eda egresado de la Licenciatura en Educaci\u00f3n en la Universidad Valle de Grijalva en Comitan, pero la chica no encontraba empleo, por lo que decidi\u00f3 emigrar.&nbsp; &nbsp;<\/p>\n\n\n\n<p class=\"wp-block-paragraph\">Los familiares de la joven se han negado a brindar informaci\u00f3n a los medios de comunicaci\u00f3n. \u201cSabemos perfectamente que es un tema de inter\u00e9s nacional, pero la voluntad de los familiares en vivir el duelo en privado; por cuestiones de usos y costumbres y de acuerdo a la comunidad, el sepelio se realizar\u00e1 s\u00f3lo para amigos y familiares\u201d, anunci\u00f3 el Ayuntamiento.&nbsp;<\/p>\n\n\n\n<p class=\"wp-block-paragraph\">Miriam Elizabeth, era una ferviente devota de la Iglesia Pentecost\u00e9s, donde fue educada y as\u00ed lo dejaba en su cuenta personal de Facebook. \u201cBienaventurado el que conf\u00eda en Jehov\u00e1; no ser\u00e1 avergonzado, el que sabe esperar; Dios nunca llega tarde, no desmayes tu fe\u201d, escribi\u00f3 antes de partir al norte en junio pasado:&nbsp;<\/p>\n\n\n\n<p class=\"wp-block-paragraph\">Miriam, de acuerdo al testimonio de la familia de Julio L\u00f3pez L\u00f3pez, otra de las v\u00edctimas, se encontraron en un rancho cercano a la frontera que es utilizado por los coyotes como casa de seguridad. Miriam Elizabeth permaneci\u00f3 oculta en una habitaci\u00f3n, porque el due\u00f1o de la finca ten\u00eda miedo que la agredieran los hombres, porque \u201cse drogaban\u201d, cont\u00f3 Julio a su esposa Adriana.&nbsp;<\/p>\n\n\n\n<p class=\"wp-block-paragraph\">SEM\/MG<\/p>\n","protected":false},"excerpt":{"rendered":"<p>En la Trinitaria, por cuestiones de usos y costumbres, los familiares de Miriam Elizabeth quieren vivir su duelo en privado\u00a0<\/p>\n","protected":false},"author":3,"featured_media":52910,"comment_status":"open","ping_status":"open","sticky":false,"template":"","format":"standard","meta":{"_monsterinsights_skip_tracking":false,"footnotes":""},"categories":[693,47,48],"tags":[],"class_list":["post-52908","post","type-post","status-publish","format-standard","has-post-thumbnail","category-693","category-no-mas-impunidad","category-no-mas-impunidad-no-mas-impunidad"],"_links":{"self":[{"href":"https:\/\/redsemlac.com\/semmexico\/wp-json\/wp\/v2\/posts\/52908","targetHints":{"allow":["GET"]}}],"collection":[{"href":"https:\/\/redsemlac.com\/semmexico\/wp-json\/wp\/v2\/posts"}],"about":[{"href":"https:\/\/redsemlac.com\/semmexico\/wp-json\/wp\/v2\/types\/post"}],"author":[{"embeddable":true,"href":"https:\/\/redsemlac.com\/semmexico\/wp-json\/wp\/v2\/users\/3"}],"replies":[{"embeddable":true,"href":"https:\/\/redsemlac.com\/semmexico\/wp-json\/wp\/v2\/comments?post=52908"}],"version-history":[{"count":0,"href":"https:\/\/redsemlac.com\/semmexico\/wp-json\/wp\/v2\/posts\/52908\/revisions"}],"wp:featuredmedia":[{"embeddable":true,"href":"https:\/\/redsemlac.com\/semmexico\/wp-json\/wp\/v2\/media\/52910"}],"wp:attachment":[{"href":"https:\/\/redsemlac.com\/semmexico\/wp-json\/wp\/v2\/media?parent=52908"}],"wp:term":[{"taxonomy":"category","embeddable":true,"href":"https:\/\/redsemlac.com\/semmexico\/wp-json\/wp\/v2\/categories?post=52908"},{"taxonomy":"post_tag","embeddable":true,"href":"https:\/\/redsemlac.com\/semmexico\/wp-json\/wp\/v2\/tags?post=52908"}],"curies":[{"name":"wp","href":"https:\/\/api.w.org\/{rel}","templated":true}]}}