{"id":52883,"date":"2022-07-08T14:55:08","date_gmt":"2022-07-08T20:55:08","guid":{"rendered":"https:\/\/redsemlac.com\/semmexico\/?p=52883"},"modified":"2023-07-21T19:08:50","modified_gmt":"2023-07-22T00:08:50","slug":"urgen-medidas-de-proteccion-para-garantizar-la-seguridad-e-integridad-de-las-defensoras-de-derechos-humanos-y-periodistas-en-jalisco-colectivos","status":"publish","type":"post","link":"https:\/\/redsemlac.com\/semmexico\/urgen-medidas-de-proteccion-para-garantizar-la-seguridad-e-integridad-de-las-defensoras-de-derechos-humanos-y-periodistas-en-jalisco-colectivos\/","title":{"rendered":"Urgen Medidas de Protecci\u00f3n para garantizar la seguridad e integridad de las defensoras de derechos humanos y periodistas en Jalisco: Colectivos"},"content":{"rendered":"\n<ul class=\"wp-block-list\"><li><strong>En &nbsp;2020, fueron cometidas 52 agresiones en contra de defensoras y periodistas, en 2021 se reportan 41 y de enero a mayo de 2022 se han ejecutado un total de 5: RNDDHM.<\/strong><\/li><li><strong>Los colectivos exigen: \u00a1Protecci\u00f3n y reparaci\u00f3n de da\u00f1os a las defensoras y periodistas!<\/strong><strong><\/strong><\/li><\/ul>\n\n\n\n<p class=\"wp-block-paragraph\"><strong>Redacci\u00f3n<\/strong><\/p>\n\n\n\n<p class=\"wp-block-paragraph\">SemM\u00e9xico, Guadalajara, Jalisco, 08 de julio del 2022.- Mediante un comunicado, la Red Nacional de Defensoras de Derechos Humanos en M\u00e9xico, el Colectivo Mujeres Puerto Vallarta, la Red #Yo voy 8 de marzo y El CLADEM (Comit\u00e9 de Latinoam\u00e9rica y el Caribe para la Defensa de los Derechos de la Mujer) hacen un llamado de exigencia al Gobierno del Estado de Jalisco, para que ante los hechos de agresiones registrados recientemente en contra de la defensora Sandra Qui\u00f1ones y la periodista Susana M. Carre\u00f1o, del Municipio de Puerto Vallarta, se disponga de todos los medios a su alcance para garantizar que la labor que desempe\u00f1an se realice con total libertad, seguridad y protecci\u00f3n.<\/p>\n\n\n\n<p class=\"wp-block-paragraph\">El contexto de violencia existente en el estado de Jalisco derivado de m\u00faltiples factores y la falta de actuaci\u00f3n diligente y oportuna por parte de la Fiscal\u00eda Estatal, ahondan la situaci\u00f3n de riesgo en la que defensoras y periodistas d\u00eda a d\u00eda realizan sus actividades de acompa\u00f1amiento y representaci\u00f3n de v\u00edctimas, as\u00ed como de investigaci\u00f3n y transmisi\u00f3n de informaci\u00f3n a la poblaci\u00f3n.<\/p>\n\n\n\n<p class=\"wp-block-paragraph\">Sumado a lo anterior, externan la preocupaci\u00f3n ante la expresi\u00f3n anticipada del Titular de Ejecutivo Estatal: Enrique Alfaro, que tan pronto tuvo conocimiento de la agresi\u00f3n ejecutada &nbsp;en contra de Susana M. Carre\u00f1o, el mandatario lament\u00f3 que hubiese sido atacada en un \u201cintento de robo\u201d, en este sentido conminan al Gobernador y&nbsp; la Fiscal\u00eda Estatal para que en la carpeta de investigaci\u00f3n se considere la labor de la periodista y se omitan las expresiones sin sustento que desvirt\u00faan los hechos y minimizan la preocupante situaci\u00f3n existente; ya que igualmente en el caso de la defensora Sandra Qui\u00f1ones, quien fuese agredida hace unas semanas,&nbsp; la Fiscal\u00eda ha tratado los hechos como un intento de robo.<\/p>\n\n\n\n<p class=\"wp-block-paragraph\">En Jalisco, de acuerdo con el registro de datos realizado por la RNDDHM (Red Nacional de Defensoras de Derechos Humanos en M\u00e9xico) en &nbsp;2020, fueron cometidas 52 agresiones en contra de defensoras y periodistas, en 2021 se reportan 41 y de enero a mayo de 2022 se han ejecutado un total de 5.<\/p>\n\n\n\n<p class=\"wp-block-paragraph\">Los colectivos reiteran la urgencia de la revisi\u00f3n y reformulaci\u00f3n de la pol\u00edtica de seguridad p\u00fablica nacional, as\u00ed como de los&nbsp; estados. La violencia generalizada debe ser contenida y no dar m\u00e1s espacios a la impunidad.<\/p>\n\n\n\n<p class=\"wp-block-paragraph\">\u201cLa defensa de los derechos humanos y el ejercicio period\u00edstico son actividades angulares de todo Estado democr\u00e1tico, el reconocimiento de quienes se dedican a \u00e9stas debe sustentarse en la ejecuci\u00f3n determinada de pol\u00edticas p\u00fablicas que protejan y&nbsp; preserven la vida, la libertad&nbsp; e integridad&nbsp; personal de las defensoras, periodistas, sus familias, colectivas y organizaciones\u201d, concluyeron.<\/p>\n\n\n\n<p class=\"wp-block-paragraph\">SEM\/MG<\/p>\n","protected":false},"excerpt":{"rendered":"<p>En \u00a02020, fueron cometidas 52 agresiones en contra de defensoras y periodistas, en 2021 se reportan 41 y de enero a mayo de 2022 se han ejecutado un total de 5: RNDDHM.<\/p>\n","protected":false},"author":3,"featured_media":52884,"comment_status":"open","ping_status":"open","sticky":false,"template":"","format":"standard","meta":{"_monsterinsights_skip_tracking":false,"footnotes":""},"categories":[693,54],"tags":[149],"class_list":["post-52883","post","type-post","status-publish","format-standard","has-post-thumbnail","category-693","category-mujeres","tag-mujeres"],"_links":{"self":[{"href":"https:\/\/redsemlac.com\/semmexico\/wp-json\/wp\/v2\/posts\/52883","targetHints":{"allow":["GET"]}}],"collection":[{"href":"https:\/\/redsemlac.com\/semmexico\/wp-json\/wp\/v2\/posts"}],"about":[{"href":"https:\/\/redsemlac.com\/semmexico\/wp-json\/wp\/v2\/types\/post"}],"author":[{"embeddable":true,"href":"https:\/\/redsemlac.com\/semmexico\/wp-json\/wp\/v2\/users\/3"}],"replies":[{"embeddable":true,"href":"https:\/\/redsemlac.com\/semmexico\/wp-json\/wp\/v2\/comments?post=52883"}],"version-history":[{"count":0,"href":"https:\/\/redsemlac.com\/semmexico\/wp-json\/wp\/v2\/posts\/52883\/revisions"}],"wp:featuredmedia":[{"embeddable":true,"href":"https:\/\/redsemlac.com\/semmexico\/wp-json\/wp\/v2\/media\/52884"}],"wp:attachment":[{"href":"https:\/\/redsemlac.com\/semmexico\/wp-json\/wp\/v2\/media?parent=52883"}],"wp:term":[{"taxonomy":"category","embeddable":true,"href":"https:\/\/redsemlac.com\/semmexico\/wp-json\/wp\/v2\/categories?post=52883"},{"taxonomy":"post_tag","embeddable":true,"href":"https:\/\/redsemlac.com\/semmexico\/wp-json\/wp\/v2\/tags?post=52883"}],"curies":[{"name":"wp","href":"https:\/\/api.w.org\/{rel}","templated":true}]}}