{"id":52860,"date":"2022-07-08T10:32:38","date_gmt":"2022-07-08T16:32:38","guid":{"rendered":"https:\/\/redsemlac.com\/semmexico\/?p=52860"},"modified":"2023-07-21T19:08:51","modified_gmt":"2023-07-22T00:08:51","slug":"las-familias-monomarentales-califican-con-un-suspenso-en-conciliacion-a-la-clase-politica","status":"publish","type":"post","link":"https:\/\/redsemlac.com\/semmexico\/las-familias-monomarentales-califican-con-un-suspenso-en-conciliacion-a-la-clase-politica\/","title":{"rendered":"Las familias monomarentales califican con un suspenso en conciliaci\u00f3n a la clase pol\u00edtica"},"content":{"rendered":"\n<ul class=\"wp-block-list\"><li><strong>Son casi 2.000.000 de familias, el 24 por ciento de las familias con hijos e hijas de este pa\u00eds, y denuncian que no tienen posibilidad de reparto de tareas en el hogar ni la opci\u00f3n de acogerse a las medidas de conciliaci\u00f3n sin que se vean mermados sus ingresos, por lo que reclaman que la corresponsabilidad p\u00fablica con los cuidados sea un hecho<\/strong><\/li><\/ul>\n\n\n\n<p class=\"wp-block-paragraph\"><br><strong>Redacci\u00f3n<\/strong><\/p>\n\n\n\n<p class=\"wp-block-paragraph\">SemM\u00e9xico\/AmecoPress<strong>, <\/strong>Madrid, 08 de julio del 2022. &#8211;&nbsp;La situaci\u00f3n de las familias monoparentales, la mayor\u00eda encabezadas por mujeres, es preocupante. Ya antes de la pandemia de la COVID-19, una de sus mayores dificultades era poder conciliar su vida laboral y su vida familiar. Tras la aparici\u00f3n del virus la situaci\u00f3n se ha agravado enormemente ante la inacci\u00f3n de las administraciones p\u00fablicas responsables de garantizar los derechos de la infancia y, la igualdad de trato a los diferentes modelos de familia, as\u00ed como de velar porque la desigualdad de g\u00e9nero no cree situaciones de desventaja a las mujeres.<\/p>\n\n\n\n<p class=\"wp-block-paragraph\">Seg\u00fan el informe \u201cEl coste de la conciliaci\u00f3n\u201d elaborado por Malas Madres el 22 por ciento de las madres ha renunciado a todo o parte de su trabajo para cuidar de sus hijos, costeando con sus sueldos las cuarentenas preventivas durante la clausura de las aulas (un 21 por ciento ha pedido excedencia o d\u00edas sin sueldo, un 11 por ciento ha solicitado reducci\u00f3n de jornada al 100 por ciento sin sueldo, y el 74 por ciento ha utilizado sus d\u00edas de vacaciones para atender a los menores en las cuarentenas preventivas) este informe se he realizado con una base de familias biparentales, por lo que estas mismas situaciones en las familias monomarentales se ven aumentadas ya que no existe otra persona progenitora con quien compartir el cuidado y el Estado y sus instituciones contin\u00faan ignorando la necesidad de poner en marcha medidas espec\u00edficas para la conciliaci\u00f3n de casi 2.000.000 de familias que solo tienen una persona adulta al frente.<\/p>\n\n\n\n<p class=\"wp-block-paragraph\">En el estudio de la Federaci\u00f3n de Asociaciones de Madres Solteras (FAMS) <a href=\"https:\/\/familiasmonomarentales.es\/wp-content\/uploads\/2022\/06\/9.-ANALISIS-CONCILIACION.pdf\">\u201cHistorias que cambian. Vulnerabilidad de las familias monomarentales frente a la COVID19\u201d,<\/a>&nbsp;el 58,50% de las encuestadas asegura haberse sentido en desventaja a la hora de conciliar su trabajo con sus tareas familiares. El motivo principal que constituye esta desventaja proviene del cuidado de las hijas e hijos en un 42,25% de los casos. Al t\u00e9rmino del confinamiento y con el estado de alarma vigente, el 45,50% de las personas no tuvo ning\u00fan tipo de ayuda a la hora de cuidar de sus hijas e hijos.<\/p>\n\n\n\n<p class=\"wp-block-paragraph\">Seg\u00fan la opini\u00f3n de las encuestadas, las ayudas necesarias para facilitar la conciliaci\u00f3n familiar y laboral de las familias monoparentales ser\u00edan: en un 65,75%, crear recursos p\u00fablicos dirigidos espec\u00edficamente a las familias monoparentales, ya que estas no pueden repartir la carga familiar con otra persona adulta; en un 54,25%, mantener la prestaci\u00f3n por hija e hijo a cargo para las ni\u00f1as y ni\u00f1os cuyas familias no quedan cubiertas por el IMV (Ingreso M\u00ednimo Vital) e ir aument\u00e1ndola de forma gradual; y en un 51,25%, generalizar las medidas de flexibilidad horaria de la jornada laboral.<\/p>\n\n\n\n<p class=\"wp-block-paragraph\">Las familias monoparentales no podemos esperar m\u00e1s. Necesitamos que las administraciones p\u00fablicas act\u00faen. Urge que las administraciones competentes adopten las siguientes medidas para las familias monomarentales en el \u00e1mbito de la conciliaci\u00f3n:<\/p>\n\n\n\n<p class=\"wp-block-paragraph\"><strong>\u2013<\/strong>&nbsp;Respetar los derechos de la infancia y la adolescencia, as\u00ed como el inter\u00e9s superior del menor de permanecer bajo el cuidado de sus madres.<br><strong>\u2013<\/strong>&nbsp;Las prestaciones relacionadas con cuidado de menores deben garantizarse en familias monoparentales desde la equidad y la corresponsabilidad social (prestaci\u00f3n de corresponsabilidad por el cuidado del lactante, IMV, complemento de infancia, etc.).<br><strong>\u2013<\/strong>&nbsp;Los permisos laborales dirigidos al cuidado de menores deben garantizar a nuestras criaturas el mismo tiempo y calidad (nacimiento, acogida o adopci\u00f3n, lactancia, enfermedad, etc.).<br><strong>\u2013<\/strong>&nbsp;Generalizar las medidas como el teletrabajo y la flexibilidad horaria. Adem\u00e1s de promover el acceso al empleo de las familias monoparentales.<br><strong>\u2013<\/strong>&nbsp;Los criterios de acceso a bonificaciones, ayudas y prestaciones relacionadas con menores, cuidados y conciliaci\u00f3n deben considerar a la familia monoparental como unidad familiar independiente, aunque se vea obligada a convivir, y corregir los baremos econ\u00f3micos para al menos igualarlos a los de familias biparentales con el mismo n\u00famero de hijas e hijos a cargo.<br><strong>\u2013<\/strong>&nbsp;El IRPF debe atender a la obligaci\u00f3n constitucional de considerar la capacidad econ\u00f3mica real, y, por tanto, corregir la penalizaci\u00f3n actual frente al modelo biparental y nuestros mayores gastos en conciliaci\u00f3n.<br><strong>\u2013<\/strong>&nbsp;Promover servicios p\u00fablicos de cuidado, de conciliaci\u00f3n y de apoyo domiciliario, as\u00ed como ayudas p\u00fablicas para conciliar, con acceso prioritario y, en su caso, precios bonificados para nuestras familias, tanto en situaci\u00f3n de empleo, como de b\u00fasqueda o reciclaje.<br><strong>\u2013<\/strong>&nbsp;Ofrecer informaci\u00f3n accesible y comprensible sobre los derechos, prestaciones y ayudas de estas familias.<\/p>\n\n\n\n<p class=\"wp-block-paragraph\">\u201cLas familias monoparentales necesitamos que la corresponsabilidad sea con lo p\u00fablico. Tiene que ser un hecho, no puede ser que estemos conciliando solo con nuestros propios recursos. Las administraciones tienen como obligaci\u00f3n facilitar que las personas podamos cuidar con garant\u00edas y asegurar unas condiciones de vida digna a todas las familias sea cual sea su composici\u00f3n\u201d, concluye la FAMS.<\/p>\n","protected":false},"excerpt":{"rendered":"<p>on casi 2.000.000 de familias, el 24 por ciento de las familias con hijos e hijas de este pa\u00eds, y denuncian que no tienen posibilidad de reparto de tareas en el hogar ni la opci\u00f3n de acogerse a las medidas de conciliaci\u00f3n sin que se vean mermados sus ingresos, por lo que reclaman que la corresponsabilidad p\u00fablica con los cuidados sea un hecho<\/p>\n","protected":false},"author":3,"featured_media":52861,"comment_status":"open","ping_status":"open","sticky":false,"template":"","format":"standard","meta":{"_monsterinsights_skip_tracking":false,"footnotes":""},"categories":[693,53],"tags":[],"class_list":["post-52860","post","type-post","status-publish","format-standard","has-post-thumbnail","category-693","category-internacional"],"_links":{"self":[{"href":"https:\/\/redsemlac.com\/semmexico\/wp-json\/wp\/v2\/posts\/52860","targetHints":{"allow":["GET"]}}],"collection":[{"href":"https:\/\/redsemlac.com\/semmexico\/wp-json\/wp\/v2\/posts"}],"about":[{"href":"https:\/\/redsemlac.com\/semmexico\/wp-json\/wp\/v2\/types\/post"}],"author":[{"embeddable":true,"href":"https:\/\/redsemlac.com\/semmexico\/wp-json\/wp\/v2\/users\/3"}],"replies":[{"embeddable":true,"href":"https:\/\/redsemlac.com\/semmexico\/wp-json\/wp\/v2\/comments?post=52860"}],"version-history":[{"count":0,"href":"https:\/\/redsemlac.com\/semmexico\/wp-json\/wp\/v2\/posts\/52860\/revisions"}],"wp:featuredmedia":[{"embeddable":true,"href":"https:\/\/redsemlac.com\/semmexico\/wp-json\/wp\/v2\/media\/52861"}],"wp:attachment":[{"href":"https:\/\/redsemlac.com\/semmexico\/wp-json\/wp\/v2\/media?parent=52860"}],"wp:term":[{"taxonomy":"category","embeddable":true,"href":"https:\/\/redsemlac.com\/semmexico\/wp-json\/wp\/v2\/categories?post=52860"},{"taxonomy":"post_tag","embeddable":true,"href":"https:\/\/redsemlac.com\/semmexico\/wp-json\/wp\/v2\/tags?post=52860"}],"curies":[{"name":"wp","href":"https:\/\/api.w.org\/{rel}","templated":true}]}}