{"id":5282,"date":"2018-04-13T17:28:44","date_gmt":"2018-04-13T17:28:44","guid":{"rendered":"https:\/\/redsemlac.com\/semmexico\/?p=5282"},"modified":"2023-07-21T14:31:10","modified_gmt":"2023-07-21T19:31:10","slug":"congreso-aprobo-la-reforma-que-modifica-el-codigo-penal","status":"publish","type":"post","link":"https:\/\/redsemlac.com\/semmexico\/congreso-aprobo-la-reforma-que-modifica-el-codigo-penal\/","title":{"rendered":"Congreso aprob\u00f3 la reforma que modifica el C\u00f3digo Penal"},"content":{"rendered":"\n<p class=\"wp-block-paragraph\"><a href=\"https:\/\/www.semmexico.com\/gallery-post.php?id=4518#\">Kara Castillo<\/a><\/p>\n\n\n\n<p class=\"wp-block-paragraph\">SemM\u00e9xico, Puebla, 13 febrero 2018.- Tras la condena social por la penalizaci\u00f3n del uso de gas pimienta como mecanismo de defensa personal ante hechos delictivos, este viernes por mayor\u00eda de votos se aprob\u00f3 en el Congreso de Puebla la reforma que modifica el C\u00f3digo Penal del estado que permite su uso as\u00ed como de armas electr\u00f3nicas.<br>Esto sucede a 25 d\u00edas de que el secretario de Seguridad P\u00fablica y Tr\u00e1nsito Municipal de Puebla capital, Manuel Alonso Garc\u00eda, sostuviera en rueda de prensa que el uso de gas pimienta por parte de las mujeres podr\u00eda configurar el delito de \u201cportaci\u00f3n de un instrumento prohibido\u201d y sugiriera \u201cno poner resistencia\u201d ante una agresi\u00f3n.<br>Esta declaraci\u00f3n provoc\u00f3 un intenso debate entre grupos de la sociedad civil que la calific\u00f3 de criminalizar la defensa de las mujeres en un estado que no ha sido capaz de garantizar la seguridad.&nbsp;<br>Diputadas se unieron a la protesta social, la perredista Socorro Quezada Tiempo, exigi\u00f3 la renuncia del funcionario de la SSPTM y refiri\u00f3 las declaraciones como \u201cuna amenaza a las mujeres que osaran defenderse\u201d<br>El gobierno de Jos\u00e9 Antonio Gali Fayad envi\u00f3 la iniciativa al Congreso del Estado que ayer fue aprobada en sesi\u00f3n de la Comisi\u00f3n Permanente por la comisi\u00f3n de Gobernaci\u00f3n y Puntos Constitucionales y hoy fue ratificada por 30 diputados locales en sesi\u00f3n extraordinaria.<br>Tras la reforma al Art\u00edculo 179 del C\u00f3digo Penal del Estado de Puebla, rociadores, espolvoreadores, gasificadores y dosificadores de sustancias qu\u00edmicas con una capacidad menor a los 150 gramos, as\u00ed como armas electr\u00f3nicas que s\u00f3lo produzcan efectos pasajeros en el organismo humano, ya no se consideran armas ni instrumentos prohibidos en Puebla.<br>El rector de la Universidad Iberoamericana Puebla, Fernando Fern\u00e1ndez Font, llam\u00f3 la atenci\u00f3n al respecto y aunque celebr\u00f3 el hecho record\u00f3 que la esta medida no resuelve el problema de inseguridad.<br>SEM\/kc\/sj<\/p>\n","protected":false},"excerpt":{"rendered":"<p>Kara Castillo SemM\u00e9xico, Puebla, 13 febrero 2018.- Tras la condena social por la penalizaci\u00f3n del uso de gas pimienta como mecanismo de defensa personal ante hechos delictivos, este viernes por mayor\u00eda de votos se aprob\u00f3 en el Congreso de Puebla la reforma que modifica el C\u00f3digo Penal del estado que permite su uso as\u00ed como [&hellip;]<\/p>\n","protected":false},"author":3,"featured_media":5283,"comment_status":"open","ping_status":"open","sticky":false,"template":"","format":"standard","meta":{"_monsterinsights_skip_tracking":false,"footnotes":""},"categories":[689,50],"tags":[],"class_list":["post-5282","post","type-post","status-publish","format-standard","has-post-thumbnail","category-689","category-congreso"],"_links":{"self":[{"href":"https:\/\/redsemlac.com\/semmexico\/wp-json\/wp\/v2\/posts\/5282","targetHints":{"allow":["GET"]}}],"collection":[{"href":"https:\/\/redsemlac.com\/semmexico\/wp-json\/wp\/v2\/posts"}],"about":[{"href":"https:\/\/redsemlac.com\/semmexico\/wp-json\/wp\/v2\/types\/post"}],"author":[{"embeddable":true,"href":"https:\/\/redsemlac.com\/semmexico\/wp-json\/wp\/v2\/users\/3"}],"replies":[{"embeddable":true,"href":"https:\/\/redsemlac.com\/semmexico\/wp-json\/wp\/v2\/comments?post=5282"}],"version-history":[{"count":0,"href":"https:\/\/redsemlac.com\/semmexico\/wp-json\/wp\/v2\/posts\/5282\/revisions"}],"wp:featuredmedia":[{"embeddable":true,"href":"https:\/\/redsemlac.com\/semmexico\/wp-json\/wp\/v2\/media\/5283"}],"wp:attachment":[{"href":"https:\/\/redsemlac.com\/semmexico\/wp-json\/wp\/v2\/media?parent=5282"}],"wp:term":[{"taxonomy":"category","embeddable":true,"href":"https:\/\/redsemlac.com\/semmexico\/wp-json\/wp\/v2\/categories?post=5282"},{"taxonomy":"post_tag","embeddable":true,"href":"https:\/\/redsemlac.com\/semmexico\/wp-json\/wp\/v2\/tags?post=5282"}],"curies":[{"name":"wp","href":"https:\/\/api.w.org\/{rel}","templated":true}]}}