{"id":5279,"date":"2018-04-13T17:27:19","date_gmt":"2018-04-13T17:27:19","guid":{"rendered":"https:\/\/redsemlac.com\/semmexico\/?p=5279"},"modified":"2023-07-21T14:31:10","modified_gmt":"2023-07-21T19:31:10","slug":"se-debe-atender-con-objetividad-y-perspectiva-de-genero","status":"publish","type":"post","link":"https:\/\/redsemlac.com\/semmexico\/se-debe-atender-con-objetividad-y-perspectiva-de-genero\/","title":{"rendered":"Se debe atender con objetividad y perspectiva de g\u00e9nero"},"content":{"rendered":"\n<p class=\"wp-block-paragraph\"><a href=\"https:\/\/www.semmexico.com\/gallery-post.php?id=4520#\">Lizbeth \u00c1lvarez<\/a><\/p>\n\n\n\n<p class=\"wp-block-paragraph\">SemM\u00e9xico, Cd. de M\u00e9xico, 13 abril 2018.-A propuesta del diputado Omar Ortega \u00c1lvarez, la C\u00e1mara de Diputados aprob\u00f3 un punto de acuerdo a trav\u00e9s del que se exhorta a la Comisi\u00f3n Nacional de los Derechos Humanos (CNDH) a dar seguimiento al caso de Yndira Sandoval S\u00e1nchez, y de resultar procedente realizar las recomendaciones correspondientes.<br><br>Sandoval S\u00e1nchez, activista en pro de los derechos humanos quien denunci\u00f3 haber sido v\u00edctima de violaci\u00f3n sexual y abuso de poder por parte de polic\u00edas del municipio de Tlapa de Comonfort, Guerrero, hechos ocurridos en septiembre de 2017.<br><br>El Pleno de San L\u00e1zaro tambi\u00e9n exhort\u00f3 a la Fiscal\u00eda Especial para la atenci\u00f3n de Delitos de Violencia contra las Mujeres y Trata de Personas a atender con celeridad, objetividad, perspectiva de g\u00e9nero y de derechos humanos, la denuncia realizada por Sandoval S\u00e1nchez y determinar las sanciones correspondientes conforme a derecho.<br><br>El llamado se extendi\u00f3 al gobierno de Guerrero, al que los legisladores solicitaron realizar las acciones necesarias a fin de esclarecer los hechos y -de ser el caso- sancionar conforme a derecho a los responsables; capacitar y formar a sus funcionarios p\u00fablicos en materia de perspectiva de g\u00e9nero y aplicar los mecanismos y protocolos existentes sobre atenci\u00f3n a la violencia de g\u00e9nero, violencia sexual y violencia contra defensores de derechos humanos.<br><br>La propuesta del perredista, avalada por el resto de los grupos parlamentarios representados en la C\u00e1mara de Diputados, tambi\u00e9n incluye un exhorto al gobierno municipal de Tlapa de Comonfort, para que inicie con los procesos jur\u00eddicos y administrativos que correspondan, contra los funcionarios que resulten responsables en la presunta obstaculizaci\u00f3n del acceso a la justicia y de ser necesario, los sancione conforme a derecho.<br><br>SEM\/la\/sj<br><\/p>\n","protected":false},"excerpt":{"rendered":"<p>Lizbeth \u00c1lvarez SemM\u00e9xico, Cd. de M\u00e9xico, 13 abril 2018.-A propuesta del diputado Omar Ortega \u00c1lvarez, la C\u00e1mara de Diputados aprob\u00f3 un punto de acuerdo a trav\u00e9s del que se exhorta a la Comisi\u00f3n Nacional de los Derechos Humanos (CNDH) a dar seguimiento al caso de Yndira Sandoval S\u00e1nchez, y de resultar procedente realizar las recomendaciones [&hellip;]<\/p>\n","protected":false},"author":3,"featured_media":5280,"comment_status":"open","ping_status":"open","sticky":false,"template":"","format":"standard","meta":{"_monsterinsights_skip_tracking":false,"footnotes":""},"categories":[689,50],"tags":[],"class_list":["post-5279","post","type-post","status-publish","format-standard","has-post-thumbnail","category-689","category-congreso"],"_links":{"self":[{"href":"https:\/\/redsemlac.com\/semmexico\/wp-json\/wp\/v2\/posts\/5279","targetHints":{"allow":["GET"]}}],"collection":[{"href":"https:\/\/redsemlac.com\/semmexico\/wp-json\/wp\/v2\/posts"}],"about":[{"href":"https:\/\/redsemlac.com\/semmexico\/wp-json\/wp\/v2\/types\/post"}],"author":[{"embeddable":true,"href":"https:\/\/redsemlac.com\/semmexico\/wp-json\/wp\/v2\/users\/3"}],"replies":[{"embeddable":true,"href":"https:\/\/redsemlac.com\/semmexico\/wp-json\/wp\/v2\/comments?post=5279"}],"version-history":[{"count":0,"href":"https:\/\/redsemlac.com\/semmexico\/wp-json\/wp\/v2\/posts\/5279\/revisions"}],"wp:featuredmedia":[{"embeddable":true,"href":"https:\/\/redsemlac.com\/semmexico\/wp-json\/wp\/v2\/media\/5280"}],"wp:attachment":[{"href":"https:\/\/redsemlac.com\/semmexico\/wp-json\/wp\/v2\/media?parent=5279"}],"wp:term":[{"taxonomy":"category","embeddable":true,"href":"https:\/\/redsemlac.com\/semmexico\/wp-json\/wp\/v2\/categories?post=5279"},{"taxonomy":"post_tag","embeddable":true,"href":"https:\/\/redsemlac.com\/semmexico\/wp-json\/wp\/v2\/tags?post=5279"}],"curies":[{"name":"wp","href":"https:\/\/api.w.org\/{rel}","templated":true}]}}