{"id":52689,"date":"2022-07-05T09:29:23","date_gmt":"2022-07-05T15:29:23","guid":{"rendered":"https:\/\/redsemlac.com\/semmexico\/?p=52689"},"modified":"2023-07-21T19:08:01","modified_gmt":"2023-07-22T00:08:01","slug":"textura-violeta-otan-juegos-de-guerra-juegos-de-chicos","status":"publish","type":"post","link":"https:\/\/redsemlac.com\/semmexico\/textura-violeta-otan-juegos-de-guerra-juegos-de-chicos\/","title":{"rendered":"Textura Violeta| OTAN: juegos de guerra, juegos de chicos"},"content":{"rendered":"\n<p class=\"wp-block-paragraph\"><strong>Drina Ergueta<\/strong><strong><\/strong><\/p>\n\n\n\n<p class=\"wp-block-paragraph\">SemM\u00e9xico, La Paz, Bolivia, 05 de julio del 2022.- La violencia forma parte del imaginario de los varones desde peque\u00f1os, entre sus juegos de ni\u00f1os y adolescentes las guerras siempre estuvieron presentes, con soldaditos de plomo o de pl\u00e1stico en el pasado cercano y hoy con los videojuegos de enorme representaci\u00f3n realista. As\u00ed ha crecido la generaci\u00f3n que hoy decide el destino del mundo. Hombres y guerra. Esta relaci\u00f3n no es vac\u00eda, ni banal y causal. Mucho menos buena.<\/p>\n\n\n\n<p class=\"wp-block-paragraph\">Entre el 29 y 30 de junio se han reunido en Madrid los 30 pa\u00edses miembros de la Organizaci\u00f3n del Tratado del Atl\u00e1ntico Norte (OTAN) para \u201cgarantizar la defensa colectiva de sus pa\u00edses miembros y mantener a salvo a nuestros mil millones de personas\u201d, seg\u00fan la postura oficial. Jefaturas de Estado y de Gobierno de estos pa\u00edses se reunieron y posaron para la foto de familia, que dice mucho: 27 varones y 4 mujeres (una de ellas es de un pa\u00eds que podr\u00eda incorporarse pr\u00f3ximamente).<\/p>\n\n\n\n<p class=\"wp-block-paragraph\">Un 10 por ciento de mujeres en una mayor\u00eda masculina, esa es la foto de quienes dominan gran parte del mundo y marcan su futuro. Un 100 por ciento de rostros entre blancos y blanqu\u00edsimos, que es otro dato muy importante. Los miembros de la OTAN son pa\u00edses europeos &#8211; de esa Europa que coloniz\u00f3 el globo y le subyug\u00f3 &#8211; y dos de sus ex colonias: Canad\u00e1 y Estados Unidos. Hoy han cambiado algo las cosas: tras la reuni\u00f3n, en los medios europeos ya se habla de la p\u00e9rdida de la soberan\u00eda europea frente al peso estadounidense. &nbsp;<\/p>\n\n\n\n<p class=\"wp-block-paragraph\">Con la guerra en Ucrania como punto central, la reuni\u00f3n concluy\u00f3 que \u201cidentifica a Rusia como la amenaza m\u00e1s importante y directa para la seguridad aliada, aborda a China por primera vez (como \u2018desaf\u00edo sist\u00e9mico\u2019 por su relaci\u00f3n con Rusia y su crecimiento y expansi\u00f3n que amenaza al poder occidental) e incluye otros desaf\u00edos como el terrorismo, cibern\u00e9tico e h\u00edbrido\u201d, seg\u00fan la informaci\u00f3n oficial. A pedido de Espa\u00f1a, tambi\u00e9n se determin\u00f3 que la inmigraci\u00f3n irregular se considere amenaza y se refuerce el \u00abflanco sur\u00bb, ese sur negro.<\/p>\n\n\n\n<p class=\"wp-block-paragraph\">As\u00ed se va definiendo un bloque de poder frente a otro, tambi\u00e9n muy masculino, que tiene como fuerzas emergentes a Rusia y a China, de riesgo por su influencia pol\u00edtica y econ\u00f3mica en el globo. Con Ucrania como escenario caliente, por ahora vivimos como planeta una nueva guerra fr\u00eda. Desde el Sur moreno y negro s\u00f3lo se observa y se padecen las decisiones de ese grupo de hombres que hoy juegan con bombas nucleares.<\/p>\n\n\n\n<p class=\"wp-block-paragraph\">\u00bfPor qu\u00e9 mencionar que son hombres? Son hombres los jefes de hogar, el capataz es hombre, el jefe de la peque\u00f1a empresa lo es, tambi\u00e9n es hombre el de la gran empresa, los grandes consorcios est\u00e1n dominados por hombres, el poder financiero tiene rostro y nombres masculinos, las personas m\u00e1s ricas del planeta son hombres, la inmensa mayor\u00eda de gobiernos est\u00e1n dirigidos por hombres. Las guerras son de ellos.<\/p>\n\n\n\n<p class=\"wp-block-paragraph\">\u00bfLas mujeres podr\u00edan hacer algo distinto por ser mujeres? Por las cuatro Primeras ministras o Presidentas asistentes parece que no: Dinamarca aumentar\u00e1 su presupuesto de defensa como lo marca la OTAN; Estonia, con Rusia como vecino, tendr\u00e1 un refuerzo militar; en Eslovaquia, la OTAN crear\u00e1 un grupo de combate. Finalmente, Islandia, busca su ingreso a la organizaci\u00f3n.<\/p>\n\n\n\n<p class=\"wp-block-paragraph\">Las l\u00edderes de estos pa\u00edses se han dicho feministas, aunque no por ello dejan de tener un feminismo occidental liberal y apoyar las pol\u00edticas mayoritarias del grupo de pa\u00edses al que pertenecen. Adem\u00e1s, son minor\u00eda y, qui\u00e9n sabe, si fueran mayor\u00eda se tomar\u00eda m\u00e1s en cuenta la vida y su cuidado antes que el poder y el dominio.<\/p>\n\n\n\n<p class=\"wp-block-paragraph\">Es vital el lugar desde donde se mira. A las mujeres se nos ha criado en la idea del cuidado, en las formas de negociar antes que golpear \u00bfY si se aprovechara y tomara eso como principio? Si quienes decidieran el destino del mundo fueran feministas ecologistas, decoloniales, campesinas, negras o ind\u00edgenas, seguramente pondr\u00edan por encima de todo la vida de las personas y de la tierra. Pero fundamentalmente cuestionar\u00edan el sistema, este sistema que ya va de crisis en crisis y que nos arrima al abismo, como sociedad, como especie y como planeta. &nbsp;<\/p>\n","protected":false},"excerpt":{"rendered":"<p>La violencia forma parte del imaginario de los varones desde peque\u00f1os, entre sus juegos de ni\u00f1os y adolescentes las guerras siempre estuvieron presentes, con soldaditos de plomo o de pl\u00e1stico en el pasado cercano <\/p>\n","protected":false},"author":3,"featured_media":8467,"comment_status":"open","ping_status":"open","sticky":false,"template":"","format":"standard","meta":{"_monsterinsights_skip_tracking":false,"footnotes":""},"categories":[693,77,35,102],"tags":[459],"class_list":["post-52689","post","type-post","status-publish","format-standard","has-post-thumbnail","category-693","category-drina-ergueta","category-opinion","category-textura-violeta","tag-opinion"],"_links":{"self":[{"href":"https:\/\/redsemlac.com\/semmexico\/wp-json\/wp\/v2\/posts\/52689","targetHints":{"allow":["GET"]}}],"collection":[{"href":"https:\/\/redsemlac.com\/semmexico\/wp-json\/wp\/v2\/posts"}],"about":[{"href":"https:\/\/redsemlac.com\/semmexico\/wp-json\/wp\/v2\/types\/post"}],"author":[{"embeddable":true,"href":"https:\/\/redsemlac.com\/semmexico\/wp-json\/wp\/v2\/users\/3"}],"replies":[{"embeddable":true,"href":"https:\/\/redsemlac.com\/semmexico\/wp-json\/wp\/v2\/comments?post=52689"}],"version-history":[{"count":0,"href":"https:\/\/redsemlac.com\/semmexico\/wp-json\/wp\/v2\/posts\/52689\/revisions"}],"wp:featuredmedia":[{"embeddable":true,"href":"https:\/\/redsemlac.com\/semmexico\/wp-json\/wp\/v2\/media\/8467"}],"wp:attachment":[{"href":"https:\/\/redsemlac.com\/semmexico\/wp-json\/wp\/v2\/media?parent=52689"}],"wp:term":[{"taxonomy":"category","embeddable":true,"href":"https:\/\/redsemlac.com\/semmexico\/wp-json\/wp\/v2\/categories?post=52689"},{"taxonomy":"post_tag","embeddable":true,"href":"https:\/\/redsemlac.com\/semmexico\/wp-json\/wp\/v2\/tags?post=52689"}],"curies":[{"name":"wp","href":"https:\/\/api.w.org\/{rel}","templated":true}]}}