{"id":52656,"date":"2022-07-04T15:47:49","date_gmt":"2022-07-04T21:47:49","guid":{"rendered":"https:\/\/redsemlac.com\/semmexico\/?p=52656"},"modified":"2023-07-21T19:08:02","modified_gmt":"2023-07-22T00:08:02","slug":"princeso-de-carnaval-de-veracruz-denunciado-por-violencia-de-genero-en-plenas-fiestas","status":"publish","type":"post","link":"https:\/\/redsemlac.com\/semmexico\/princeso-de-carnaval-de-veracruz-denunciado-por-violencia-de-genero-en-plenas-fiestas\/","title":{"rendered":"Princeso de carnaval de Veracruz denunciado por violencia de g\u00e9nero, en plenas fiestas"},"content":{"rendered":"\n<p class=\"wp-block-paragraph\"><em><strong>Alba Alem\u00e1n<\/strong><\/em><\/p>\n\n\n\n<p class=\"wp-block-paragraph\"><em>SemM\u00e9xico\/TestigoP\u00farpura, Veracruz, 04 de julio del 2022.- <\/em>El princeso segundo del Carnaval de Veracruz 2022, Erubiel Panda, fue denunciado p\u00fablicamente y ante la Fiscal\u00eda Especializada en Delitos contra las Mujeres, por violencia de g\u00e9nero, luego de que golpeara a su pareja sentimental, en las mismas fechas de la realizaci\u00f3n de estas fiestas.<\/p>\n\n\n\n<p class=\"wp-block-paragraph\">A trav\u00e9s de sus redes sociales, Rosalinda dio a conocer que el pasado 03 de julio acudi\u00f3 ante la Fiscal\u00eda a presentar su denuncia, luego de que el Princeso Segundo la golpeara y en diversas partes del cuerpo.<\/p>\n\n\n\n<p class=\"wp-block-paragraph\">La mujer mostr\u00f3 fotograf\u00edas donde se le pueden observar moretones en cara y rodillas, es de mencionar que despu\u00e9s de hacer esta publicaci\u00f3n fue reportada por otros usuarios y Facebook se la baj\u00f3, pero otras colectivas feministas y familiares le apoyaron replicando la informaci\u00f3n.<\/p>\n\n\n\n<p class=\"wp-block-paragraph\">En los comentarios varias mujeres pidieron que fuera retirado de la Corte Real, ya que actualmente se encuentra desfilando en los paseos aleg\u00f3ricos que se realizar\u00e1n hasta martes 5 de julio.<\/p>\n\n\n\n<p class=\"wp-block-paragraph\">La familia de la joven pidi\u00f3 apoyo a las autoridades municipales, ya que temen por su integridad, as\u00ed como que le sea retirada su corona.<\/p>\n\n\n\n<p class=\"wp-block-paragraph\">\u201cEru Panda\u201d, es un conocido chef, hab\u00eda participado en el programa televisivo \u201cM\u00e1ster Cheff\u201d y posteriormente se lanz\u00f3 para Rey de la Alegr\u00eda, ganando el tercer lugar como Princeso Segundo.<\/p>\n\n\n\n<p class=\"wp-block-paragraph\">Hasta el momento no ha habido ning\u00fan posicionamiento al respecto por parte del Comit\u00e9 Organizador de estas fiestas.<\/p>\n\n\n\n<p class=\"wp-block-paragraph\">SEM\/MG<\/p>\n","protected":false},"excerpt":{"rendered":"<p>El princeso segundo del Carnaval de Veracruz 2022, Erubiel Panda, fue denunciado p\u00fablicamente y ante la Fiscal\u00eda Especializada en Delitos contra las Mujeres, por violencia de g\u00e9nero, luego de que golpeara a su pareja sentimental, en las mismas fechas de la realizaci\u00f3n de estas fiestas.<\/p>\n","protected":false},"author":3,"featured_media":52657,"comment_status":"open","ping_status":"open","sticky":false,"template":"","format":"standard","meta":{"_monsterinsights_skip_tracking":false,"footnotes":""},"categories":[693,47,48],"tags":[],"class_list":["post-52656","post","type-post","status-publish","format-standard","has-post-thumbnail","category-693","category-no-mas-impunidad","category-no-mas-impunidad-no-mas-impunidad"],"_links":{"self":[{"href":"https:\/\/redsemlac.com\/semmexico\/wp-json\/wp\/v2\/posts\/52656","targetHints":{"allow":["GET"]}}],"collection":[{"href":"https:\/\/redsemlac.com\/semmexico\/wp-json\/wp\/v2\/posts"}],"about":[{"href":"https:\/\/redsemlac.com\/semmexico\/wp-json\/wp\/v2\/types\/post"}],"author":[{"embeddable":true,"href":"https:\/\/redsemlac.com\/semmexico\/wp-json\/wp\/v2\/users\/3"}],"replies":[{"embeddable":true,"href":"https:\/\/redsemlac.com\/semmexico\/wp-json\/wp\/v2\/comments?post=52656"}],"version-history":[{"count":0,"href":"https:\/\/redsemlac.com\/semmexico\/wp-json\/wp\/v2\/posts\/52656\/revisions"}],"wp:featuredmedia":[{"embeddable":true,"href":"https:\/\/redsemlac.com\/semmexico\/wp-json\/wp\/v2\/media\/52657"}],"wp:attachment":[{"href":"https:\/\/redsemlac.com\/semmexico\/wp-json\/wp\/v2\/media?parent=52656"}],"wp:term":[{"taxonomy":"category","embeddable":true,"href":"https:\/\/redsemlac.com\/semmexico\/wp-json\/wp\/v2\/categories?post=52656"},{"taxonomy":"post_tag","embeddable":true,"href":"https:\/\/redsemlac.com\/semmexico\/wp-json\/wp\/v2\/tags?post=52656"}],"curies":[{"name":"wp","href":"https:\/\/api.w.org\/{rel}","templated":true}]}}