{"id":52645,"date":"2022-07-04T15:19:15","date_gmt":"2022-07-04T21:19:15","guid":{"rendered":"https:\/\/redsemlac.com\/semmexico\/?p=52645"},"modified":"2023-07-21T19:08:02","modified_gmt":"2023-07-22T00:08:02","slug":"ine-y-amd-celebran-la-gran-final-del-torneo-mexico-debate-2022","status":"publish","type":"post","link":"https:\/\/redsemlac.com\/semmexico\/ine-y-amd-celebran-la-gran-final-del-torneo-mexico-debate-2022\/","title":{"rendered":"INE y AMD celebran la Gran Final del torneo M\u00e9xico Debate 2022"},"content":{"rendered":"\n<ul class=\"wp-block-list\"><li><strong><em>En esta edici\u00f3n, adem\u00e1s del certamen de debate se implement\u00f3 una escuela de formaci\u00f3n para oradores y jueces<\/em><\/strong><\/li><li><strong><em>La juventud mexicana se apropi\u00f3 de esta herramienta a trav\u00e9s de 496 participantes a nivel nacional&nbsp;<\/em><\/strong><\/li><\/ul>\n\n\n\n<p class=\"wp-block-paragraph\"><strong>Redacci\u00f3n<\/strong><\/p>\n\n\n\n<p class=\"wp-block-paragraph\">SemM\u00e9xico, Ciudad de M\u00e9xico, 04 de julio del 2022.- Seg\u00fan un comunicado del Instituto Nacional Electoral, el 02 de julio culmin\u00f3 la cuarta edici\u00f3n del Certamen \u201cM\u00e9xico Debate 2022\u201d, efectuado en el marco de la Estrategia Nacional De Cultura C\u00edvica 2017-2023 organizado por el INE, en colaboraci\u00f3n con la Asociaci\u00f3n Mexicana de Debate (AMD), concurso que reuni\u00f3 a un total de 496 participantes.<\/p>\n\n\n\n<p class=\"wp-block-paragraph\">La Gran Final realizada en las instalaciones del Senado de la Rep\u00fablica comenz\u00f3 con la inauguraci\u00f3n presidida por la Consejera Claudia Zavala P\u00e9rez, quien se pronunci\u00f3 orgullosa de compartir un espacio donde la juventud se apropi\u00f3 del espacio p\u00fablico para debatir de manera respetuosa.<\/p>\n\n\n\n<p class=\"wp-block-paragraph\">\u201cEn estos tiempos tan llenos de simplificaciones y tan propensos a lo binario, es decir al mundo visto, percibido y analizado casi exclusivamente desde dos posiciones \u00fanicas, hace falta precisamente una muy buena dosis de rebeld\u00eda, desde la ley, desde los mandamientos, desde los argumentos; tenemos que ser rebeldes frente a lo uniforme, frente a las ideas preconcebidas, frente a las verdades absolutas y, obviamente, frente a las imposiciones\u201d, dijo la Consejera Zavala.<\/p>\n\n\n\n<p class=\"wp-block-paragraph\">Al respecto, el Director de la Asociaci\u00f3n Mexicana de Debate y Pensamiento Cr\u00edtico, Sergio Luna Amaya, consider\u00f3 que M\u00e9xico Debate es un espacio pertinente en el contexto en que vivimos, porque \u201cesta, la llamada generaci\u00f3n postmoderna, nos hemos enfrentado de forma muy violenta al derrumbe y al cuestionamiento constante de los dogmas que en su momento parec\u00edan inamovibles o incluso naturales, como la religi\u00f3n, la familia, la sexualidad, el g\u00e9nero, la naci\u00f3n, Estado, el medio ambiente\u201d, por lo que&nbsp; con la \u201cescuela de pensamiento, los modelos de debate que nosotros promovemos es el debate serio, representado con tres caracter\u00edsticas fundamentales: pensamiento cr\u00edtico, di\u00e1logo y respeto al pensamiento\u201d.<\/p>\n\n\n\n<p class=\"wp-block-paragraph\">El Representante del PRD, \u00c1ngel \u00c1vila Romero, tambi\u00e9n se sum\u00f3 a la oportunidad de abrir espacios, ya que esta etapa de la posverdad, de la polarizaci\u00f3n, de los otros datos, de los mon\u00f3logos, de las descalificaciones, ya no s\u00f3lo entre la clase pol\u00edtica o los partidos, sino tambi\u00e9n dentro de las sociedades en M\u00e9xico y en otros pa\u00edses del mundo, por lo que elogi\u00f3 esta iniciativa del INE en la promoci\u00f3n de la cultura c\u00edvica, \u201cporque si queremos avanzar en este pa\u00eds, donde hay pluralismo, donde hay distintas visiones y distintas ideas, lo primero que tenemos que saber hacer es escuchar y debatir, porque solamente as\u00ed vamos a poder ponernos de acuerdo en el rumbo que queremos como pa\u00eds y como sociedad\u201d.<\/p>\n\n\n\n<p class=\"wp-block-paragraph\">Asimismo, el Director Ejecutivo de Capacitaci\u00f3n Electoral y Educaci\u00f3n C\u00edvica, Roberto Heycher Cardiel Soto, reflexion\u00f3 en c\u00f3mo este ejercicio permite reconocer el valor del pluralismo y la generaci\u00f3n de nuevos consensos, ya que \u201ccuando uno se mete a una postura contraria y reflexiona sobre los argumentos, se alcanza a ser emp\u00e1tico con aquellos que piensan distinto a nosotros\u2026 podemos coincidir en algunos puntos de inter\u00e9s\u201d.<\/p>\n\n\n\n<p class=\"wp-block-paragraph\">Posterior a la inauguraci\u00f3n, se llevaron a cabo los debates finales. El primero para obtener al 1\u00b0 y 2\u00b0 lugar de la categor\u00eda de 13 a 17 a\u00f1os, a trav\u00e9s de la discusi\u00f3n del tema de \u201cEcoterrorismo como protecci\u00f3n ambiental en Am\u00e9rica Latina\u201d, defendido por el equipo \u201cDevelopment Team \u00c1guilas\u201d compuesto por Andrea Yamile Ju\u00e1rez, Akassia Molina y Noboru Tsuru y en contra del mismo, el equipo \u201cJubalines ITJA\u201d integrado por Felipe Madero, Aranza Valadez y Sof\u00eda Brom. Esta categor\u00eda fue arbitrada por Daniel Espinosa, Juez principal, acompa\u00f1ado en el panel por Mariana Sandoval, Jorge Bullon, Alfonso Lam y Andrea Mart\u00ednez.<\/p>\n\n\n\n<p class=\"wp-block-paragraph\">Y, segundo, el encuentro entre los cuatro equipos finalistas de la categor\u00eda de 18 a 29 a\u00f1os, los cuales sentar\u00edan su postura respecto a \u201cque los estados con pasados coloniales deber\u00edan reivindicar el papel hist\u00f3rico de los imperios en lugar de enfocarse \u00fanicamente en una narrativa antiimperialista\u201d.<\/p>\n\n\n\n<p class=\"wp-block-paragraph\">Los equipos participantes: \u201cEUDG Emperor Time\u201d, integrados por Aisha Gonz\u00e1lez y Alfonso Lam; \u201cAura UNAM-Siglo XXI\u201d, por Dante Armeaga Tinoco y Raquel Alquicira Bautista; \u201cExtimex Bates-Princeton\u201d, por Manuel Machorro y Mariana Icaza D\u00edaz; y el equipo \u201cMade in Turkey\u201d, por Jazm\u00edn Mart\u00ednez y Josu\u00e9 Dami\u00e1n Torres. Las posturas fueron valoradas por Valeria Hern\u00e1ndez, Jueza principal en conjunto al panel integrado por Lino Gonz\u00e1lez, Jorge Bull\u00f3n, Andrea Mart\u00ednez Rojo y Maggie Gamboa.<\/p>\n\n\n\n<p class=\"wp-block-paragraph\">Finalmente, y despu\u00e9s de las deliberaciones entre los paneles por categor\u00eda, se llev\u00f3 a cabo la Ceremonia de Premiaci\u00f3n y Clausura, el pres\u00eddium estuvo&nbsp; integrado por parte de la DECEyEC del INE, por el Director de Educaci\u00f3n C\u00edvica y Participaci\u00f3n Ciudadana, Francisco Morales Camarena, y por el Subdirector de Gesti\u00f3n y Operaci\u00f3n de Programas, Alberto Bueno Salda\u00f1a; de la Asociaci\u00f3n Mexicana de Debate y Pensamiento Cr\u00edtico, la Directora Acad\u00e9mica Ana Castellanos Vargas y el Director de la asociaci\u00f3n Sergio Luna Amaya; mientras que de&nbsp; Juventudes, la represent\u00f3 Arlette Mc. Pherson Fabi\u00e1n y \u00c1ngel Dupuy Alc\u00e1ntara, del equipo formador de M\u00e9xico Debate 2022.<\/p>\n\n\n\n<p class=\"wp-block-paragraph\">Las y los galardonados fueron los siguientes:<\/p>\n\n\n\n<p class=\"wp-block-paragraph\">Categor\u00eda Menor para jueces destacados: Maggie Gamboa; Nelson Pernia y Daniel Espinosa.<\/p>\n\n\n\n<p class=\"wp-block-paragraph\">Mejores debatientes por cada una de las regiones:&nbsp;Regi\u00f3n 1: 3\u00b0 lugar, Sof\u00eda Brom; 2\u00b0 lugar, Aranza Valadez; y en 1\u00b0 lugar, Abril Mariqueo.<\/p>\n\n\n\n<p class=\"wp-block-paragraph\">Regi\u00f3n 2: 3\u00b0 lugar, \u00c1mbar Hern\u00e1ndez; 2\u00b0 lugar, Diego Heredia y en 1\u00b0 lugar, Nict\u00e9-Ha Reynoso.<\/p>\n\n\n\n<p class=\"wp-block-paragraph\">Regi\u00f3n 3: 3\u00b0 lugar, Andrea Ju\u00e1rez; 2\u00b0 lugar, Noboru Tsuru y el 1\u00b0 lugar, Akassia Molina, quien adem\u00e1s gan\u00f3 el premio a mejor oradora de la categor\u00eda menor.<\/p>\n\n\n\n<p class=\"wp-block-paragraph\">Por categor\u00eda 13 a 17 a\u00f1os por equipos 3\u00b0 lugar \u201cMini Bestias del CDUG\u201d; 2\u00b0 lugar, \u201cJubalines ITJA\u201d; y el 1\u00b0 lugar lo obtuvo \u201cD\u00e9velopement Team \u00c1guila.<\/p>\n\n\n\n<p class=\"wp-block-paragraph\">De la categor\u00eda Mayor, el premio a mejor Juez fue para Lino Gonz\u00e1lez; mientras que los premios a mejores personas oradoras del torneo por regi\u00f3n: Regi\u00f3n 1:&nbsp; 3\u00b0 lugar, Aisha Gonz\u00e1lez; 2\u00b0 lugar, Esteban Valles; y 1\u00b0 lugar, Alfonso Lam.&nbsp;<\/p>\n\n\n\n<p class=\"wp-block-paragraph\">Regi\u00f3n 2: En 3\u00b0 lugar hubo triple empate para Ricardo Iren; Yazm\u00edn Mart\u00ednez y Daniel Hern\u00e1ndez. En 2\u00b0 lugar, Diego Villanueva y el 1\u00b0 lugar Itzel Hurtado.<\/p>\n\n\n\n<p class=\"wp-block-paragraph\">Regi\u00f3n 3: En 3\u00b0 lugar, con un doble empate, se premi\u00f3 a Raquel Alquicira y Dante Armeaga.&nbsp;Del 2\u00b0 lugar, a Jos\u00e9 Salazar y el 1\u00b0 lugar a Mariana Icaza, misma que, en empate con Anah\u00ed Salazar, obtuvo el premio a mejor debatiente de toda la categor\u00eda mayor.&nbsp;<\/p>\n\n\n\n<p class=\"wp-block-paragraph\">Ganadores por equipo de la categor\u00eda mayor 18 a 29 a\u00f1os correspondi\u00f3 a la C\u00e1mara Alta de Gobierno \u201cEDUG Emperor Time\u201d; el 2\u00b0 lugar, a la C\u00e1mara Alta de la oposici\u00f3n \u201cMade in Turkey\u201d y el 1\u00b0 lugar para la C\u00e1mara Baja de la oposici\u00f3n \u201cExtimex Bates-Princeton\u201d, compuesta por Manuel Machorro y Mariana Icaza.<\/p>\n\n\n\n<p class=\"wp-block-paragraph\">Cabe recordar que M\u00e9xico Debate en su edici\u00f3n 2022, adem\u00e1s de su Programa de Formaci\u00f3n, se desarroll\u00f3 con cinco torneos regionales clasificatorios, realizados del 28 de mayo al 12 de junio; una fase nacional en la que debatieron los mejores equipos, el 18 y 19 de junio.<\/p>\n","protected":false},"excerpt":{"rendered":"<p>En esta edici\u00f3n, adem\u00e1s del certamen de debate se implement\u00f3 una escuela de formaci\u00f3n para oradores y jueces<\/p>\n","protected":false},"author":3,"featured_media":52646,"comment_status":"open","ping_status":"open","sticky":false,"template":"","format":"standard","meta":{"_monsterinsights_skip_tracking":false,"footnotes":""},"categories":[693,51],"tags":[],"class_list":["post-52645","post","type-post","status-publish","format-standard","has-post-thumbnail","category-693","category-ejecutivo"],"_links":{"self":[{"href":"https:\/\/redsemlac.com\/semmexico\/wp-json\/wp\/v2\/posts\/52645","targetHints":{"allow":["GET"]}}],"collection":[{"href":"https:\/\/redsemlac.com\/semmexico\/wp-json\/wp\/v2\/posts"}],"about":[{"href":"https:\/\/redsemlac.com\/semmexico\/wp-json\/wp\/v2\/types\/post"}],"author":[{"embeddable":true,"href":"https:\/\/redsemlac.com\/semmexico\/wp-json\/wp\/v2\/users\/3"}],"replies":[{"embeddable":true,"href":"https:\/\/redsemlac.com\/semmexico\/wp-json\/wp\/v2\/comments?post=52645"}],"version-history":[{"count":0,"href":"https:\/\/redsemlac.com\/semmexico\/wp-json\/wp\/v2\/posts\/52645\/revisions"}],"wp:featuredmedia":[{"embeddable":true,"href":"https:\/\/redsemlac.com\/semmexico\/wp-json\/wp\/v2\/media\/52646"}],"wp:attachment":[{"href":"https:\/\/redsemlac.com\/semmexico\/wp-json\/wp\/v2\/media?parent=52645"}],"wp:term":[{"taxonomy":"category","embeddable":true,"href":"https:\/\/redsemlac.com\/semmexico\/wp-json\/wp\/v2\/categories?post=52645"},{"taxonomy":"post_tag","embeddable":true,"href":"https:\/\/redsemlac.com\/semmexico\/wp-json\/wp\/v2\/tags?post=52645"}],"curies":[{"name":"wp","href":"https:\/\/api.w.org\/{rel}","templated":true}]}}