{"id":52640,"date":"2022-07-04T14:43:16","date_gmt":"2022-07-04T20:43:16","guid":{"rendered":"https:\/\/redsemlac.com\/semmexico\/?p=52640"},"modified":"2023-07-21T19:08:02","modified_gmt":"2023-07-22T00:08:02","slug":"para-sobrevivir-ucrania-tiene-que-ganar-la-guerra-con-rusia","status":"publish","type":"post","link":"https:\/\/redsemlac.com\/semmexico\/para-sobrevivir-ucrania-tiene-que-ganar-la-guerra-con-rusia\/","title":{"rendered":"Para sobrevivir, Ucrania tiene que ganar la guerra con Rusia"},"content":{"rendered":"\n<ul class=\"wp-block-list\"><li><strong>Testimonio de vida, experiencia de una situaci\u00f3n devastadora<\/strong><\/li><li><strong>Todo cambi\u00f3 para todas y todos el 24 de febrero del 2022<\/strong><\/li><\/ul>\n\n\n\n<p class=\"wp-block-paragraph\"><strong>Olga Kovtun<\/strong><\/p>\n\n\n\n<p class=\"wp-block-paragraph\">SemM\u00e9xico\/LaCostillaRota, Ciudad de M\u00e9xico, 04 de julio del 2022.- El 24 de febrero, Rusia lanz\u00f3 una invasi\u00f3n a gran escala de Ucrania, y las vidas de todas y todos los ucranianos se dividieron en un \u201cantes de la guerra\u201d y el \u201cahora\u201d, sabiendo que jam\u00e1s podr\u00edamos volver a nuestras vidas como han sido antes de la invasi\u00f3n.<\/p>\n\n\n\n<p class=\"wp-block-paragraph\">&nbsp;Yo me fui de Ucrania con mi familia al exterior pocas semanas antes de la guerra, anticipando que las hostilidades en Kyiv, la capital de Ucrania, eran inevitables.<\/p>\n\n\n\n<p class=\"wp-block-paragraph\">Lamentablemente, as\u00ed fue. En marzo las tropas rusas avanzaron hasta la capital, ocupando las \u00e1reas suburbanas Irpin y Bucha, que se encuentran a unos pocos kil\u00f3metros de la capital. Despu\u00e9s de ser liberadas por las Fuerzas Armadas de Ucrania, se han convertido en un memorial de las atrocidades fascistas que Rusia ha cometido ah\u00ed, y sigue cometiendo en cada rinc\u00f3n de la tierra ucraniana ocupada por el invasor.<\/p>\n\n\n\n<p class=\"wp-block-paragraph\">A principios de invierno finalmente nos mudamos en un apartamento propio en Kyiv, pero ni imaginamos que en tan solo unos meses las casas cercanas ser\u00edan atacadas por los Grad rusos (sistema m\u00faltiple de lanzamiento de cohetes) y el centro comercial donde pens\u00e1bamos ir a la piscina ser\u00eda completamente destrozado por una bomba.<\/p>\n\n\n\n<p class=\"wp-block-paragraph\">Rusia, bajo el autoritario r\u00e9gimen de Putin, que&nbsp;cada d\u00eda se parece m\u00e1s y m\u00e1s&nbsp;al del Tercer Reich, durante muchos a\u00f1os iba planeado esta guerra total, ignorando todas las normas de la diplomacia, la ley internacional y el sentido com\u00fan, sembrando las semillas de la propaganda imperialista tanto en la sociedad rusa, como en el exterior. Lo que Rusia hace en Ucrania hoy, es un genocidio real, cuyo objetivo es destruir completamente a Ucrania como estado, la cultura y la identidad ucraniana, dejarnos sin nuestra lengua. Los cr\u00edmenes de guerra que est\u00e1 cometiendo Rusia, son la herramienta pol\u00edtica para borrar cualquier tipo de memoria nacional.<\/p>\n\n\n\n<p class=\"wp-block-paragraph\">Como consecuencia de esta pol\u00edtica imperialista y neofacista, miles de personas civiles en Ucrania fueron brutalmente asesinadas; mujeres, hombres y ni\u00f1os inocentes violados; casas robadas; ni\u00f1os y ni\u00f1as quedaron en la orfandad, infancias sin brazos, sin piernas; millones de familias y vidas destrozadas\u2026 Es completamente devastador abrir las noticias cada d\u00eda y leer sobre un nuevo ataque de misiles en alguna parte de Ucrania, otra vez ver las im\u00e1genes horribles de muertes, de heridos y heridas, de las ciudades enteras, como&nbsp;Mariupol, borradas de la faz de la tierra.<\/p>\n\n\n\n<p class=\"wp-block-paragraph\">Donde viene el soldado ruso, los libros ucranianos se queman, los signos ucranianos se reemplazan por los rusos, y la gente inocente muere tan solo por ser ucranianas.&nbsp;En los territorios que han sido liberados despu\u00e9s de la ocupaci\u00f3n rusa,&nbsp;se encuentran numerosos cuerpos de ucranianos brutalmente torturados. &nbsp;<\/p>\n\n\n\n<p class=\"wp-block-paragraph\">En las regiones, que siguen siendo ocupadas, el ej\u00e9rcito ruso hace un terror total, en particular practican el terror del hambre \u2014 destruyendo la infraestructura vital de la econom\u00eda ucraniana, robando, apoder\u00e1ndose de los alimentos. Este tipo de terror de Rusia contra Ucrania es tradicional y lo estaba haciendo siglos atr\u00e1s. Una de las m\u00e1s grandes tragedias en la historia ucraniana es la Gran hambruna (conocida como el Holodomor), hecha artificialmente por el r\u00e9gimen sovi\u00e9tico en los a\u00f1os 1932-1933. Seg\u00fan los historiadores, como consecuencia en los terrenos ucranianos murieron m\u00e1s de 4 millones personas.<\/p>\n\n\n\n<p class=\"wp-block-paragraph\">Para defenderse, es crucial que Ucrania obtenga la mayor cantidad posible del armamento pesado. Necesitamos todo tipo de apoyo y solidaridad por parte de otros pa\u00edses, para que el mundo no se olvide de esta guerra ocurriendo en Europa en el siglo XXI. Cada d\u00eda Rusia est\u00e1 convirti\u00e9ndose m\u00e1s y m\u00e1s en un estado paria, alej\u00e1ndose del mundo civilizado, amenazando a nivel estatal de atacar a otros pa\u00edses europeos con el arma nuclear.<\/p>\n\n\n\n<p class=\"wp-block-paragraph\">La propaganda rusa, simbiosis de la de la Uni\u00f3n Sovi\u00e9tica y de los nazis alemanes, en nuestros tiempos se ha convertido en un monstruo h\u00edbrido, difundiendo mentiras c\u00ednicas a trav\u00e9s de todos los canales estatales, sus embajadas, centros culturales en el exterior, etc.<\/p>\n\n\n\n<p class=\"wp-block-paragraph\">Lo peor de todo, es que, seg\u00fan las encuestas, la mayor\u00eda de la poblaci\u00f3n rusa apoya las acciones militares del Kremlin en Ucrania. De verdad creen que somos unos m\u00edticos \u2018nazis\u2019 y que tienen que matarnos, o como ha dicho Putin \u2018desnazificarnos\u2019. &nbsp;Para no ir bastante lejos, puedo decir que casi cada ucraniano tiene un amigo o familiar en Rusia que de verdad lo cree, yo tambi\u00e9n conozco a gente as\u00ed. Es in\u00fatil hablar con ellos, simplemente he cortado todo tipo de comunicaci\u00f3n.<\/p>\n\n\n\n<p class=\"wp-block-paragraph\">Desde el comienzo de la guerra, he mantenido siempre el contacto cercano con mi hermano y mi padre, que se quedaron en Ucrania. Su deber es continuar haciendo su trabajo y acercar la victoria de Ucrania. Cuando Kyiv ha sido atacado por las fuerzas militares rusas durante muchas semanas seguidas, lo primero que hac\u00eda yo al despertar, siendo lejos y refugiada en otro pa\u00eds, fue preguntar: \u201c\u00bfC\u00f3mo est\u00e1s?\u201d. Y cada minuto de silencio escalofriante me parec\u00eda una eternidad. A veces mi padre simplemente respond\u00eda con un \u2018+\u2019, lo que significaba que est\u00e1 vivo. Semejantes historias pueden contar millones de ucranianos, las y los refugiados y los que se quedaron en Ucrania.<\/p>\n\n\n\n<p class=\"wp-block-paragraph\">Mujeres y ni\u00f1os son los \u00fanicos que ahora pueden salir del pa\u00eds, seg\u00fan la ley marcial. Miles de ni\u00f1os y ni\u00f1as ven a sus padres \u00fanicamente por tel\u00e9fono, y tantas familias no tienen ni idea cuando ser\u00e1 posible unirse otra vez.<\/p>\n\n\n\n<p class=\"wp-block-paragraph\">Siento un orgullo enorme por cada ucraniano \u2013 hombres y mujeres-, que en este momento de la historia tan dif\u00edcil se han unido al ej\u00e9rcito, o se han convertido en voluntarios, haciendo todo lo posible para la victoria 24\/7.<\/p>\n\n\n\n<p class=\"wp-block-paragraph\">Pienso en las madres, que por peligro dejaron sus casas y se refugiaron con sus criaturas en pa\u00edses desconocidos para comenzar sus vidas desde cero. Todos y todas viviendo con la esperanza que alg\u00fan d\u00eda puedan volver.<\/p>\n\n\n\n<p class=\"wp-block-paragraph\">Seg\u00fan las fuentes ucranianas oficiales, en las Fuerzas Armadas de Ucrania sirven 57 000 mujeres (22% del personal del ej\u00e9rcito).&nbsp;Otras cifras importantes:<\/p>\n\n\n\n<ul class=\"wp-block-list\"><li>desde el 24 de febrero 2\u20443 de las ni\u00f1as y ni\u00f1os ucranianos son desplazados<\/li><\/ul>\n\n\n\n<ul class=\"wp-block-list\"><li>\u00a0al menos 344 infantes\u00a0 \u00a0fueron asesinados, 640 heridos<\/li><\/ul>\n\n\n\n<ul class=\"wp-block-list\"><li>Rusia ha disparado m\u00e1s de 2800 misiles contra ciudades de Ucrania desde el comienzo de la guerra a gran escala.<\/li><\/ul>\n\n\n\n<p class=\"wp-block-paragraph\">Los n\u00fameros siguen aumentando. No hay datos de v\u00edctimas desde las regiones ucranianas ocupadas por los rusos.<\/p>\n\n\n\n<p class=\"wp-block-paragraph\">Ucrania est\u00e1 siendo atacada literalmente cada d\u00eda, desde el cielo, el mar y la tierra. Un lugar seguro en Ucrania ahora simplemente no existe.<\/p>\n\n\n\n<p class=\"wp-block-paragraph\">La semana pasada Rusia lanz\u00f3 50 misiles sobre mi pa\u00eds en tan solo un d\u00eda, atacando entre otras la ciudad de Sarny, situada en el Oeste de Ucrania, donde he vivido los primeros cinco a\u00f1os de mi vida. Muchos cohetes m\u00e1s impactaron la regi\u00f3n de Mykolaiv, donde ha muerto una ni\u00f1a de 8 a\u00f1os mientras dorm\u00eda pac\u00edficamente en su casa, otros fueron lanzados sobre Kyiv, destruyendo un edificio residencial en el centro de la capital, otro fue lanzado sobre un centro comercial en Kremenchuk, que en pleno d\u00eda estaba lleno de personas. El 1 de julio Rusia atac\u00f3 con misiles la regi\u00f3n de Odesa, otra vez \u2013 edificios residenciales y un campamento de recreaci\u00f3n.&nbsp;Al menos 21 muertos,&nbsp;38 heridos, entre ellos \u2013 ni\u00f1os\u2026<\/p>\n\n\n\n<p class=\"wp-block-paragraph\">\u00bfC\u00f3mo seguir viviendo en tales circunstancias? No tengo ni idea.<\/p>\n\n\n\n<p class=\"wp-block-paragraph\">Nunca imagin\u00e9&nbsp;que estuviera escribiendo sobre el genocidio en mi pa\u00eds, ocurriendo ahora mismo, y que mis hijos vivir\u00edan en los tiempos de guerra, dejando nuestra vida en Ucrania atr\u00e1s.<\/p>\n\n\n\n<p class=\"wp-block-paragraph\">Pero s\u00e9&nbsp;que tengo que continuar con mi vida, a pesar de todo tengo que tratar de ser feliz, y cuidar a mi familia \u2013 a los que est\u00e1n cerca de m\u00ed, y los que est\u00e1n lejos. Hay que pensar en la salud mental, aunque a veces tengo el sentimiento como si estuviera cayendo en un abismo. Tengo que criar a mi hija peque\u00f1a y pasarle la identidad ucraniana, sim importar en qu\u00e9 parte del mundo estemos. Debo seguir con mis proyectos personales y profesionales, para crecer, aprender, trabajar y, como millones de ucranianos ahora, ayudar a las Fuerzas Armadas de Ucrania de cualquier manera posible: haciendo donaciones, iniciando campa\u00f1as de crowdfunding, escribiendo. Ellos son los que protegen a la tierra ucraniana f\u00edsicamente, son los h\u00e9roes de nuestra historia m\u00e1s reciente, escribi\u00e9ndose frente a los ojos. Pero todos tenemos mucho que hacer y s\u00e9 que no tengo derecho a rendirme.<\/p>\n\n\n\n<p class=\"wp-block-paragraph\">Para sobrevivir, Ucrania tiene que ganar la guerra con Rusia. Hay que seguir adelante hasta la victoria. Y despu\u00e9s finalmente volver a casa.<\/p>\n","protected":false},"excerpt":{"rendered":"<p>Testimonio de vida, experiencia de una situaci\u00f3n devastadora<\/p>\n","protected":false},"author":3,"featured_media":52641,"comment_status":"open","ping_status":"open","sticky":false,"template":"","format":"standard","meta":{"_monsterinsights_skip_tracking":false,"footnotes":""},"categories":[693,53],"tags":[],"class_list":["post-52640","post","type-post","status-publish","format-standard","has-post-thumbnail","category-693","category-internacional"],"_links":{"self":[{"href":"https:\/\/redsemlac.com\/semmexico\/wp-json\/wp\/v2\/posts\/52640","targetHints":{"allow":["GET"]}}],"collection":[{"href":"https:\/\/redsemlac.com\/semmexico\/wp-json\/wp\/v2\/posts"}],"about":[{"href":"https:\/\/redsemlac.com\/semmexico\/wp-json\/wp\/v2\/types\/post"}],"author":[{"embeddable":true,"href":"https:\/\/redsemlac.com\/semmexico\/wp-json\/wp\/v2\/users\/3"}],"replies":[{"embeddable":true,"href":"https:\/\/redsemlac.com\/semmexico\/wp-json\/wp\/v2\/comments?post=52640"}],"version-history":[{"count":0,"href":"https:\/\/redsemlac.com\/semmexico\/wp-json\/wp\/v2\/posts\/52640\/revisions"}],"wp:featuredmedia":[{"embeddable":true,"href":"https:\/\/redsemlac.com\/semmexico\/wp-json\/wp\/v2\/media\/52641"}],"wp:attachment":[{"href":"https:\/\/redsemlac.com\/semmexico\/wp-json\/wp\/v2\/media?parent=52640"}],"wp:term":[{"taxonomy":"category","embeddable":true,"href":"https:\/\/redsemlac.com\/semmexico\/wp-json\/wp\/v2\/categories?post=52640"},{"taxonomy":"post_tag","embeddable":true,"href":"https:\/\/redsemlac.com\/semmexico\/wp-json\/wp\/v2\/tags?post=52640"}],"curies":[{"name":"wp","href":"https:\/\/api.w.org\/{rel}","templated":true}]}}