{"id":52637,"date":"2022-07-04T14:23:10","date_gmt":"2022-07-04T20:23:10","guid":{"rendered":"https:\/\/redsemlac.com\/semmexico\/?p=52637"},"modified":"2023-07-21T19:08:02","modified_gmt":"2023-07-22T00:08:02","slug":"cuba-primera-jornada-por-la-mujer-afrolatina-afrocaribena-y-de-la-diaspora","status":"publish","type":"post","link":"https:\/\/redsemlac.com\/semmexico\/cuba-primera-jornada-por-la-mujer-afrolatina-afrocaribena-y-de-la-diaspora\/","title":{"rendered":"Cuba: Primera jornada por la mujer afrolatina, afrocaribe\u00f1a y de la di\u00e1spora"},"content":{"rendered":"\n<p class=\"wp-block-paragraph\"><strong>Sara M\u00e1s<\/strong><\/p>\n\n\n\n<p class=\"wp-block-paragraph\"><strong>SemM\u00e9xico\/SEMlac, <\/strong>La Habana, 04 de julio del 2022.- Dedicada a la<a href=\"https:\/\/www.redsemlac-cuba.net\/redsemlac\/sociedad-y-cultura\/en-el-tiempo-y-la-dimension-de-georgina-herrera\/\" target=\"_blank\" rel=\"noreferrer noopener\">&nbsp;poeta cubana Georgina Herrera<\/a>&nbsp;(1936-2021), tendr\u00e1 lugar en La Habana, del 18 al 25 de julio, la \u00abPrimera Jornada por la Mujer Afrolatina, Afrocaribe\u00f1a y de la Di\u00e1spora\u00bb, a prop\u00f3sito de ese d\u00eda, que se celebra internacionalmente cada 25 de julio.<\/p>\n\n\n\n<p class=\"wp-block-paragraph\"><br>A tono con la fecha, el encuentro se propone visibilizar a las&nbsp;<a href=\"https:\/\/www.redsemlac-cuba.net\/redsemlac\/sociedad-y-cultura\/activismos-contra-opresiones-multiples-la-siembra-del-futuro\/\" target=\"_blank\" rel=\"noreferrer noopener\">mujeres afrodescendientes en sus avances y desaf\u00edos<\/a>,<a href=\"https:\/\/www.redsemlac-cuba.net\/redsemlac\/sociedad-y-cultura\/activismos-contra-opresiones-multiples-la-siembra-del-futuro\/\" target=\"_blank\" rel=\"noreferrer noopener\">&nbsp;sensibilizar sobre la necesidad de pol\u00edticas p\u00fablicas que contribuyan a mejorar su calidad de vida y a erradicar el racismo y la discriminaci\u00f3n<\/a>&nbsp;como barreras para el bienestar pleno de este grupo social.<\/p>\n\n\n\n<p class=\"wp-block-paragraph\"><br>Convocado por una articulaci\u00f3n de mujeres afrofeministas y activistas antirracistas, con el apoyo del Programa Nacional contra el Racismo y la Discriminaci\u00f3n Racial, la jornada incluye paneles de discusi\u00f3n, espacios de debate, homenajes, presentaciones de m\u00fasica y teatro, afroferias, desfile de modas, venta de productos afro y otras iniciativas que se desarrollar\u00e1n fundamentalmente de forma presencial, en diversos espacios de la ciudad, indica la convocatoria.<\/p>\n\n\n\n<p class=\"wp-block-paragraph\"><br>La apertura oficial ser\u00e1 el lunes 18 de julio, en el cine 23 y 12, en el Vedado, a las 2:00 de la tarde, y contar\u00e1 con unas palabras iniciales para responder a la pregunta \u00bfqui\u00e9nes son las mujeres afrodescendientes?, a cargo de la investigadora, periodista y activista afrofeminista Gisela Arandia y de Diarenis Calder\u00f3n Tartabull, curadora, gestora de eventos, educadora popular y cofundadora de la colectiva Nosotrxs.<\/p>\n\n\n\n<p class=\"wp-block-paragraph\"><br>Dedicado a los aportes de las mujeres africanas y caribe\u00f1as, el segundo d\u00eda se desarrollar\u00e1 en la Casa de \u00c1frica, en la Habana Vieja, un panel que contar\u00e1 con la participaci\u00f3n de las embajadoras Rosalie Kama Miamayoua, del Congo, y Regine Lamur, de Hait\u00ed, quienes hablar\u00e1n acerca del liderazgo de la mujer africana y caribe\u00f1a, en tanto un invitado de Burkina Faso disertar\u00e1 sobre el pensamiento feminista de Tom\u00e1s Sankar.<\/p>\n\n\n\n<p class=\"wp-block-paragraph\"><br>Otras de las actividades programados son el panel \u00abCimarronas, mujeres en resistencia\u00bb y una feria afroest\u00e9tica, en la cual participar\u00e1n los proyectos de emprendedoras BarbarA\u00b4s Power,&nbsp;<a href=\"https:\/\/www.redsemlac-cuba.net\/redsemlac\/economia\/beyond-roots-un-viaje-a-las-raices\/\" target=\"_blank\" rel=\"noreferrer noopener\">Beyond Roots<\/a>&nbsp;y Turban Queens, entre otros.<\/p>\n\n\n\n<p class=\"wp-block-paragraph\"><br>Destaca, igualmente, el I Coloquio \u00abMujeres afrodescendientes en Cuba\u00bb, el 21 de julio, en el multicine Infanta, en el c\u00e9ntrico municipio de Centro Habana, donde igualmente se rendir\u00e1 homenaje a las mujeres de la industria cinematogr\u00e1fica cubana.<\/p>\n\n\n\n<p class=\"wp-block-paragraph\"><br>Racismo y antirracismo en la sociedad cubana actual;&nbsp;<a href=\"https:\/\/www.redsemlac-cuba.net\/redsemlac\/sociedad-y-cultura\/contrapunteos-en-torno-a-los-feminismos\/\" target=\"_blank\" rel=\"noreferrer noopener\">contribuci\u00f3n de las mujeres afrodescendientes a la historia, la cultura y las ciencias en Cuba<\/a>,&nbsp;<a href=\"https:\/\/www.redsemlac-cuba.net\/redsemlac\/sociedad-y-cultura\/debate-aboga-por-desterrar-prejuicios-racistas-y-coloniales\/\" target=\"_blank\" rel=\"noreferrer noopener\">el enfoque interseccional en las investigaciones sociales sobre la tem\u00e1tica racial<\/a>; mujeres afrodescendientes y&nbsp;<a href=\"https:\/\/www.redsemlac-cuba.net\/redsemlac\/comunicacion\/en-agenda\/resurgen-estereotipos-sexistas-y-racistas-en-la-publicidad\/\" target=\"_blank\" rel=\"noreferrer noopener\">medios de comunicaci\u00f3n<\/a>; y activismo afrofeminista en Cuba son lo sejes tem\u00e1ticos que se tratar\u00e1n en el coloquio.<\/p>\n\n\n\n<p class=\"wp-block-paragraph\"><br>Las personas interesadas podr\u00e1n inscribir sus trabajos y deber\u00e1n enviar por correo electr\u00f3nico (<a href=\"mailto:yuliajju@yahoo.es\" target=\"_blank\" rel=\"noreferrer noopener\">yuliajju@yahoo.es<\/a>), hasta el 15 de julio, una ficha con los siguientes datos: nombre y apellidos, t\u00edtulo de la ponencia, un resumen de no m\u00e1s de 200 palabras y organizaci\u00f3n o instituci\u00f3n a la que pertenecen. El Comit\u00e9 Acad\u00e9mico informar\u00e1 el 17 de julio los trabajos aceptados.<\/p>\n\n\n\n<p class=\"wp-block-paragraph\"><br>El viernes 22 de julio se har\u00e1 un homenaje a la poeta Georgina Herrera, fallecida en diciembre de 2021, adem\u00e1s de un conversatorio con mujeres destacadas de la cultura, la pol\u00edtica y las ciencias, en el anfiteatro Varona de la Universidad de La Habana.<\/p>\n\n\n\n<p class=\"wp-block-paragraph\"><br>\u00abEste a\u00f1o se quiere organizar una jornada en la que participen de manera coordinada los grupos de mujeres activistas, feministas y antirracistas, acad\u00e9micas de diferentes disciplinas cient\u00edficas y diversas instituciones\u00bb, precis\u00f3 a SEMlac Yulexis Almeida Junco, integrante del comit\u00e9 organizador.<\/p>\n\n\n\n<p class=\"wp-block-paragraph\"><br>Almeida Junco reconoci\u00f3 que la fecha del 25 de julio, D\u00eda Internacional por la Mujer Afrolatina, Afrocaribe\u00f1a y de la Di\u00e1spora, ha ido cobrando importancia y visibilidad en la naci\u00f3n caribe\u00f1a, en los \u00faltimos a\u00f1os.<\/p>\n\n\n\n<p class=\"wp-block-paragraph\"><br>Sin embargo, consider\u00f3 que las acciones de los grupos de activismo afrofeministas, acad\u00e9micas y diversas instituciones necesitan articularse m\u00e1s, para lograr el impacto que amerita la fecha, en correspondencia con la vocaci\u00f3n antirracista, antipatriarcal y humanista del proyecto social cubano.<br>Entre las instituciones y organizaciones involucradas en esta primera jornada, la soci\u00f3loga y profesora universitaria mencion\u00f3 la Universidad de La Habana, varios centros de investigaci\u00f3n, el Programa Nacional contra el Racismo y la Discriminaci\u00f3n Racial, la Federaci\u00f3n de Mujeres Cubanas y el Ministerio de Cultura.<\/p>\n\n\n\n<p class=\"wp-block-paragraph\"><br>El programa contar\u00e1 con varios momentos para el disfrute del arte, como la presentaci\u00f3n de la obra&nbsp;<em>Somos mujeres<\/em>, del grupo de teatro Macub\u00e1, bajo la direcci\u00f3n de&nbsp;<a href=\"https:\/\/www.redsemlac-cuba.net\/redsemlac\/sociedad-y-cultura\/teatro-desde-las-mujeres\/\" target=\"_blank\" rel=\"noreferrer noopener\">F\u00e1tima Patterson<\/a>, el 23 de julio en el Teatro Nacional; un concierto en la noche del 22 de julio, en el cine Yara, con varias cantantes y creadoras musicales, as\u00ed como la inauguraci\u00f3n de la exposici\u00f3n colectiva&nbsp;<em>Caminos<\/em>, el 20 de julio, en la galer\u00eda del Consejo Nacional de Casas de Cultura.<\/p>\n\n\n\n<p class=\"wp-block-paragraph\"><br>La jornada cerrar\u00e1 el d\u00eda 25 de julio, a las 10:00 de la ma\u00f1ana, con el panel virtual \u00abMujer-cimarronajes y espiritualidad en clave afropol\u00edtica\u00bb, con acad\u00e9micas cubanas y venezolanas.<\/p>\n","protected":false},"excerpt":{"rendered":"<p>Sara M\u00e1s<br \/>\nSemM\u00e9xico\/SEMlac, La Habana, 04 de julio del 2022.- Dedicada a la poeta cubana Georgina Herrera (1936-2021), tendr\u00e1 lugar en La Habana, del 18 al 25 de julio, la \u00abPrimera Jornada por la Mujer Afrolatina, Afrocaribe\u00f1a y de la Di\u00e1spora\u00bb, a prop\u00f3sito de ese d\u00eda, que se celebra internacionalmente cada 25 de julio.<\/p>\n<p>A tono con la fecha, el encuentro se propone visibilizar a las mujeres afrodescendientes en sus avances y desaf\u00edos, sensibilizar sobre la necesidad de pol\u00edticas p\u00fablicas que contribuyan a mejorar su calidad de vida y a erradicar el racismo y la discriminaci\u00f3n como barreras para el bienestar pleno de este grupo social.<\/p>\n<p>Convocado por una articulaci\u00f3n de mujeres afrofeministas y activistas antirracistas, con el apoyo del Programa Nacional contra el Racismo y la Discriminaci\u00f3n Racial, la jornada incluye paneles de discusi\u00f3n, espacios de debate, homenajes, presentaciones de m\u00fasica y teatro, afroferias, desfile de modas, venta de productos afro y otras iniciativas que se desarrollar\u00e1n fundamentalmente de forma presencial, en diversos espacios de la ciudad, indica la convocatoria.<\/p>\n<p>La apertura oficial ser\u00e1 el lunes 18 de julio, en el cine 23 y 12, en el Vedado, a las 2:00 de la tarde, y contar\u00e1 con unas palabras iniciales para responder a la pregunta \u00bfqui\u00e9nes son las mujeres afrodescendientes?, a cargo de la investigadora, periodista y activista afrofeminista Gisela Arandia y de Diarenis Calder\u00f3n Tartabull, curadora, gestora de eventos, educadora popular y cofundadora de la colectiva Nosotrxs.<\/p>\n<p>Dedicado a los aportes de las mujeres africanas y caribe\u00f1as, el segundo d\u00eda se desarrollar\u00e1 en la Casa de \u00c1frica, en la Habana Vieja, un panel que contar\u00e1 con la participaci\u00f3n de las embajadoras Rosalie Kama Miamayoua, del Congo, y Regine Lamur, de Hait\u00ed, quienes hablar\u00e1n acerca del liderazgo de la mujer africana y caribe\u00f1a, en tanto un invitado de Burkina Faso disertar\u00e1 sobre el pensamiento feminista de Tom\u00e1s Sankar.<\/p>\n<p>Otras de las actividades programados son el panel \u00abCimarronas, mujeres en resistencia\u00bb y una feria afroest\u00e9tica, en la cual participar\u00e1n los proyectos de emprendedoras BarbarA\u00b4s Power, Beyond Roots y Turban Queens, entre otros.<\/p>\n<p>Destaca, igualmente, el I Coloquio \u00abMujeres afrodescendientes en Cuba\u00bb, el 21 de julio, en el multicine Infanta, en el c\u00e9ntrico municipio de Centro Habana, donde igualmente se rendir\u00e1 homenaje a las mujeres de la industria cinematogr\u00e1fica cubana.<\/p>\n<p>Racismo y antirracismo en la sociedad cubana actual; contribuci\u00f3n de las mujeres afrodescendientes a la historia, la cultura y las ciencias en Cuba, el enfoque interseccional en las investigaciones sociales sobre la tem\u00e1tica racial; mujeres afrodescendientes y medios de comunicaci\u00f3n; y activismo afrofeminista en Cuba son lo sejes tem\u00e1ticos que se tratar\u00e1n en el coloquio.<\/p>\n<p>Las personas interesadas podr\u00e1n inscribir sus trabajos y deber\u00e1n enviar por correo electr\u00f3nico (yuliajju@yahoo.es), hasta el 15 de julio, una ficha con los siguientes datos: nombre y apellidos, t\u00edtulo de la ponencia, un resumen de no m\u00e1s de 200 palabras y organizaci\u00f3n o instituci\u00f3n a la que pertenecen. El Comit\u00e9 Acad\u00e9mico informar\u00e1 el 17 de julio los trabajos aceptados.<\/p>\n<p>El viernes 22 de julio se har\u00e1 un homenaje a la poeta Georgina Herrera, fallecida en diciembre de 2021, adem\u00e1s de un conversatorio con mujeres destacadas de la cultura, la pol\u00edtica y las ciencias, en el anfiteatro Varona de la Universidad de La Habana.<\/p>\n<p>\u00abEste a\u00f1o se quiere organizar una jornada en la que participen de manera coordinada los grupos de mujeres activistas, feministas y antirracistas, acad\u00e9micas de diferentes disciplinas cient\u00edficas y diversas instituciones\u00bb, precis\u00f3 a SEMlac Yulexis Almeida Junco, integrante del comit\u00e9 organizador.<\/p>\n<p>Almeida Junco reconoci\u00f3 que la fecha del 25 de julio, D\u00eda Internacional por la Mujer Afrolatina, Afrocaribe\u00f1a y de la Di\u00e1spora, ha ido cobrando importancia y visibilidad en la naci\u00f3n caribe\u00f1a, en los \u00faltimos a\u00f1os.<\/p>\n<p>Sin embargo, consider\u00f3 que las acciones de los grupos de activismo afrofeministas, acad\u00e9micas y diversas instituciones necesitan articularse m\u00e1s, para lograr el impacto que amerita la fecha, en correspondencia con la vocaci\u00f3n antirracista, antipatriarcal y humanista del proyecto social cubano.<br \/>\nEntre las instituciones y organizaciones involucradas en esta primera jornada, la soci\u00f3loga y profesora universitaria mencion\u00f3 la Universidad de La Habana, varios centros de investigaci\u00f3n, el Programa Nacional contra el Racismo y la Discriminaci\u00f3n Racial, la Federaci\u00f3n de Mujeres Cubanas y el Ministerio de Cultura.<\/p>\n<p>El programa contar\u00e1 con varios momentos para el disfrute del arte, como la presentaci\u00f3n de la obra Somos mujeres, del grupo de teatro Macub\u00e1, bajo la direcci\u00f3n de F\u00e1tima Patterson, el 23 de julio en el Teatro Nacional; un concierto en la noche del 22 de julio, en el cine Yara, con varias cantantes y creadoras musicales, as\u00ed como la inauguraci\u00f3n de la exposici\u00f3n colectiva Caminos, el 20 de julio, en la galer\u00eda del Consejo Nacional de Casas de Cultura.<\/p>\n<p>La jornada cerrar\u00e1 el d\u00eda 25 de julio, a las 10:00 de la ma\u00f1ana, con el panel virtual \u00abMujer-cimarronajes y espiritualidad en clave afropol\u00edtica\u00bb, con acad\u00e9micas cubanas y venezolanas.<\/p>\n","protected":false},"author":3,"featured_media":52638,"comment_status":"open","ping_status":"open","sticky":false,"template":"","format":"standard","meta":{"_monsterinsights_skip_tracking":false,"footnotes":""},"categories":[693,53],"tags":[],"class_list":["post-52637","post","type-post","status-publish","format-standard","has-post-thumbnail","category-693","category-internacional"],"_links":{"self":[{"href":"https:\/\/redsemlac.com\/semmexico\/wp-json\/wp\/v2\/posts\/52637","targetHints":{"allow":["GET"]}}],"collection":[{"href":"https:\/\/redsemlac.com\/semmexico\/wp-json\/wp\/v2\/posts"}],"about":[{"href":"https:\/\/redsemlac.com\/semmexico\/wp-json\/wp\/v2\/types\/post"}],"author":[{"embeddable":true,"href":"https:\/\/redsemlac.com\/semmexico\/wp-json\/wp\/v2\/users\/3"}],"replies":[{"embeddable":true,"href":"https:\/\/redsemlac.com\/semmexico\/wp-json\/wp\/v2\/comments?post=52637"}],"version-history":[{"count":0,"href":"https:\/\/redsemlac.com\/semmexico\/wp-json\/wp\/v2\/posts\/52637\/revisions"}],"wp:featuredmedia":[{"embeddable":true,"href":"https:\/\/redsemlac.com\/semmexico\/wp-json\/wp\/v2\/media\/52638"}],"wp:attachment":[{"href":"https:\/\/redsemlac.com\/semmexico\/wp-json\/wp\/v2\/media?parent=52637"}],"wp:term":[{"taxonomy":"category","embeddable":true,"href":"https:\/\/redsemlac.com\/semmexico\/wp-json\/wp\/v2\/categories?post=52637"},{"taxonomy":"post_tag","embeddable":true,"href":"https:\/\/redsemlac.com\/semmexico\/wp-json\/wp\/v2\/tags?post=52637"}],"curies":[{"name":"wp","href":"https:\/\/api.w.org\/{rel}","templated":true}]}}