{"id":52634,"date":"2022-07-04T14:20:45","date_gmt":"2022-07-04T20:20:45","guid":{"rendered":"https:\/\/redsemlac.com\/semmexico\/?p=52634"},"modified":"2023-07-21T19:08:02","modified_gmt":"2023-07-22T00:08:02","slug":"cuba-de-victimas-a-victimarias-un-paso-hacia-la-proteccion","status":"publish","type":"post","link":"https:\/\/redsemlac.com\/semmexico\/cuba-de-victimas-a-victimarias-un-paso-hacia-la-proteccion\/","title":{"rendered":"Cuba: De v\u00edctimas a victimarias, un paso hacia la protecci\u00f3n"},"content":{"rendered":"\n<p class=\"wp-block-paragraph\"><strong>Dixie Edith<\/strong><em><br><\/em>SemM\u00e9xico\/SEMlac, La Habana, Cuba, 04 de julio del 2022. &#8211; La distinci\u00f3n expl\u00edcita y bien argumentada entre un homicidio y un asesinato se cuenta entre los valores del nuevo C\u00f3digo Penal cubano para atender a mujeres que,\u00a0<a href=\"https:\/\/www.redsemlac-cuba.net\/redsemlac\/violencia\/ck83-noticias\/de-victimas-a-victimarias-mujeres-violentas\/\" target=\"_blank\" rel=\"noreferrer noopener\">de v\u00edctimas de violencia de g\u00e9nero, se convierten en victimarias<\/a>\u00a0como reacci\u00f3n a un maltrato continuado, considera la\u00a0<a href=\"https:\/\/directoriogenero.redsemlac-cuba.net\/iyamira-hernandez-pita-la-habana-1971\/\" target=\"_blank\" rel=\"noreferrer noopener\">soci\u00f3loga Iyamira Hern\u00e1ndez Pita<\/a>.<\/p>\n\n\n\n<p class=\"wp-block-paragraph\"><br>\u00abSe mantienen muy bien en el C\u00f3digo las distinciones, seg\u00fan la gravedad del hecho, entre una conducta de homicidio y una de asesinato, algo muy importante para atender a estas mujeres en su doble condici\u00f3n de\u00a0<a href=\"https:\/\/www.redsemlac-cuba.net\/redsemlac\/violencia\/ck83-noticias\/de-victimas-a-victimarias-mujeres-violentas\/\" target=\"_blank\" rel=\"noreferrer noopener\">v\u00edctimas y victimarias<\/a>\u00ab, precisa a SEMlac Hern\u00e1ndez Pita, profesora de la Universidad de La Habana.<\/p>\n\n\n\n<p class=\"wp-block-paragraph\"><br>Aprobado el pasado 15 de mayo por el Parlamento, la nueva norma ser\u00e1 publicada en la Gaceta Oficial en 90 d\u00edas a partir de esa fecha y se articula con otras como la Ley 143 Del Proceso Penal, de octubre de 2021.<br>Para Hern\u00e1ndez Pita, adem\u00e1s, en el caso espec\u00edfico de las herramientas para hacer justicia con esas mujeres, habr\u00eda que agregar la importancia de la Ley de Ejecuci\u00f3n Penal, tambi\u00e9n presentada a la Asamblea Nacional el pasado mes de mayo.<\/p>\n\n\n\n<p class=\"wp-block-paragraph\"><br>\u00abEn esta norma se logr\u00f3 instrumentar muy bien los procesos de tratamiento educativo para el caso de estas mujeres y permite la revisi\u00f3n m\u00e1s temprana, r\u00e1pida y sistem\u00e1tica de las atenuantes y la posible reducci\u00f3n de los t\u00e9rminos de sanci\u00f3n\u00bb, detalla Hern\u00e1ndez Pita.<\/p>\n\n\n\n<p class=\"wp-block-paragraph\"><br>Las juristas\u00a0<a href=\"https:\/\/directoriogenero.redsemlac-cuba.net\/arlin-perez-duharte-santiago-de-cuba-1971\/\" target=\"_blank\" rel=\"noreferrer noopener\">Arl\u00edn P\u00e9rez Duharte<\/a>\u00a0y\u00a0<a href=\"https:\/\/directoriogenero.redsemlac-cuba.net\/tania-de-armas-fonticoba-la-habana-1961\/\" target=\"_blank\" rel=\"noreferrer noopener\">Tania de Armas Fonticoba<\/a>\u00a0coinciden con la soci\u00f3loga en que la nueva legislaci\u00f3n penal brinda m\u00e1s herramientas para el tratamiento a la violencia de g\u00e9nero de forma global y para los casos de estas mujeres en particular.<\/p>\n\n\n\n<p class=\"wp-block-paragraph\"><br>De acuerdo con ambas profesoras de Derecho en La Habana, las expresiones de violencia de g\u00e9nero encuentran respuesta \u00aben el listado de circunstancias atenuantes y agravantes que implican el acercamiento a los l\u00edmites m\u00ednimos o m\u00e1ximos de los marcos sancionatorios, seg\u00fan la naturaleza que tengan\u00bb, explican en sus\u00a0<a href=\"https:\/\/www.redsemlac-cuba.net\/redsemlac\/violencia\/algunos-apuntes-sobre-la-violencia-de-genero-en-la-legislacion-penal-cubana-parte-i\/\" target=\"_blank\" rel=\"noreferrer noopener\">apuntes sobre la violencia de g\u00e9nero en la legislaci\u00f3n cubana<\/a>.<\/p>\n\n\n\n<p class=\"wp-block-paragraph\"><br>En este camino, el C\u00f3digo Penal especifica como atenuante, en su Libro I, haber cometido el hecho sancionable \u00abcomo consecuencia de haber sido objeto, de manera continua y persistente, de violencia de g\u00e9nero o de violencia familiar, proveniente de la v\u00edctima del delito\u00bb.<br><\/p>\n\n\n\n<h2 class=\"wp-block-heading\"><strong>Historias tras la ley<\/strong><\/h2>\n\n\n\n<p class=\"wp-block-paragraph\"><br>En 2004, cuando Idania1\u00a0sali\u00f3 de prisi\u00f3n, tuvo que mudarse de ciudad, dejar de ver a sus hijos y reinventarse otra vida.<\/p>\n\n\n\n<p class=\"wp-block-paragraph\"><br>Sancionada varios a\u00f1os antes por haber matado a su esposo mientras trataba de defenderse de una golpiza -otra m\u00e1s de las tantas de su vida-, al no tener familiares cercanos, los ni\u00f1os quedaron bajo la custodia de los abuelos paternos, que lo \u00fanico que les dijeron todo el tiempo fue que \u00absu madre mat\u00f3 a su pap\u00e1\u00bb.<\/p>\n\n\n\n<p class=\"wp-block-paragraph\"><br>\u00abMe tuve que mudar de La Habana, pues mis suegros y mi cu\u00f1ado fueron hasta mi nuevo centro laboral a gritarme asesina y amenazarme. Nadie nunca mir\u00f3 los casi 15 a\u00f1os recibiendo golpes, las fracturas, los dos embarazos perdidos a punta de patadas\u00bb, dijo esta mujer a SEMlac.<\/p>\n\n\n\n<p class=\"wp-block-paragraph\"><br>Casi 20 a\u00f1os despu\u00e9s, la vida de Idania se ha ido acomodando. \u00abLos muchachos, seg\u00fan fueron creciendo, entendieron algunas cosas y, aunque no viven conmigo, me visitan, conozco a mis nietos, se pasan tiempo conmigo\u00bb, confiesa. Con eso le basta.<\/p>\n\n\n\n<p class=\"wp-block-paragraph\"><br>Su historia no ha sido precisamente poco frecuente en el pa\u00eds. Generalmente, cuando una mujer llega a la violencia, incluso al homicidio, lo hace en situaciones l\u00edmites, ha explicado antes a SEMlac la\u00a0<a href=\"https:\/\/directoriogenero.redsemlac-cuba.net\/clotilde-proveyer-cervantes-la-habana-1955\/\" target=\"_blank\" rel=\"noreferrer noopener\">soci\u00f3loga e investigadora Clotilde Proveyer Cervantes<\/a>.<\/p>\n\n\n\n<p class=\"wp-block-paragraph\"><br>Aunque siguen siendo pocos los estudios acerca de estos casos, sobre todo desde la perspectiva penal, Hern\u00e1ndez Pita sostiene que por lo general se trata de mujeres que se han visto obligadas a agredir e incluso asesinar a sus parejas, para salvar sus vidas, las de sus hijos o las de otros familiares muy cercanos.<\/p>\n\n\n\n<p class=\"wp-block-paragraph\"><br>Investigaciones de la criminalista cubana Caridad Navarrete refer\u00edan, en la d\u00e9cada de los noventa del siglo pasado, que ellas suelen ser agresoras en mucha menor medida que sus cong\u00e9neres masculinos y casi siempre como alternativa a una violencia continuada.<\/p>\n\n\n\n<p class=\"wp-block-paragraph\"><br>Tras estudiar las historias de vida de 23 mujeres privadas de libertad por haber ultimado a sus parejas, la experta concluy\u00f3 que la mayor\u00eda lo hab\u00eda hecho en defensa propia, aunque \u00abno en el momento mismo en que fueron agredidas, sino por la acumulaci\u00f3n de maltratos\u00bb, explica Navarrete en su estudio.<\/p>\n\n\n\n<p class=\"wp-block-paragraph\"><br>Hern\u00e1ndez Pita lo confirma, tras haber dedicado mucho tiempo de su carrera profesional a estudiar esta problem\u00e1tica. \u00abLas historias de vida de mujeres que cometieron homicidio o asesinato contra su pareja o expareja tienen detr\u00e1s una\u00a0<a href=\"https:\/\/www.redsemlac-cuba.net\/redsemlac\/violencia\/ck83-noticias\/violencia-de-victimas-a-victimarias-fallas-en-la-atencion\/\" target=\"_blank\" rel=\"noreferrer noopener\">historia lineal de violencia conyugal<\/a>\u00ab, asevera a SEMlac.<\/p>\n\n\n\n<p class=\"wp-block-paragraph\"><br>En su libro\u00a0<em>Mujeres, de v\u00edctimas a victimarias. Una reflexi\u00f3n desde la Sociolog\u00eda<\/em>, que resume su tesis de 2004, ilustra historias muy similares a las de Idania, de madres que perdieron el v\u00ednculo afectivo con sus hijos mientras estaban en prisi\u00f3n por haber dado muerte a los padres, con todos los efectos psicol\u00f3gicos, sociales y para la salud que eso desencaden\u00f3.<br><\/p>\n\n\n\n<h2 class=\"wp-block-heading\"><br><strong>Desaf\u00edos y otros caminos<\/strong><\/h2>\n\n\n\n<p class=\"wp-block-paragraph\"><br>Para Hern\u00e1ndez Pita, sin embargo, a pesar de los avances de la nueva legislaci\u00f3n, quedan desaf\u00edos que requieren miradas integrales.<\/p>\n\n\n\n<p class=\"wp-block-paragraph\"><br>\u00abLo que hemos visto a lo largo de todo este tiempo en relaci\u00f3n con estas mujeres es que ellas matan en el mismo momento del hecho, en leg\u00edtima defensa, y todav\u00eda la representaci\u00f3n de la leg\u00edtima defensa en el C\u00f3digo Penal, por ejemplo, no queda bien expl\u00edcita en materia de fundamentos para lograr atenuantes, lo que s\u00ed hace la ley de ejecuci\u00f3n de sanciones\u00bb, explic\u00f3.<\/p>\n\n\n\n<p class=\"wp-block-paragraph\"><br>A su juicio, \u00abse debe revisar con cuidado el tema de las atenuantes y las agravantes en lo que ya est\u00e1 legislado dentro del nuevo marco penal, para dar respuestas a estas mujeres\u00bb.<\/p>\n\n\n\n<p class=\"wp-block-paragraph\"><br>En su opini\u00f3n, eso pasa por la prioridad y la inmediatez que deben tener los procesos de capacitaci\u00f3n para todas las personas que operan las leyes. \u00abSi no capacitamos, no lo vamos a lograr\u00bb, insiste la soci\u00f3loga.<\/p>\n\n\n\n<p class=\"has-small-font-size wp-block-paragraph\"><\/p>\n\n\n\n<p class=\"wp-block-paragraph\">Con ella coinciden especialistas de diversos perfiles que, tras muchos a\u00f1os trabajando la violencia, reconocen la necesidad de promover una cultura jur\u00eddica para toda la poblaci\u00f3n, pero tambi\u00e9n la de garantizar mayores conocimientos de g\u00e9nero entre quienes administran justicia o establecen los procesos de instrucci\u00f3n penal.<br><\/p>\n\n\n\n<p class=\"has-small-font-size wp-block-paragraph\"><br><strong><em>1.\u00a0A petici\u00f3n de la entrevistada, su nombre ha sido cambiado.<\/em><\/strong><\/p>\n","protected":false},"excerpt":{"rendered":"<p>La distinci\u00f3n expl\u00edcita y bien argumentada entre un homicidio y un asesinato se cuenta entre los valores del nuevo C\u00f3digo Penal cubano para atender a mujeres que,\u00a0de v\u00edctimas de violencia de g\u00e9nero, se convierten en victimarias\u00a0como reacci\u00f3n a un maltrato continuado, considera la\u00a0soci\u00f3loga Iyamira Hern\u00e1ndez Pita.<\/p>\n","protected":false},"author":3,"featured_media":52635,"comment_status":"open","ping_status":"open","sticky":false,"template":"","format":"standard","meta":{"_monsterinsights_skip_tracking":false,"footnotes":""},"categories":[693,53],"tags":[],"class_list":["post-52634","post","type-post","status-publish","format-standard","has-post-thumbnail","category-693","category-internacional"],"_links":{"self":[{"href":"https:\/\/redsemlac.com\/semmexico\/wp-json\/wp\/v2\/posts\/52634","targetHints":{"allow":["GET"]}}],"collection":[{"href":"https:\/\/redsemlac.com\/semmexico\/wp-json\/wp\/v2\/posts"}],"about":[{"href":"https:\/\/redsemlac.com\/semmexico\/wp-json\/wp\/v2\/types\/post"}],"author":[{"embeddable":true,"href":"https:\/\/redsemlac.com\/semmexico\/wp-json\/wp\/v2\/users\/3"}],"replies":[{"embeddable":true,"href":"https:\/\/redsemlac.com\/semmexico\/wp-json\/wp\/v2\/comments?post=52634"}],"version-history":[{"count":0,"href":"https:\/\/redsemlac.com\/semmexico\/wp-json\/wp\/v2\/posts\/52634\/revisions"}],"wp:featuredmedia":[{"embeddable":true,"href":"https:\/\/redsemlac.com\/semmexico\/wp-json\/wp\/v2\/media\/52635"}],"wp:attachment":[{"href":"https:\/\/redsemlac.com\/semmexico\/wp-json\/wp\/v2\/media?parent=52634"}],"wp:term":[{"taxonomy":"category","embeddable":true,"href":"https:\/\/redsemlac.com\/semmexico\/wp-json\/wp\/v2\/categories?post=52634"},{"taxonomy":"post_tag","embeddable":true,"href":"https:\/\/redsemlac.com\/semmexico\/wp-json\/wp\/v2\/tags?post=52634"}],"curies":[{"name":"wp","href":"https:\/\/api.w.org\/{rel}","templated":true}]}}