{"id":52631,"date":"2022-07-04T12:50:22","date_gmt":"2022-07-04T18:50:22","guid":{"rendered":"https:\/\/redsemlac.com\/semmexico\/?p=52631"},"modified":"2023-07-21T19:08:02","modified_gmt":"2023-07-22T00:08:02","slug":"se-recrudecio-la-violencia-contra-la-comunidad-lgbt-en-colima-organizaciones","status":"publish","type":"post","link":"https:\/\/redsemlac.com\/semmexico\/se-recrudecio-la-violencia-contra-la-comunidad-lgbt-en-colima-organizaciones\/","title":{"rendered":"Se recrudeci\u00f3 la violencia contra la comunidad LGBT+ en Colima: Organizaciones"},"content":{"rendered":"\n<ul class=\"wp-block-list\"><li>Exigieron detener los cr\u00edmenes de odio contra ese sector y hacer justicia en los casos de transfeminicidios y diversas agresiones.<\/li><li> \u00a1Familias completas han ido a apoyar a las marchas del orgullo de ser y existir de sus seres queridos LGBT!<\/li><\/ul>\n\n\n\n<p class=\"wp-block-paragraph\"><br>Redacci\u00f3n<br>SemM\u00e9xico\/Tlanesi, Colima, 04 de Julio del 2022.- Organizaciones del sector de la diversidad sexual denunciaron que en Colima la violencia contra la comunidad L\u00e9sbico, Gay, Bisexual, Transexual, Transg\u00e9nero, Travesti, Intersexual y Queer (LGBTTTIQ+) \u201cse ha recrudecido llegando a niveles terribles\u201d.<\/p>\n\n\n\n<p class=\"wp-block-paragraph\"><br>A trav\u00e9s del pronunciamiento central de la Marcha del Orgullo LGBT+, le\u00eddo por la doctora Jon\u00e1s Larios, exigieron detener los cr\u00edmenes de odio contra ese sector y hacer justicia en los casos de transfeminicidios y diversas agresiones.<\/p>\n\n\n\n<p class=\"wp-block-paragraph\"><br>En la marcha, realizada la tarde de este domingo luego de la convocatoria emitida por varias organizaciones, participaron cientos de integrantes de la comunidad de la diversidad sexual, en un evento en el que se combinaron el orgullo y la fiesta, pero tambi\u00e9n el reclamo y la exigencia del respeto a los derechos de la poblaci\u00f3n de este sector que hist\u00f3ricamente ha sido discriminada y agredida.<\/p>\n\n\n\n<p class=\"wp-block-paragraph\"><br>El texto completo del pronunciamiento es el siguiente:<br>La marcha es de qui\u00e9n la marcha, esta es la declaratoria que hoy nos convoca a las decima sexta marcha del orgullo en Colima. Las personas que integran las organizaciones y colectivas LGBTTTIQ+ no son las \u00fanicas que marchan, asisten hoy muchas otras personas de la sociedad civil de todo el estado de Colima: lesbianas, homosexuales, bisexuales, travestis, transg\u00e9nero, transexuales, intersexuales, queer y m\u00e1s. Tambi\u00e9n est\u00e1n personas cis hetero aliadas. \u00a1Familias completas han venido a apoyar el orgullo de ser y existir de sus seres queridos LGBT!<br>\u00a1El orgullo es fiesta, es lucha y es protesta! En el \u00faltimo a\u00f1o, la lucha de nuestra comunidad ha logrado avances importantes: la derrota de los partidos de la derecha m\u00e1s conservadora en el Gobierno y Congreso del Estado, la prohibici\u00f3n de las terapias de conversi\u00f3n Ecosig y la aprobaci\u00f3n del derecho a decidir tambi\u00e9n para las personas gestantes trans y no binarias. Esto lo defendemos y lo celebramos.<\/p>\n\n\n\n<p class=\"wp-block-paragraph\"><br>La violencia se ha recrudecido llegando a niveles terribles. Si el a\u00f1o pasado marchamos por Valeria Carrasco, este a\u00f1o tenemos que exigir justicia por Yanet Hern\u00e1ndez Zavala, mujer trans asesinada en abril de este a\u00f1o, por los dos intentos de transfeminicidios reportados, y por tantas personas desaparecidas y asesinadas durante los \u00faltimos seis meses. Como hemos dicho, la guerra permanente que vivimos en Colima genera el clima propicio para que las agresiones contra las disidencias sexog\u00e9nericas se incrementen, se normalicen y queden impunes. Por esto salimos a las calles y protestamos.<br>SEM\/MG<\/p>\n","protected":false},"excerpt":{"rendered":"<p>Exigieron detener los cr\u00edmenes de odio contra ese sector y hacer justicia en los casos de transfeminicidios y diversas agresiones.<\/p>\n","protected":false},"author":3,"featured_media":52632,"comment_status":"open","ping_status":"open","sticky":false,"template":"","format":"standard","meta":{"_monsterinsights_skip_tracking":false,"footnotes":""},"categories":[693,48],"tags":[],"class_list":["post-52631","post","type-post","status-publish","format-standard","has-post-thumbnail","category-693","category-no-mas-impunidad-no-mas-impunidad"],"_links":{"self":[{"href":"https:\/\/redsemlac.com\/semmexico\/wp-json\/wp\/v2\/posts\/52631","targetHints":{"allow":["GET"]}}],"collection":[{"href":"https:\/\/redsemlac.com\/semmexico\/wp-json\/wp\/v2\/posts"}],"about":[{"href":"https:\/\/redsemlac.com\/semmexico\/wp-json\/wp\/v2\/types\/post"}],"author":[{"embeddable":true,"href":"https:\/\/redsemlac.com\/semmexico\/wp-json\/wp\/v2\/users\/3"}],"replies":[{"embeddable":true,"href":"https:\/\/redsemlac.com\/semmexico\/wp-json\/wp\/v2\/comments?post=52631"}],"version-history":[{"count":0,"href":"https:\/\/redsemlac.com\/semmexico\/wp-json\/wp\/v2\/posts\/52631\/revisions"}],"wp:featuredmedia":[{"embeddable":true,"href":"https:\/\/redsemlac.com\/semmexico\/wp-json\/wp\/v2\/media\/52632"}],"wp:attachment":[{"href":"https:\/\/redsemlac.com\/semmexico\/wp-json\/wp\/v2\/media?parent=52631"}],"wp:term":[{"taxonomy":"category","embeddable":true,"href":"https:\/\/redsemlac.com\/semmexico\/wp-json\/wp\/v2\/categories?post=52631"},{"taxonomy":"post_tag","embeddable":true,"href":"https:\/\/redsemlac.com\/semmexico\/wp-json\/wp\/v2\/tags?post=52631"}],"curies":[{"name":"wp","href":"https:\/\/api.w.org\/{rel}","templated":true}]}}