{"id":52629,"date":"2022-07-04T10:31:20","date_gmt":"2022-07-04T16:31:20","guid":{"rendered":"https:\/\/redsemlac.com\/semmexico\/?p=52629"},"modified":"2023-07-21T19:08:02","modified_gmt":"2023-07-22T00:08:02","slug":"pide-ricardo-monreal-mayor-coordinacion-entre-poderes-para-enfrentar-reto-de-inseguridad-publica","status":"publish","type":"post","link":"https:\/\/redsemlac.com\/semmexico\/pide-ricardo-monreal-mayor-coordinacion-entre-poderes-para-enfrentar-reto-de-inseguridad-publica\/","title":{"rendered":"Pide Ricardo Monreal mayor coordinaci\u00f3n entre Poderes para enfrentar reto de inseguridad p\u00fablica"},"content":{"rendered":"\n<ul class=\"wp-block-list\"><li><strong>Necesario, renovar Poder Judicial, pues la naci\u00f3n demanda jueces que no formen parte de la red de impunidad, complicidad y corrupci\u00f3n, afirma.&nbsp;<\/strong><\/li><\/ul>\n\n\n\n<ul class=\"wp-block-list\"><li><strong>Los cambios durar\u00e1n varios a\u00f1os, por lo que s\u00f3lo atacar las causas no es suficiente.<\/strong><\/li><\/ul>\n\n\n\n<p class=\"wp-block-paragraph\"><strong>Redacci\u00f3n<\/strong><\/p>\n\n\n\n<p class=\"wp-block-paragraph\">SemM\u00e9xico, Ciudad de M\u00e9xico, 04 de julio del 2022.- La coordinaci\u00f3n entre Poderes, \u00f3rganos aut\u00f3nomos y sociedad civil es indispensable para enfrentar el reto de la inseguridad p\u00fablica, recuperar la paz y la tranquilidad de nuestros pueblos y regiones, afirm\u00f3 el coordinador parlamentario de Morena, Ricardo Monreal \u00c1vila. &nbsp;<\/p>\n\n\n\n<p class=\"wp-block-paragraph\">Insisti\u00f3 en reforzar la Estrategia Nacional de Seguridad P\u00fablica, pero tambi\u00e9n en revisar los mecanismos de procuraci\u00f3n de justicia y dar paso hacia una renovaci\u00f3n del Poder Judicial, pues la naci\u00f3n demanda mejores jueces, que no formen parte de la red de impunidad, complicidad y corrupci\u00f3n, as\u00ed como mejores fiscales.&nbsp;<\/p>\n\n\n\n<p class=\"wp-block-paragraph\">El Senador Monreal \u00c1vila reconoci\u00f3 que el diagn\u00f3stico elaborado por el presidente Andr\u00e9s Manuel L\u00f3pez Obrador es correcto, es decir, hay que atender las causas estructurales que dieron origen a la descomposici\u00f3n social. &nbsp;<\/p>\n\n\n\n<p class=\"wp-block-paragraph\">Sin embargo, \u201cno debemos perder de vista que ese proceso tomar\u00e1 varios a\u00f1os, dado que tenemos que resolver problemas profundos en materia de educaci\u00f3n, salud, empleo, rescate de los j\u00f3venes y de todo aquello que durante d\u00e9cadas los gobiernos anteriores descuidaron y abandonaron\u201d.&nbsp;<\/p>\n\n\n\n<p class=\"wp-block-paragraph\">Los municipios no tienen capacidad para enfrentar este reto y los estados, sin el respaldo del Gobierno Federal, no podr\u00edan enfrentar a este poderoso adversario criminal, que es la delincuencia organizada.&nbsp;<\/p>\n\n\n\n<p class=\"wp-block-paragraph\">Adem\u00e1s, acot\u00f3 el senador, debemos tomar en cuenta el momento y la estrategia para enfrentar este c\u00e1ncer social, lo que implica combatir la impunidad, la corrupci\u00f3n y la complicidad, para enfrentar todos los cr\u00edmenes, incluida la violencia contra las mujeres. &nbsp;<\/p>\n\n\n\n<p class=\"wp-block-paragraph\">Monreal \u00c1vila subray\u00f3 que la seguridad p\u00fablica es un fin esencial del Estado y es uno de los pendientes de mayor complejidad en nuestro pa\u00eds, porque pareciera que la violencia y el crimen organizado no ceden.&nbsp;<\/p>\n\n\n\n<p class=\"wp-block-paragraph\">En Fresnillo, Zacatecas, al igual que en otras regiones, dijo, desde hace varios a\u00f1os sus habitantes viven con preocupaci\u00f3n e incluso con angustia y temor, por el avance y el control de la delincuencia organizada.&nbsp;<\/p>\n\n\n\n<p class=\"wp-block-paragraph\">\u201cMe duele mucho lo que pasa en el pa\u00eds y me duele mucho lo que pasa en Zacatecas, pero estoy seguro de que podemos recuperar nuestra paz y nuestra tranquilidad: todos juntos, todos coordinados, pues estamos frente a un problema muy grave\u201d.&nbsp;<\/p>\n\n\n\n<p class=\"wp-block-paragraph\">El legislador confi\u00f3 en que los Poderes, \u00f3rganos aut\u00f3nomos y sociedad civil tienen la capacidad para proteger a la poblaci\u00f3n, pero es necesaria la coordinaci\u00f3n, revisar y reforzar la estrategia de seguridad. &nbsp;<\/p>\n\n\n\n<p class=\"wp-block-paragraph\">\u201cEstoy seguro, convencido, de que todos juntos podemos\u201d enfrentar y resolver este problema y empezar a recuperar nuestra tranquilidad y la paz\u201d, concluy\u00f3 Ricardo Monreal.&nbsp;<\/p>\n\n\n\n<p class=\"wp-block-paragraph\">SEM\/MG<\/p>\n","protected":false},"excerpt":{"rendered":"<p>Necesario, renovar Poder Judicial, pues la naci\u00f3n demanda jueces que no formen parte de la red de impunidad, complicidad y corrupci\u00f3n, afirma.\u00a0<\/p>\n","protected":false},"author":3,"featured_media":10072,"comment_status":"open","ping_status":"open","sticky":false,"template":"","format":"standard","meta":{"_monsterinsights_skip_tracking":false,"footnotes":""},"categories":[693,50],"tags":[],"class_list":["post-52629","post","type-post","status-publish","format-standard","has-post-thumbnail","category-693","category-congreso"],"_links":{"self":[{"href":"https:\/\/redsemlac.com\/semmexico\/wp-json\/wp\/v2\/posts\/52629","targetHints":{"allow":["GET"]}}],"collection":[{"href":"https:\/\/redsemlac.com\/semmexico\/wp-json\/wp\/v2\/posts"}],"about":[{"href":"https:\/\/redsemlac.com\/semmexico\/wp-json\/wp\/v2\/types\/post"}],"author":[{"embeddable":true,"href":"https:\/\/redsemlac.com\/semmexico\/wp-json\/wp\/v2\/users\/3"}],"replies":[{"embeddable":true,"href":"https:\/\/redsemlac.com\/semmexico\/wp-json\/wp\/v2\/comments?post=52629"}],"version-history":[{"count":0,"href":"https:\/\/redsemlac.com\/semmexico\/wp-json\/wp\/v2\/posts\/52629\/revisions"}],"wp:featuredmedia":[{"embeddable":true,"href":"https:\/\/redsemlac.com\/semmexico\/wp-json\/wp\/v2\/media\/10072"}],"wp:attachment":[{"href":"https:\/\/redsemlac.com\/semmexico\/wp-json\/wp\/v2\/media?parent=52629"}],"wp:term":[{"taxonomy":"category","embeddable":true,"href":"https:\/\/redsemlac.com\/semmexico\/wp-json\/wp\/v2\/categories?post=52629"},{"taxonomy":"post_tag","embeddable":true,"href":"https:\/\/redsemlac.com\/semmexico\/wp-json\/wp\/v2\/tags?post=52629"}],"curies":[{"name":"wp","href":"https:\/\/api.w.org\/{rel}","templated":true}]}}