{"id":52623,"date":"2022-07-04T10:19:29","date_gmt":"2022-07-04T16:19:29","guid":{"rendered":"https:\/\/redsemlac.com\/semmexico\/?p=52623"},"modified":"2023-07-21T19:08:03","modified_gmt":"2023-07-22T00:08:03","slug":"tipificar-la-violencia-vicaria-como-delito-maria-rosete-sanchez-diputada","status":"publish","type":"post","link":"https:\/\/redsemlac.com\/semmexico\/tipificar-la-violencia-vicaria-como-delito-maria-rosete-sanchez-diputada\/","title":{"rendered":"Tipificar la violencia vicaria como delito: Mar\u00eda Rosete S\u00e1nchez, diputada"},"content":{"rendered":"\n<ul class=\"wp-block-list\"><li><strong>Busca proteger y prevenir la sustracci\u00f3n de las hijas e hijos por el progenitor.<\/strong><\/li><li><strong>Sancionar\u00e1 tambi\u00e9n al servidor p\u00fablico que entorpezca la investigaci\u00f3n de violencia vicaria<\/strong><\/li><\/ul>\n\n\n\n<p class=\"wp-block-paragraph\"><strong>Micaela M\u00e1rquez<\/strong><\/p>\n\n\n\n<p class=\"wp-block-paragraph\">SemM\u00e9xico, Ciudad de M\u00e9xico, 04 de julio 2022.- Para la diputada Mar\u00eda Rosete S\u00e1nchez del Partido del Trabajo la violencia vicaria existe y a\u00fan no est\u00e1 tipificada ni reconocida en las leyes federales ni en diversas legislaciones locales, por lo que considera que para prevenirla, sancionarla y erradicarla es necesario una reforma a la Ley General de Acceso a las Mujeres a una Vida Libre de Violencia.<\/p>\n\n\n\n<p class=\"wp-block-paragraph\">La legisladora argumenta que busca visibilizar una violencia que ha sido normalizada y que perjudica a miles de personas que est\u00e1n en desventaja, al no existir mecanismos disponibles y accesibles para las v\u00edctimas de esta violencia, a pesar de las m\u00faltiples denuncias y procedimientos judiciales interpuestos.<\/p>\n\n\n\n<p class=\"wp-block-paragraph\">En su opini\u00f3n esta violencia al no estar tipificada como delito, puede llegar a causar la muerte de alg\u00fan integrante de la familia, especialmente de las hijas e hijos.<\/p>\n\n\n\n<p class=\"wp-block-paragraph\">La legisladora destaca la necesidad de trabajar en pol\u00edticas p\u00fablicas que atiendan a las personas que sufren la separaci\u00f3n o sustracci\u00f3n de sus hijas o hijos e, inclusive, las p\u00e9rdidas de las personas allegadas a la v\u00edctima debido a los actos u omisiones realizadas por el agresor.<\/p>\n\n\n\n<p class=\"wp-block-paragraph\">La iniciativa, turnada a las comisiones de Justicia y de Igualdad de G\u00e9nero, a\u00f1ade que los poderes Legislativos, Federal y locales en el respectivo \u00e1mbito de sus competencias, deber\u00e1n tipificar el delito de violencia vicaria; crear un plan de intervenci\u00f3n ante cualquier caso de este tipo de violencia y establecer como causal de la p\u00e9rdida de la guarda, custodia y patria potestad, cualquier acto de violencia vicaria por parte del progenitor.&nbsp;<\/p>\n\n\n\n<p class=\"wp-block-paragraph\">Destaca que, en los juicios en materia familiar o penal, en que se haya dictado medidas provisionales o sentencia resolutoria, se debe valorar la suspensi\u00f3n de las visitas, convivencias, guarda y custodia cuando el progenitor presente alg\u00fan acto de violencia vicaria.<\/p>\n\n\n\n<p class=\"wp-block-paragraph\">Condenar al agresor a tomar terapias y resarcir el da\u00f1o de manera econ\u00f3mica, cuantific\u00e1ndose en los procesos judiciales iniciados por la v\u00edctima.<\/p>\n\n\n\n<p class=\"wp-block-paragraph\">As\u00ed como sancionar al servidor p\u00fablico que por negligencia retarde, entorpezca o no atienda la investigaci\u00f3n de un delito de violencia vicaria y la sustracci\u00f3n de ni\u00f1as, ni\u00f1os o adolescentes.&nbsp;<\/p>\n\n\n\n<p class=\"wp-block-paragraph\">Indica que, como una acci\u00f3n de protecci\u00f3n a la v\u00edctima de violencia vicaria, el Estado deber\u00e1 garantizar designarle de manera provisional y en sentencia firme el uso y disfrute de la vivienda que haya servido durante la relaci\u00f3n afectiva de pareja, y de ser el hogar conyugal no importar\u00e1 el r\u00e9gimen de sociedad contra\u00eddo.<\/p>\n\n\n\n<p class=\"wp-block-paragraph\">Plantea que a la Ley General de Acceso a las Mujeres se le incluya un cap\u00edtulo denominado \u201cViolencia Vicaria\u201d.<\/p>\n\n\n\n<p class=\"wp-block-paragraph\">La propuesta adiciona los art\u00edculos 7 Bis, 8 Bis, 9 Bis y 9 Ter a dicha ley y la define como el acto u omisi\u00f3n realizado a quien tenga o haya mantenido una relaci\u00f3n afectiva de pareja con o sin convivencia, sin importar su orientaci\u00f3n sexual por s\u00ed o por interp\u00f3sita persona que genere un da\u00f1o f\u00edsico, psicol\u00f3gico, emocional, econ\u00f3mico o de cualquier \u00edndole a un ascendiente, descendiente, dependiente econ\u00f3mico, allegados, seres sintientes o bienes de la v\u00edctima.<\/p>\n\n\n\n<p class=\"wp-block-paragraph\">Establece que se considera que existe la finalidad de causar da\u00f1o a la v\u00edctima, cuando concurran cualquiera de las circunstancias siguientes: la existencia de una o m\u00e1s denuncias y\/o querellas de cualquier tipo de violencia por parte de la v\u00edctima o un tercero; exista un juicio en materia familiar, en el que se determine o haya indicios de cualquier tipo de violencia ejercida por el agresor hacia la v\u00edctima o sus allegados; cuando sin orden de autoridad competente el agresor, por s\u00ed mismo o por interp\u00f3sita persona, sustraiga a las hijas o hijos de la v\u00edctima o existan cualquier tipo de amenazas verbales o escritas de la persona agresora a la v\u00edctima.<\/p>\n\n\n\n<p class=\"wp-block-paragraph\">SEM\/MG<\/p>\n","protected":false},"excerpt":{"rendered":"<p>Busca proteger y prevenir la sustracci\u00f3n de las hijas e hijos por el progenitor.<\/p>\n","protected":false},"author":3,"featured_media":52624,"comment_status":"open","ping_status":"open","sticky":false,"template":"","format":"standard","meta":{"_monsterinsights_skip_tracking":false,"footnotes":""},"categories":[693,50],"tags":[],"class_list":["post-52623","post","type-post","status-publish","format-standard","has-post-thumbnail","category-693","category-congreso"],"_links":{"self":[{"href":"https:\/\/redsemlac.com\/semmexico\/wp-json\/wp\/v2\/posts\/52623","targetHints":{"allow":["GET"]}}],"collection":[{"href":"https:\/\/redsemlac.com\/semmexico\/wp-json\/wp\/v2\/posts"}],"about":[{"href":"https:\/\/redsemlac.com\/semmexico\/wp-json\/wp\/v2\/types\/post"}],"author":[{"embeddable":true,"href":"https:\/\/redsemlac.com\/semmexico\/wp-json\/wp\/v2\/users\/3"}],"replies":[{"embeddable":true,"href":"https:\/\/redsemlac.com\/semmexico\/wp-json\/wp\/v2\/comments?post=52623"}],"version-history":[{"count":0,"href":"https:\/\/redsemlac.com\/semmexico\/wp-json\/wp\/v2\/posts\/52623\/revisions"}],"wp:featuredmedia":[{"embeddable":true,"href":"https:\/\/redsemlac.com\/semmexico\/wp-json\/wp\/v2\/media\/52624"}],"wp:attachment":[{"href":"https:\/\/redsemlac.com\/semmexico\/wp-json\/wp\/v2\/media?parent=52623"}],"wp:term":[{"taxonomy":"category","embeddable":true,"href":"https:\/\/redsemlac.com\/semmexico\/wp-json\/wp\/v2\/categories?post=52623"},{"taxonomy":"post_tag","embeddable":true,"href":"https:\/\/redsemlac.com\/semmexico\/wp-json\/wp\/v2\/tags?post=52623"}],"curies":[{"name":"wp","href":"https:\/\/api.w.org\/{rel}","templated":true}]}}