{"id":52581,"date":"2022-07-03T10:17:01","date_gmt":"2022-07-03T16:17:01","guid":{"rendered":"https:\/\/redsemlac.com\/semmexico\/?p=52581"},"modified":"2023-07-21T19:08:04","modified_gmt":"2023-07-22T00:08:04","slug":"soledad-jarquin-edgar-exige-justicia-para-su-hija-asesinada","status":"publish","type":"post","link":"https:\/\/redsemlac.com\/semmexico\/soledad-jarquin-edgar-exige-justicia-para-su-hija-asesinada\/","title":{"rendered":"Soledad Jarqu\u00edn Edgar exige justicia para su hija asesinada"},"content":{"rendered":"\n<p class=\"wp-block-paragraph\">Recorrido por Europa para denunciar en todos los espacios donde haya escucha<\/p>\n\n\n\n<p class=\"wp-block-paragraph\">Plantea el alto riesgos de periodistas en M\u00e9xico: 12 asesinatos en 2022<\/p>\n\n\n\n<p class=\"wp-block-paragraph\">Leonor Sed\u00f3*<\/p>\n\n\n\n<p class=\"wp-block-paragraph\">SemM\u00e9xico, Barcelona, Catalu\u00f1a, 3 de julio, 2022.- La periodista Soledad Jarqu\u00edn Edgar en gira por diversos pa\u00edses del continente europeo para exigir justicia por el asesinato de su hija y fotoperiodista Mar\u00eda del Sol Cruz Jarqu\u00edn, no se cansa.<\/p>\n\n\n\n<p class=\"wp-block-paragraph\">La comunicadora y fot\u00f3grafa Mar\u00eda del Sol Cruz Jarqu\u00edn, de 27 a\u00f1os de edad, fue asesinada en la madrugada del s\u00e1bado 2 de junio de 2018, en Juchit\u00e1n de Zaragoza, Oaxaca, junto a Pamela Itzamaray Ter\u00e1n Pineda, candidata a segundo concejal del Ayuntamiento por la coalici\u00f3n Partido Revolucionario Institucional (PRI), Verde Ecologista Mexicano (PVEM) y Nueva Alianza (PANAL).<\/p>\n\n\n\n<p class=\"wp-block-paragraph\">La joven fot\u00f3grafa era la jefa de comunicaci\u00f3n social de la Secretar\u00eda de Asuntos Ind\u00edgenas (SAI) del Gobierno del Estado de Oaxaca, e hija de la periodista Soledad Jarqu\u00edn Edgar, Premio Nacional de Periodismo 2006, y editora de \u2018Las Caracolas\u2019, un medio de comunicaci\u00f3n con perspectiva de g\u00e9nero.<\/p>\n\n\n\n<p class=\"wp-block-paragraph\"><br><strong>Soledad Jarqu\u00edn Edgar exige justicia para su hija asesinada<\/strong><\/p>\n\n\n\n<p class=\"wp-block-paragraph\">La periodista Soledad Jarqu\u00edn Edgar ha iniciado una gira por diversos pa\u00edses del continente europeo para exigir justicia por el asesinato de su hija y fotoperiodista Mar\u00eda del Sol Cruz Jarqu\u00edn. La gira internacional se realizar\u00e1 del 13 de junio al 5 de julio de 2022.<\/p>\n\n\n\n<p class=\"wp-block-paragraph\">Con el fin de buscar la justicia que le ha sido obstruida y negada en M\u00e9xico ante el feminicidio de su hija Mar\u00eda del Sol Cruz, la periodista Soledad Jarqu\u00edn Edgar realiza esta gira internacional buscando apoyo con motivo de la denuncia que realizar\u00e1 al Comit\u00e9 para la Eliminaci\u00f3n de la Discriminaci\u00f3n contra la Mujer (Cedaw) (Ginebra) y a miembros del Parlamento Europeo (Bruselas) para denunciar las brechas de impunidad en M\u00e9xico ante el fen\u00f3meno del feminicidio.<\/p>\n\n\n\n<p class=\"wp-block-paragraph\">La periodista se present\u00f3 ante distintas instancias de la Uni\u00f3n Europea y organizaciones defensoras de derechos humanos, en diferentes reuniones de trabajo.<\/p>\n\n\n\n<p class=\"wp-block-paragraph\">Los pa\u00edses que ha recorrido son B\u00e9lgica, Francia, Alemania, Suiza y Espa\u00f1a, con la finalidad de evidenciar la gravedad de la violencia feminicida en M\u00e9xico, as\u00ed como la falla del Estado Mexicano para garantizar la justicia ante este fen\u00f3meno que presenta un patr\u00f3n sistem\u00e1tico de cifras que van en aumento e impunidad.<\/p>\n\n\n\n<p class=\"wp-block-paragraph\">El pasado 2 de junio se cumplieron cuatro a\u00f1os del asesinato de la fotoperiodista Mar\u00eda del Sol Cruz Jarqu\u00edn y a fecha de hoy no hay personas detenidas ni justicia.<\/p>\n\n\n\n<p class=\"wp-block-paragraph\"><br>Los hechos<\/p>\n\n\n\n<p class=\"wp-block-paragraph\">Seg\u00fan la periodista Nadia Altamirano, de la agencia Servicios Especiales de la Mujer (SEM-M\u00e9xico), la joven \u201cno pudo denunciar que el titular de la dependencia, Francisco Javier Montero L\u00f3pez, la hab\u00eda comisionado para cubrir desde hac\u00eda m\u00e1s de un mes las actividades proselitistas de su hermano, Hegeo Montero L\u00f3pez, candidato a la presidencia de Juchit\u00e1n\u201d.<\/p>\n\n\n\n<p class=\"wp-block-paragraph\">Y aunque no le autorizaban ni vi\u00e1ticos, debido a que era un hecho ilegal, desde hac\u00eda un mes en que fue comisionada por la SAI como fot\u00f3grafa, Mar\u00eda del Sol iba y ven\u00eda de la Ciudad de Oaxaca a Juchit\u00e1n de Zaragoza, hasta que en la madrugada del 2 de junio de 2018 fue asesinada junto con Pamela Ter\u00e1n, y su ch\u00f3fer, Adelfo Guerra.<\/p>\n\n\n\n<p class=\"wp-block-paragraph\">Ambas mujeres salieron del Bar Jard\u00edn, en la ciudad zapoteca de la regi\u00f3n del Istmo de Tehuantepec, despu\u00e9s de cenar, y fueron asesinadas por varios sujetos armados, quienes les dispararon en el momento en que acced\u00edan a la camioneta de la candidata a segundo concejal de la coalici\u00f3n PRI-PVEM-PANAL, adem\u00e1s de regidora con licencia y l\u00edder del partido pol\u00edtico independiente \u2018Despierta Juchit\u00e1n\u2019.<\/p>\n\n\n\n<p class=\"wp-block-paragraph\"><br><strong>Sin oportunidades para los j\u00f3venes<\/strong><\/p>\n\n\n\n<p class=\"wp-block-paragraph\">\u201cEn este pa\u00eds donde no hay oportunidad para los j\u00f3venes, si Mar\u00eda del Sol no aceptaba que la comisionaran a Juchit\u00e1n, perd\u00eda el trabajo\u201d, narr\u00f3 la periodista Soledad Jarqu\u00edn, quien en varias ocasiones le insisti\u00f3 a su hija en denunciar a su superior, pero \u201cella me dijo, no mam\u00e1, aguantemos\u201d.<\/p>\n\n\n\n<p class=\"wp-block-paragraph\">\u201cAunque se intent\u00f3 de manera reiterada hacer contacto telef\u00f3nico con el servidor p\u00fablico Francisco Javier Montero, sus n\u00fameros telef\u00f3nicos marcaron fuera del \u00e1rea de servicio\u201d, asegur\u00f3 Nadia Altamirano.<\/p>\n\n\n\n<p class=\"wp-block-paragraph\">\u201cA m\u00ed me arrebataron a una ni\u00f1a alegre, desvivida, con mucho futuro por delante, con muchos sue\u00f1os que se fueron a la chingada, era la m\u00e1s amorosa de mi familia, sobre todo alegre, se fue la alegr\u00eda de mi casa\u201d, recrimin\u00f3 Soledad Jarqu\u00edn, quien pidi\u00f3 a sus compa\u00f1eros periodistas \u201ca declararnos un d\u00eda completo de brazos ca\u00eddos\u201d, porque si no hay seguridad para realizar esta labor, \u201cno hay que salir a cubrir a nadie\u201d, se\u00f1al\u00f3.<\/p>\n\n\n\n<p class=\"wp-block-paragraph\">\u201cHoy fue mi hija, pero ma\u00f1ana puede ser cualquiera\u201d, indic\u00f3 la periodista en entrevista con SEM-M\u00e9xico, medio que abund\u00f3 que \u201cen este sexenio de Enrique Pe\u00f1a Nieto, adem\u00e1s de su hija, en enero de 2016 le arrebataron a su hermano Heriberto Jarqu\u00edn, cuando fue asesinado en su consultorio de Tlaquepaque, Jalisco\u201d.<\/p>\n\n\n\n<p class=\"wp-block-paragraph\">Ante ello, la pregunta de Soledad Jarqu\u00edn Edgar fue directa: \u201c\u00bfQui\u00e9n sigue?\u201d. Mientras que, seg\u00fan el diario \u2018La Jornada\u2019, Pamela Ter\u00e1n era hija de Juan Ter\u00e1n, quien fue detenido a principios de 2017, acusado, presuntamente, de encabezar el llamado \u2018Cartel de Juchit\u00e1n\u2019, adem\u00e1s de portaci\u00f3n de armas de fuego, extorsi\u00f3n, lesiones y delitos contra la salud. Fuente: Zeta \u2013 Libre como el viento, 1-06 -2018.<\/p>\n\n\n\n<p class=\"wp-block-paragraph\"><br><strong>Alto riesgo para los periodistas en M\u00e9xico<\/strong><\/p>\n\n\n\n<p class=\"wp-block-paragraph\">Hasta finales de mayo de 2018 se hab\u00edan asesinado en M\u00e9xico 6 periodistas. En 2017, la organizaci\u00f3n \u2018Art\u00edculo 19\u2019 report\u00f3 507 agresiones, de las que 12 fueron homicidios y una desaparici\u00f3n forzada.<\/p>\n\n\n\n<p class=\"wp-block-paragraph\">De acuerdo con la Comisi\u00f3n Nacional de Derechos Humanos durante los cinco a\u00f1os y medio que hab\u00edan transcurrido de la administraci\u00f3n del presidente Enrique Pe\u00f1a Nieto, 55 informadores hab\u00edan sido asesinados y tres desaparecidos.<\/p>\n\n\n\n<p class=\"wp-block-paragraph\">Para \u2018Reporteros sin Fronteras\u2019, M\u00e9xico es el pa\u00eds m\u00e1s peligroso para ejercer el periodismo en Am\u00e9rica Latina. A nivel mundial se ubica detr\u00e1s de Irak y Siria, empatados en el primer sitio. Tambi\u00e9n seg\u00fan esta asociaci\u00f3n, M\u00e9xico est\u00e1 en el puesto 147 de la Clasificaci\u00f3n Mundial de la Libertad de Prensa.<\/p>\n\n\n\n<p class=\"wp-block-paragraph\">De acuerdo con la Comisi\u00f3n Nacional de Derechos Humanos, \u201clas autoridades encargadas de procurar justicia han propiciado un significativo vac\u00edo de resultados en la investigaci\u00f3n de delitos cometidos en perjuicio de periodistas y medios de comunicaci\u00f3n\u201d.<\/p>\n\n\n\n<p class=\"wp-block-paragraph\"><br>Cr\u00edmenes sin castigo<\/p>\n\n\n\n<p class=\"wp-block-paragraph\">Citando fuentes de la Procuradur\u00eda General de la Rep\u00fablica, \u2018Art\u00edculo 19\u2019 report\u00f3 en su informe \u2018Democracia simulada: Nada que aplaudir\u2019, que el 99.6% de los cr\u00edmenes contra la prensa quedan sin castigo. \u201cLos cr\u00edmenes contra periodistas son intencionales y la impunidad es deliberada\u201d.<\/p>\n\n\n\n<p class=\"wp-block-paragraph\">En el informe se afirma que, en M\u00e9xico, \u201cno se mata a un periodista sin raz\u00f3n, sino porque buscaba, ten\u00eda o publicaba informaci\u00f3n que podr\u00eda poner en riesgo el estado actual de las cosas\u201d.<\/p>\n\n\n\n<p class=\"wp-block-paragraph\">Los reporteros que abordan temas relacionados con crimen organizado y corrupci\u00f3n sufren a menudo intimidaciones, amenazas y violencia f\u00edsica, a veces incluso dirigidas contra miembros de sus familias. Son varios quienes han tenido que dejar su hogar y trabajo a causa de la inseguridad.<\/p>\n\n\n\n<p class=\"wp-block-paragraph\">En un ambiente cada vez m\u00e1s hostil para el ejercicio del periodismo, de acuerdo con \u2018Art\u00edculo 19\u2019, en 2017, 11 periodistas optaron por abandonar sus ciudades para salvaguardar su seguridad. En ocasiones sus familias les acompa\u00f1an en este exilio.<\/p>\n\n\n\n<p class=\"wp-block-paragraph\">Existen otros \u00f3rganos de gobierno que tambi\u00e9n atienden las demandas de los comunicadores, como la Comisi\u00f3n Ejecutiva de Atenci\u00f3n a V\u00edctimas y la Fiscal\u00eda Especial para la Atenci\u00f3n de Delitos cometidos contra la Libertad de Expresi\u00f3n. Fuente:&nbsp;<a href=\"http:\/\/france24.com\/\" target=\"_blank\" rel=\"noreferrer noopener\">france24.com<\/a>, 5-06-2018.<\/p>\n\n\n\n<p class=\"wp-block-paragraph\"><br>2022 a\u00f1o negro para el periodismo en M\u00e9xico<\/p>\n\n\n\n<p class=\"wp-block-paragraph\">Hasta principios de mayo de 2022, en M\u00e9xico han ocurrido 11 casos de periodistas asesinados. Los m\u00e1s recientes ocurridos en Veracruz con las muertes de Yesenia Mollinedo y Sheila Johana Garc\u00eda, directora y reportera, respectivamente, en el portal \u2018El Veraz\u2019.<\/p>\n\n\n\n<p class=\"wp-block-paragraph\">Destaca que, del total de acontecimientos, el 90.9% se hayan registrados en estados gobernados por ideales afines a la llamada \u20184T\u2019, movimiento que encabeza el presidente Andr\u00e9s Manuel L\u00f3pez Obrador. Con excepci\u00f3n del caso de Heber L\u00f3pez que sucedi\u00f3 en Oaxaca (gobernado por Alejandro Murat del PRI), la decena de asesinatos restante se ha dado en estados con mandatarios integrantes de MORENA.<\/p>\n\n\n\n<p class=\"wp-block-paragraph\"><br>Los 12 periodistas asesinados:<\/p>\n\n\n\n<p class=\"wp-block-paragraph\">Jos\u00e9 Luis Gamboa Arenas, en Veracruz.<\/p>\n\n\n\n<p class=\"wp-block-paragraph\">Margarito Esquivel Mart\u00ednez, en Baja California.<\/p>\n\n\n\n<p class=\"wp-block-paragraph\">Lourdes Maldonado, en Baja California.<\/p>\n\n\n\n<p class=\"wp-block-paragraph\">Roberto Toledo, en Michoac\u00e1n.<\/p>\n\n\n\n<p class=\"wp-block-paragraph\">Heber L\u00f3pez, Oaxaca.<\/p>\n\n\n\n<p class=\"wp-block-paragraph\">Jorge Camero Zazueta, en Sonora.<\/p>\n\n\n\n<p class=\"wp-block-paragraph\">Juan Carlos Mu\u00f1iz, en Zacatecas.<\/p>\n\n\n\n<p class=\"wp-block-paragraph\">Armando Linares, en Michoac\u00e1n.<\/p>\n\n\n\n<p class=\"wp-block-paragraph\">Luis Enrique Ram\u00edrez Ramos, en Sinaloa.<\/p>\n\n\n\n<p class=\"wp-block-paragraph\">Yesenia Mollinedo, en Veracruz.<\/p>\n\n\n\n<p class=\"wp-block-paragraph\">Sheila Johana Garc\u00eda, en Veracruz.<\/p>\n\n\n\n<p class=\"wp-block-paragraph\">Antonio de la Cruz, en Tamaulipas<\/p>\n\n\n\n<p class=\"wp-block-paragraph\">Fuente:&nbsp;<a href=\"http:\/\/infobae.com\/\" target=\"_blank\" rel=\"noreferrer noopener\">infobae.com<\/a>&nbsp;\u2013 05-11-2022<\/p>\n\n\n\n<p class=\"wp-block-paragraph\">*39ym\u00e1s, Barcelona<\/p>\n","protected":false},"excerpt":{"rendered":"<p>La periodista Soledad Jarqu\u00edn Edgar en gira por diversos pa\u00edses del continente europeo para exigir justicia por el asesinato de su hija y fotoperiodista Mar\u00eda del Sol Cruz Jarqu\u00edn, no se cansa.<\/p>\n","protected":false},"author":3,"featured_media":52582,"comment_status":"open","ping_status":"open","sticky":false,"template":"","format":"standard","meta":{"_monsterinsights_skip_tracking":false,"footnotes":""},"categories":[693,47],"tags":[],"class_list":["post-52581","post","type-post","status-publish","format-standard","has-post-thumbnail","category-693","category-no-mas-impunidad"],"_links":{"self":[{"href":"https:\/\/redsemlac.com\/semmexico\/wp-json\/wp\/v2\/posts\/52581","targetHints":{"allow":["GET"]}}],"collection":[{"href":"https:\/\/redsemlac.com\/semmexico\/wp-json\/wp\/v2\/posts"}],"about":[{"href":"https:\/\/redsemlac.com\/semmexico\/wp-json\/wp\/v2\/types\/post"}],"author":[{"embeddable":true,"href":"https:\/\/redsemlac.com\/semmexico\/wp-json\/wp\/v2\/users\/3"}],"replies":[{"embeddable":true,"href":"https:\/\/redsemlac.com\/semmexico\/wp-json\/wp\/v2\/comments?post=52581"}],"version-history":[{"count":0,"href":"https:\/\/redsemlac.com\/semmexico\/wp-json\/wp\/v2\/posts\/52581\/revisions"}],"wp:featuredmedia":[{"embeddable":true,"href":"https:\/\/redsemlac.com\/semmexico\/wp-json\/wp\/v2\/media\/52582"}],"wp:attachment":[{"href":"https:\/\/redsemlac.com\/semmexico\/wp-json\/wp\/v2\/media?parent=52581"}],"wp:term":[{"taxonomy":"category","embeddable":true,"href":"https:\/\/redsemlac.com\/semmexico\/wp-json\/wp\/v2\/categories?post=52581"},{"taxonomy":"post_tag","embeddable":true,"href":"https:\/\/redsemlac.com\/semmexico\/wp-json\/wp\/v2\/tags?post=52581"}],"curies":[{"name":"wp","href":"https:\/\/api.w.org\/{rel}","templated":true}]}}