{"id":52572,"date":"2022-07-02T11:56:02","date_gmt":"2022-07-02T17:56:02","guid":{"rendered":"https:\/\/redsemlac.com\/semmexico\/?p=52572"},"modified":"2023-07-21T19:08:04","modified_gmt":"2023-07-22T00:08:04","slug":"el-congreso-de-michoacan-violenta-los-derechos-y-autonomia-de-las-mujeres","status":"publish","type":"post","link":"https:\/\/redsemlac.com\/semmexico\/el-congreso-de-michoacan-violenta-los-derechos-y-autonomia-de-las-mujeres\/","title":{"rendered":"El Congreso de Michoac\u00e1n violenta los derechos y autonom\u00eda de las mujeres"},"content":{"rendered":"\n<p class=\"wp-block-paragraph\">El Inmujeres lo insta a reconsiderar la reforma que otorga derechos a los no nacidos<\/p>\n\n\n\n<p class=\"wp-block-paragraph\">Viola sentencia de la Suprema Corte de la Naci\u00f3n, la Corte Interamericana y la Convenci\u00f3n Internacional de los Derechos Humanos<\/p>\n\n\n\n<p class=\"wp-block-paragraph\">SemM\u00e9xico, Ciudad de M\u00e9xico, 02 de julio, 2022.- El Instituto Nacional de las Mujeres pidi\u00f3 al Congreso de Michoac\u00e1n que \u201creconsidere\u201d las reformas que reconocen la vida desde la concepci\u00f3n, por estar en contra de los derechos humanos de las mujeres.<\/p>\n\n\n\n<p class=\"wp-block-paragraph\">El Congreso de Michoac\u00e1n, donde el partido oficial s\u00f3lo tiene 10 diputados y con sus aliados, 19, de 40 bancas, no tiene mayor\u00eda para cambios constitucionales, no obstante, si mayor\u00eda absoluta.<\/p>\n\n\n\n<p class=\"wp-block-paragraph\">Inmujeres desde el ejecutivo considera que debe legislar seg\u00fan el acuerdo de la Suprema Corte de Justicia, que el a\u00f1o pasado pact\u00f3 una sentencia que abre la obligaci\u00f3n de respetar la libre decisi\u00f3n sobre la Interrupci\u00f3n Legal del Embarazo.<\/p>\n\n\n\n<p class=\"wp-block-paragraph\">Al parecer la diputaci\u00f3n michoacana olvid\u00f3 esos mandatos. Inmujeres les recuerda que existe en la Constituci\u00f3n de la Rep\u00fablica el derecho a la autonom\u00eda reproductiva de las mujeres, que incluye la elecci\u00f3n y libre acceso a: 1) todas las formas de anticoncepci\u00f3n; 2) las t\u00e9cnicas de reproducci\u00f3n asistida, y 3) la eventual interrupci\u00f3n del embarazo. &nbsp;<\/p>\n\n\n\n<p class=\"wp-block-paragraph\">A la letra se\u00f1ala: Inmujeres exhorta al Congreso del Estado de Michoac\u00e1n que reconsidere las recientes reformas y adiciones al art\u00edculo 48 de la Ley de Desarrollo Social del estado respecto al reconocimiento de la vida desde la concepci\u00f3n, por ser contrario a los est\u00e1ndares nacionales e internacionales en materia de derechos humanos de las mujeres, adolescentes y ni\u00f1as.&nbsp;<\/p>\n\n\n\n<p class=\"wp-block-paragraph\">Y dice que esta reforma, obstaculiza el derecho de las mujeres a decidir sobre su cuerpo incluyendo la posibilidad de convertirse en madre o no serlo. &nbsp;<\/p>\n\n\n\n<p class=\"wp-block-paragraph\">Destaca que este dilema constitucional ya ha sido analizado por la Suprema Corte de Justicia de la Naci\u00f3n (SCJN), al resolver la Acci\u00f3n de Inconstitucionalidad 148\/2017, en la que reconoce el derecho exclusivo de las mujeres a la autonom\u00eda reproductiva y, por lo tanto, a la autodeterminaci\u00f3n sobre la maternidad. &nbsp;<\/p>\n\n\n\n<p class=\"wp-block-paragraph\">Recuerda que la SCJN estableci\u00f3 que la dignidad humana se funda en la idea central de que las mujeres pueden disponer libremente de su cuerpo libre de imposiciones o transgresiones, siendo ellas las \u00fanicas que, por su intr\u00ednseca dignidad, pueden decidir el curso que habr\u00e1 de tomar su vida. &nbsp;<\/p>\n\n\n\n<p class=\"wp-block-paragraph\">Habla de los acuerdos de la Corte Interamericana de Derechos Humanos (CoIDH) que se\u00f1ala improcedente, otorgar el estatus de persona al embri\u00f3n, al se\u00f1alar que no es factible sostener que un embri\u00f3n sea titular y ejerza derechos; igual que lo advierte la Convenci\u00f3n Americana sobre Derechos Humanos.<\/p>\n\n\n\n<p class=\"wp-block-paragraph\">Porciones legislativas como la recientemente aprobada para su incorporaci\u00f3n a la Ley de Desarrollo Social para el Estado de Michoac\u00e1n, no solo se alejan de los m\u00e1s altos est\u00e1ndares de derechos humanos de las mujeres, sino tambi\u00e9n de un di\u00e1logo social que enriquezca el conocimiento en materia de igualdad de g\u00e9nero y encauce y haga realidad la progresividad de los derechos humanos de las mujeres, las adolescentes y ni\u00f1as, mediante la eliminaci\u00f3n de las barreras normativas, basadas en estereotipos de g\u00e9nero, que perpet\u00faan la discriminaci\u00f3n y violencia contra ellas.&nbsp;<\/p>\n","protected":false},"excerpt":{"rendered":"<p>El Instituto Nacional de las Mujeres pidi\u00f3 al Congreso de Michoac\u00e1n que \u201creconsidere\u201d las reformas que reconocen la vida desde la concepci\u00f3n, por estar en contra de los derechos humanos de las mujeres.<\/p>\n","protected":false},"author":3,"featured_media":52573,"comment_status":"open","ping_status":"open","sticky":false,"template":"","format":"standard","meta":{"_monsterinsights_skip_tracking":false,"footnotes":""},"categories":[693,51],"tags":[],"class_list":["post-52572","post","type-post","status-publish","format-standard","has-post-thumbnail","category-693","category-ejecutivo"],"_links":{"self":[{"href":"https:\/\/redsemlac.com\/semmexico\/wp-json\/wp\/v2\/posts\/52572","targetHints":{"allow":["GET"]}}],"collection":[{"href":"https:\/\/redsemlac.com\/semmexico\/wp-json\/wp\/v2\/posts"}],"about":[{"href":"https:\/\/redsemlac.com\/semmexico\/wp-json\/wp\/v2\/types\/post"}],"author":[{"embeddable":true,"href":"https:\/\/redsemlac.com\/semmexico\/wp-json\/wp\/v2\/users\/3"}],"replies":[{"embeddable":true,"href":"https:\/\/redsemlac.com\/semmexico\/wp-json\/wp\/v2\/comments?post=52572"}],"version-history":[{"count":0,"href":"https:\/\/redsemlac.com\/semmexico\/wp-json\/wp\/v2\/posts\/52572\/revisions"}],"wp:featuredmedia":[{"embeddable":true,"href":"https:\/\/redsemlac.com\/semmexico\/wp-json\/wp\/v2\/media\/52573"}],"wp:attachment":[{"href":"https:\/\/redsemlac.com\/semmexico\/wp-json\/wp\/v2\/media?parent=52572"}],"wp:term":[{"taxonomy":"category","embeddable":true,"href":"https:\/\/redsemlac.com\/semmexico\/wp-json\/wp\/v2\/categories?post=52572"},{"taxonomy":"post_tag","embeddable":true,"href":"https:\/\/redsemlac.com\/semmexico\/wp-json\/wp\/v2\/tags?post=52572"}],"curies":[{"name":"wp","href":"https:\/\/api.w.org\/{rel}","templated":true}]}}