{"id":52567,"date":"2022-07-02T11:34:39","date_gmt":"2022-07-02T17:34:39","guid":{"rendered":"https:\/\/redsemlac.com\/semmexico\/?p=52567"},"modified":"2023-07-21T19:08:04","modified_gmt":"2023-07-22T00:08:04","slug":"las-latinas-son-una-pieza-teatral-donde-mujeres-migrantes-hablan-del-racismo-que-sufren","status":"publish","type":"post","link":"https:\/\/redsemlac.com\/semmexico\/las-latinas-son-una-pieza-teatral-donde-mujeres-migrantes-hablan-del-racismo-que-sufren\/","title":{"rendered":"\u00abLas latinas son&#8230;\u00bb, una pieza teatral donde mujeres migrantes hablan del racismo que sufren"},"content":{"rendered":"\n<p class=\"wp-block-paragraph\">Creada por mujeres migrantes de diferentes pa\u00edses de Abya Yala,<\/p>\n\n\n\n<p class=\"wp-block-paragraph\">Inicia presentaciones ma\u00f1ana y hasta el 24 de julio en el Teatro del Barrio, en la calle madrile\u00f1a Zurita 20<\/p>\n\n\n\n<p class=\"wp-block-paragraph\">Redacci\u00f3n<\/p>\n\n\n\n<p class=\"wp-block-paragraph\">SemM\u00e9xico\/AmecoPress, Madrid, 2 de julio, 2022.-&nbsp;Siete latinas se re\u00fanen en el escenario madrile\u00f1o de la calle Zurita n\u00famero 20 para denunciar las discriminaciones y abusos de poder machistas, racistas y clasistas que sufren en Espa\u00f1a por ser mujeres migrantes.<\/p>\n\n\n\n<p class=\"wp-block-paragraph\">Una obra de teatro social que busca narrar los episodios de violencia y las vulneraciones que se han perpetrado contra estas mujeres en Espa\u00f1a a trav\u00e9s de estereotipos eurocentristas y paternalistas<em>.<\/em><\/p>\n\n\n\n<p class=\"wp-block-paragraph\">\u00abLas latinas son\u2026\u00bb es una pieza de la compa\u00f1\u00eda Teatro Sin Papeles que estar\u00e1 en cartel del Teatro del Barrio el 3 y el 24 de julio y que han creado mujeres migrantes que proceden de diferentes pa\u00edses de Abya Yala (el Continente Americano, donde se denuncia el machismo, el racismo, la desigualdad, las m\u00faltiples opresiones y discriminaciones, y la vulneraci\u00f3n de derechos que estas mujeres viven por el hecho de ser mujeres migrantes en Espa\u00f1a.<\/p>\n\n\n\n<figure class=\"wp-block-image size-full\"><a href=\"https:\/\/redsemlac.com\/semmexico\/wp-content\/uploads\/2022\/07\/las-latinas-02.png\"><img loading=\"lazy\" decoding=\"async\" width=\"934\" height=\"504\" src=\"https:\/\/redsemlac.com\/semmexico\/wp-content\/uploads\/2022\/07\/las-latinas-02.png\" alt=\"\" class=\"wp-image-52570\"\/><\/a><\/figure>\n\n\n\n<p class=\"wp-block-paragraph\">\u201cNuestra identidad est\u00e1 atravesada por la experiencia migratoria, el g\u00e9nero, la raza y la clase\u201d, explican. \u201cY aqu\u00ed hablamos de estereotipos que nos encasillan y nos violentan, de las miradas eurocentristas que nos paternalizan\u201d.<\/p>\n\n\n\n<p class=\"wp-block-paragraph\"><strong>Sus propias experiencias reales<\/strong><\/p>\n\n\n\n<p class=\"wp-block-paragraph\">Las autoras han escrito y cuentan realidades que han vivido ellas o sus hermanas de la regi\u00f3n, construyendo, as\u00ed, un espacio de reuni\u00f3n, de escucha, de co-creaci\u00f3n y de resistencia, en una pr\u00e1ctica del llamado Teatro Social, heredero del Teatro del oprimido de Augusto Boal y del Teatro Foro, Comunitario o Teatro del Encuentro, cuyo com\u00fan denominador es aprovechar la fuerza de la escenificaci\u00f3n dram\u00e1tica como herramienta de transformaci\u00f3n social.<\/p>\n\n\n\n<p class=\"wp-block-paragraph\">Quieren visibilizar, sensibilizar y proponer nuevas narrativas alrededor de sus experiencias migratorias. Ponen nuestro cuerpo en el escenario para representar las realidades que viven ellas y sus hermanas de la regi\u00f3n, en una obra sobre casos reales, escrita por ellas y contada por ellas.<\/p>\n\n\n\n<p class=\"wp-block-paragraph\">Esta obra es tambi\u00e9n un espacio de reuni\u00f3n, de escucha, de co-creaci\u00f3n y de resistencia. Aqu\u00ed se han acuerpado y politizado juntas para hablar m\u00e1s alto, m\u00e1s fuerte, con m\u00e1s seguridad, y por fin ser escuchadas.<\/p>\n\n\n\n<p class=\"wp-block-paragraph\">Las opresiones y la xenofobia que se narran en este escenario no son ficciones, y las autoras e int\u00e9rpretes de esos relatos (Nicole Polensvaig, Johanna Alexandra Reina Barreto, Mercy Bustos, Lorena Avil\u00e9s, Deicy Reina, \u00c9rika Sarmiento y Luisa Anaya) son sus protagonistas reales, que ahora transmiten, bajo la direcci\u00f3n esc\u00e9nica de Camila Pinz\u00f3n Mendoza, sus vivencias para visibilizar, sensibilizar y proponer nuevas perspectivas alrededor de las experiencias migratorias, llamando la atenci\u00f3n sobre los obst\u00e1culos que se encuentran, en sus vidas cotidianas, las mujeres migrantes; unos desaf\u00edos que, demasiado a menudo, se invisibilizan.<\/p>\n\n\n\n<p class=\"wp-block-paragraph\">Por todo ello, la meta de esta obra es, por una parte, acuerpar al colectivo de las mujeres migrantes, proponerle un escenario desde el que expresarse con seguridad y controlando la narrativa de su propia historia. Y por otra, que las personas espectadoras sientan y empaticen con aquello que afrontan quienes son sus interlocutoras durante la funci\u00f3n.<\/p>\n\n\n\n<p class=\"wp-block-paragraph\">La acci\u00f3n teatral se convierte, as\u00ed, en una respuesta \u00fatil frente al mundo actual, y transmite la realidad como es. El Teatro del Barrio refuerza con \u00abLas latinas son\u2026\u00bb su voluntad de dar espacio a las voces de la periferia.<\/p>\n\n\n\n<p class=\"wp-block-paragraph\">Foto: Archivo \u00abLas Latinas son&#8230;<\/p>\n","protected":false},"excerpt":{"rendered":"<p>Siete latinas se re\u00fanen en el escenario madrile\u00f1o de la calle Zurita n\u00famero 20 para denunciar las discriminaciones y abusos de poder machistas, racistas y clasistas que sufren en Espa\u00f1a por ser mujeres migrantes.<\/p>\n","protected":false},"author":3,"featured_media":52569,"comment_status":"open","ping_status":"open","sticky":false,"template":"","format":"standard","meta":{"_monsterinsights_skip_tracking":false,"footnotes":""},"categories":[693,45,46],"tags":[],"class_list":["post-52567","post","type-post","status-publish","format-standard","has-post-thumbnail","category-693","category-cultura","category-cultura-cultura"],"_links":{"self":[{"href":"https:\/\/redsemlac.com\/semmexico\/wp-json\/wp\/v2\/posts\/52567","targetHints":{"allow":["GET"]}}],"collection":[{"href":"https:\/\/redsemlac.com\/semmexico\/wp-json\/wp\/v2\/posts"}],"about":[{"href":"https:\/\/redsemlac.com\/semmexico\/wp-json\/wp\/v2\/types\/post"}],"author":[{"embeddable":true,"href":"https:\/\/redsemlac.com\/semmexico\/wp-json\/wp\/v2\/users\/3"}],"replies":[{"embeddable":true,"href":"https:\/\/redsemlac.com\/semmexico\/wp-json\/wp\/v2\/comments?post=52567"}],"version-history":[{"count":0,"href":"https:\/\/redsemlac.com\/semmexico\/wp-json\/wp\/v2\/posts\/52567\/revisions"}],"wp:featuredmedia":[{"embeddable":true,"href":"https:\/\/redsemlac.com\/semmexico\/wp-json\/wp\/v2\/media\/52569"}],"wp:attachment":[{"href":"https:\/\/redsemlac.com\/semmexico\/wp-json\/wp\/v2\/media?parent=52567"}],"wp:term":[{"taxonomy":"category","embeddable":true,"href":"https:\/\/redsemlac.com\/semmexico\/wp-json\/wp\/v2\/categories?post=52567"},{"taxonomy":"post_tag","embeddable":true,"href":"https:\/\/redsemlac.com\/semmexico\/wp-json\/wp\/v2\/tags?post=52567"}],"curies":[{"name":"wp","href":"https:\/\/api.w.org\/{rel}","templated":true}]}}