{"id":52546,"date":"2022-07-01T13:37:15","date_gmt":"2022-07-01T19:37:15","guid":{"rendered":"https:\/\/redsemlac.com\/semmexico\/?p=52546"},"modified":"2023-07-21T19:08:05","modified_gmt":"2023-07-22T00:08:05","slug":"rdgm-celebra-que-violencia-obstetrica-se-incluya-en-catalogo-de-tipos-de-violencia-contra-las-mujeres","status":"publish","type":"post","link":"https:\/\/redsemlac.com\/semmexico\/rdgm-celebra-que-violencia-obstetrica-se-incluya-en-catalogo-de-tipos-de-violencia-contra-las-mujeres\/","title":{"rendered":"RDGM celebra que violencia obst\u00e9trica se incluya en cat\u00e1logo de tipos de violencia contra las mujeres"},"content":{"rendered":"\n<ul class=\"wp-block-list\"><li><strong>Un paso m\u00e1s para garantizar la salud de las mujeres: &nbsp;<\/strong><strong>Red Guerrerense por los Derechos de las Mujeres<\/strong><strong><\/strong><\/li><\/ul>\n\n\n\n<ul class=\"wp-block-list\"><li><strong>Por muchos a\u00f1os este tipo de violencia que sufren las mujeres en estado de gestaci\u00f3n, hab\u00eda sido ignorada e invisibilizada<\/strong><\/li><\/ul>\n\n\n\n<p class=\"wp-block-paragraph\"><strong>Josefina Aguilar Pastor&nbsp;<\/strong><\/p>\n\n\n\n<p class=\"wp-block-paragraph\">SemM\u00e9xico, Chilpancingo, Guerrero,&nbsp;&nbsp;01 de julio del 2022. \u2013 Celebra la Red Guerrerense por los Derechos de las Mujeres (RDGM), la reforma a la ley&nbsp;General de Acceso de las Mujeres a una Vida Libre de&nbsp;Violencia, con la que la&nbsp;violencia&nbsp;obst\u00e9trica, queda incluida en el cat\u00e1logo de tipos m\u00e1s de&nbsp;violencia&nbsp;de g\u00e9nero,&nbsp;\u201ces un paso m\u00e1s para garantizar la salud de las mujeres\u201d, afirma.&nbsp;<\/p>\n\n\n\n<p class=\"wp-block-paragraph\">La organizaci\u00f3n, salud\u00f3 que el Congreso del Estado, d\u00e9 un paso m\u00e1s para garantizar la salud de las mujeres y su derecho a una vida libre de violencia, al aprobar el dictamen por el cual se reconoce la violencia obst\u00e9trica, a trav\u00e9s de la reforma de la Ley N\u00famero 553 de Acceso de las Mujeres a una Vida Libre de Violencia del Estado de Guerrero, llevada a cabo este mi\u00e9rcoles.&nbsp;<\/p>\n\n\n\n<p class=\"wp-block-paragraph\">En ese mismo sentido, las integrantes de la reconocen el trabajo de la diputada local Gloria Citlalli Calixto Jim\u00e9nez, impulsora de la iniciativa, as\u00ed como la congruencia de las diputadas de la Comisi\u00f3n para la Igualdad de G\u00e9nero, que al interior de la misma, aprobaron el dictamen a favor.&nbsp;<\/p>\n\n\n\n<p class=\"wp-block-paragraph\">&nbsp;La RGDM, se\u00f1al\u00f3 que por muchos a\u00f1os este tipo de violencia que sufren las mujeres en estado de gestaci\u00f3n, hab\u00eda sido ignorada e invisibilizada, e incluso normalizada, a pesar de ser tan recurrente, y que por desconocimiento y hasta por miedo, las mujeres no la denunciaban.&nbsp;<\/p>\n\n\n\n<p class=\"wp-block-paragraph\">Por ello celebraron primero que la diputada Gloria Citlalli Calixto la haya retomado, y posteriormente, el resto de los y las diputadas, la hayan aprobado por unanimidad de votos.&nbsp;<\/p>\n\n\n\n<p class=\"wp-block-paragraph\">De acuerdo a la reforma reci\u00e9n aprobada,&nbsp;la&nbsp;violencia&nbsp;obst\u00e9trica se refiere a toda acci\u00f3n u omisi\u00f3n de profesionales y personal de la salud de los \u00e1mbitos p\u00fablico y privado que cause da\u00f1o o perjuicio f\u00edsico, sexual, psicol\u00f3gico y de cualquier \u00edndole a las mujeres durante el embarazo, parto o puerperio.&nbsp;&nbsp;<\/p>\n\n\n\n<p class=\"wp-block-paragraph\">As\u00ed como la falta u obstaculizaci\u00f3n de acceso a servicios de salud sexual o reproductiva; trato discriminatorio y menoscabo a las mujeres; medicaci\u00f3n sin contemplar el contexto particular de cada una de \u00e9stas, y pr\u00e1ctica innecesaria, no autorizada ni consentida, y sin informaci\u00f3n suficiente de intervenciones o procedimientos quir\u00fargicos.&nbsp;&nbsp;&nbsp;<\/p>\n\n\n\n<p class=\"wp-block-paragraph\">Adem\u00e1s, la falta de acceso, manipulaci\u00f3n o negaci\u00f3n de informaci\u00f3n; las pr\u00e1cticas que violenten la intimidad de las mujeres a trav\u00e9s de tocamientos o exhibiciones innecesarias a sus cuerpos; ausencia o falta de aplicaci\u00f3n de protocolos de actuaci\u00f3n, pol\u00edticas p\u00fablicas, reglamentos y acciones en espacios p\u00fablicos dirigidas al cuidado de las mujeres en estas etapas y de aplicaci\u00f3n de protocolos de actuaci\u00f3n, pol\u00edticas p\u00fablicas, reglamentos y acciones en espacios p\u00fablicos dirigidas al cuidado de las mujeres cuyos productos nacen muertos, entre otras.&nbsp;&nbsp;<\/p>\n\n\n\n<p class=\"wp-block-paragraph\">SEM\/MG<\/p>\n","protected":false},"excerpt":{"rendered":"<p>Un paso m\u00e1s para garantizar la salud de las mujeres: \u00a0Red Guerrerense por los Derechos de las Mujeres<\/p>\n","protected":false},"author":3,"featured_media":38342,"comment_status":"open","ping_status":"open","sticky":false,"template":"","format":"standard","meta":{"_monsterinsights_skip_tracking":false,"footnotes":""},"categories":[693,54],"tags":[],"class_list":["post-52546","post","type-post","status-publish","format-standard","has-post-thumbnail","category-693","category-mujeres"],"_links":{"self":[{"href":"https:\/\/redsemlac.com\/semmexico\/wp-json\/wp\/v2\/posts\/52546","targetHints":{"allow":["GET"]}}],"collection":[{"href":"https:\/\/redsemlac.com\/semmexico\/wp-json\/wp\/v2\/posts"}],"about":[{"href":"https:\/\/redsemlac.com\/semmexico\/wp-json\/wp\/v2\/types\/post"}],"author":[{"embeddable":true,"href":"https:\/\/redsemlac.com\/semmexico\/wp-json\/wp\/v2\/users\/3"}],"replies":[{"embeddable":true,"href":"https:\/\/redsemlac.com\/semmexico\/wp-json\/wp\/v2\/comments?post=52546"}],"version-history":[{"count":0,"href":"https:\/\/redsemlac.com\/semmexico\/wp-json\/wp\/v2\/posts\/52546\/revisions"}],"wp:featuredmedia":[{"embeddable":true,"href":"https:\/\/redsemlac.com\/semmexico\/wp-json\/wp\/v2\/media\/38342"}],"wp:attachment":[{"href":"https:\/\/redsemlac.com\/semmexico\/wp-json\/wp\/v2\/media?parent=52546"}],"wp:term":[{"taxonomy":"category","embeddable":true,"href":"https:\/\/redsemlac.com\/semmexico\/wp-json\/wp\/v2\/categories?post=52546"},{"taxonomy":"post_tag","embeddable":true,"href":"https:\/\/redsemlac.com\/semmexico\/wp-json\/wp\/v2\/tags?post=52546"}],"curies":[{"name":"wp","href":"https:\/\/api.w.org\/{rel}","templated":true}]}}