{"id":52506,"date":"2022-07-01T10:17:03","date_gmt":"2022-07-01T16:17:03","guid":{"rendered":"https:\/\/redsemlac.com\/semmexico\/?p=52506"},"modified":"2023-07-21T19:08:06","modified_gmt":"2023-07-22T00:08:06","slug":"policia-de-la-fiscalia-de-morelos-agrede-a-reportera-en-cuernavaca","status":"publish","type":"post","link":"https:\/\/redsemlac.com\/semmexico\/policia-de-la-fiscalia-de-morelos-agrede-a-reportera-en-cuernavaca\/","title":{"rendered":"Polic\u00eda de la Fiscal\u00eda de Morelos agrede a reportera en Cuernavaca"},"content":{"rendered":"\n<ul class=\"wp-block-list\"><li><strong>Al hacer p\u00fablico el caso por varios medios informativos, supuestos usuarios de redes sociales han iniciado una campa\u00f1a de amenazas de muerte y hostigamiento en contra de la periodista<\/strong><\/li><\/ul>\n\n\n\n<p class=\"wp-block-paragraph\"><strong>Redacci\u00f3n<\/strong><\/p>\n\n\n\n<p class=\"wp-block-paragraph\">SemM\u00e9xico. Cuernavaca, Morelos. 01 de julio del 2022- La tarde de este jueves en Cuernavaca, Morelos, &nbsp;fue agredida f\u00edsicamente la periodista Ana Lilia Mata por un elemento de la Polic\u00eda de Investigaci\u00f3n Criminal (PIC) de la Fiscal\u00eda General del Estado (FGE)<\/p>\n\n\n\n<p class=\"wp-block-paragraph\">Lo anterior sucedi\u00f3 al concluir el evento denominado \u201cConferencia Magistral: Creaci\u00f3n de la Unidad de Inteligencia Financiera\u2019\u201d, impartida por Santiago Nieto Castillo. Ana Lilia intent\u00f3 acercarse a un grupo de servidores p\u00fablicos para realizar entrevistas period\u00edsticas, sin embargo, un elemento de la Polic\u00eda de Investigaci\u00f3n Criminal de la FGE rode\u00f3 con su brazo a la reportera, la apret\u00f3 y jal\u00f3 con fuerza por la espalda para impedir que avanzara. Posteriormente la jal\u00f3 de la mochila para impedir que se acercara a los servidores p\u00fablicos que buscaba entrevistar<\/p>\n\n\n\n<p class=\"wp-block-paragraph\">Diversos medios locales, reportaron que tras la agresi\u00f3n, las y los periodistas reclamaron al polic\u00eda de Investigaci\u00f3n Criminal el ataque a la compa\u00f1era, pero hizo caso omiso, incluso Ana Lilia pidi\u00f3 su nombre al agente, quien evit\u00f3 responder.<\/p>\n\n\n\n<p class=\"wp-block-paragraph\">De los hechos, se enter\u00f3 el Fiscal General del Estado, Uriel Carmona G\u00e1ndara, quien todav\u00eda se encontraba en el lugar, sin embargo el servidor p\u00fablico no se detuvo e ignoro las palabras de reclamo, ya por la tarde declar\u00f3 en su cuenta oficial de twitter.<\/p>\n\n\n\n<figure class=\"wp-block-embed is-type-rich is-provider-twitter wp-block-embed-twitter\"><div class=\"wp-block-embed__wrapper\">\n<blockquote class=\"twitter-tweet\" data-width=\"550\" data-dnt=\"true\"><p lang=\"es\" dir=\"ltr\">Ante las quejas de los periodistas sobre lo ocurrido a una reportera en el evento organizado este medio d\u00eda, se revisar\u00e1 el actuar de los elementos y del ser el caso impondremos las sanciones correspondientes .<\/p>&mdash; Uriel Carmona (@urielgandara) <a href=\"https:\/\/twitter.com\/urielgandara\/status\/1542617604426186757?ref_src=twsrc%5Etfw\">June 30, 2022<\/a><\/blockquote><script async src=\"https:\/\/platform.twitter.com\/widgets.js\" charset=\"utf-8\"><\/script>\n<\/div><\/figure>\n\n\n\n<p class=\"wp-block-paragraph\">Al hacer p\u00fablico el caso por varios medios informativos, supuestos usuarios de redes sociales han iniciado una campa\u00f1a de amenazas de muerte y hostigamiento en contra de la periodista Ana Lilia Mata. Y ante las amenazas y hostigamiento generado en contra de la reportera, periodistas lanzaron un pronunciamiento en el que exigen que el caso sea investigado y el polic\u00eda agresor sancionado.<\/p>\n\n\n\n<h2 class=\"wp-block-heading\"><strong>PRONUNCIAMIENTO<\/strong><\/h2>\n\n\n\n<pre class=\"wp-block-verse\"><strong><em>\u201cLas reporteras y reporteros que suscribimos este pronunciamiento exigimos que el caso sea investigado de forma urgente por el Mecanismo de Protecci\u00f3n a Personas Defensoras de Derechos Humanos y Periodistas del Estado de Morelos, por la Comisi\u00f3n de Derechos Humanos del Estado de Morelos, por la propia Fiscal\u00eda General del Estado y por las autoridades competentes para conocer del mismo.\n\n\u00a0\u201cResponsabilizamos al polic\u00eda agresor y al Fiscal General del Estado, Uriel Carmona G\u00e1ndara, de cualquier hecho de violencia que sufra nuestra compa\u00f1era Ana Lilia Mata a ra\u00edz de la denuncia p\u00fablica del caso. Condenamos la actitud del Fiscal General del Estado quien, tras darse por enterado de la agresi\u00f3n contra la periodista Ana Lilia Mata, public\u00f3 un mensaje en sus redes sociales en el que califica la agresi\u00f3n y la respuesta de solidaridad de las y los periodistas de Morelos como una simple \u2018queja\u2019\u201d, se lee en el pronunciamiento de las y los periodistas.<\/em><\/strong><\/pre>\n\n\n\n<p class=\"wp-block-paragraph\">Hoy por la ma\u00f1ana periodistas de Morelos protestaron frente a la Fiscal\u00eda General del Estado por agresi\u00f3n del polic\u00eda ministerial a la reportera Ana Lilia Mata.<\/p>\n\n\n\n<figure class=\"wp-block-image size-large\"><a href=\"https:\/\/redsemlac.com\/semmexico\/wp-content\/uploads\/2022\/07\/periodistas-cuernavaca-1.png\"><img decoding=\"async\" src=\"https:\/\/redsemlac.com\/semmexico\/wp-content\/uploads\/2022\/07\/periodistas-cuernavaca-1-1024x484.png\" alt=\"\" class=\"wp-image-52509\"\/><\/a><\/figure>\n","protected":false},"excerpt":{"rendered":"<p>Al hacer p\u00fablico el caso por varios medios informativos, supuestos usuarios de redes sociales han iniciado una campa\u00f1a de amenazas de muerte y hostigamiento en contra de la periodista<\/p>\n","protected":false},"author":3,"featured_media":52507,"comment_status":"open","ping_status":"open","sticky":false,"template":"","format":"standard","meta":{"_monsterinsights_skip_tracking":false,"footnotes":""},"categories":[693,55],"tags":[],"class_list":["post-52506","post","type-post","status-publish","format-standard","has-post-thumbnail","category-693","category-periodistas"],"_links":{"self":[{"href":"https:\/\/redsemlac.com\/semmexico\/wp-json\/wp\/v2\/posts\/52506","targetHints":{"allow":["GET"]}}],"collection":[{"href":"https:\/\/redsemlac.com\/semmexico\/wp-json\/wp\/v2\/posts"}],"about":[{"href":"https:\/\/redsemlac.com\/semmexico\/wp-json\/wp\/v2\/types\/post"}],"author":[{"embeddable":true,"href":"https:\/\/redsemlac.com\/semmexico\/wp-json\/wp\/v2\/users\/3"}],"replies":[{"embeddable":true,"href":"https:\/\/redsemlac.com\/semmexico\/wp-json\/wp\/v2\/comments?post=52506"}],"version-history":[{"count":0,"href":"https:\/\/redsemlac.com\/semmexico\/wp-json\/wp\/v2\/posts\/52506\/revisions"}],"wp:featuredmedia":[{"embeddable":true,"href":"https:\/\/redsemlac.com\/semmexico\/wp-json\/wp\/v2\/media\/52507"}],"wp:attachment":[{"href":"https:\/\/redsemlac.com\/semmexico\/wp-json\/wp\/v2\/media?parent=52506"}],"wp:term":[{"taxonomy":"category","embeddable":true,"href":"https:\/\/redsemlac.com\/semmexico\/wp-json\/wp\/v2\/categories?post=52506"},{"taxonomy":"post_tag","embeddable":true,"href":"https:\/\/redsemlac.com\/semmexico\/wp-json\/wp\/v2\/tags?post=52506"}],"curies":[{"name":"wp","href":"https:\/\/api.w.org\/{rel}","templated":true}]}}