{"id":52500,"date":"2022-07-01T08:45:19","date_gmt":"2022-07-01T14:45:19","guid":{"rendered":"https:\/\/redsemlac.com\/semmexico\/?p=52500"},"modified":"2023-07-21T19:08:06","modified_gmt":"2023-07-22T00:08:06","slug":"llega-al-tribunal-supremo-primera-mujer-afroamericana-en-eu","status":"publish","type":"post","link":"https:\/\/redsemlac.com\/semmexico\/llega-al-tribunal-supremo-primera-mujer-afroamericana-en-eu\/","title":{"rendered":"Llega al Tribunal Supremo primera mujer afroamericana en EU"},"content":{"rendered":"\n<ul class=\"wp-block-list\"><li><strong>Ayer, en una ceremonia emotiva, asumi\u00f3 el cargo. Y dio su primer discurso como jueza.<\/strong><\/li><li><strong>Tres republicanos estuvieron de acuerdo con su postulaci\u00f3n.<\/strong><\/li><li><strong>Su nombramiento se dio con 53 votos a favor y 47 en contra.<\/strong><\/li><\/ul>\n\n\n\n<p class=\"wp-block-paragraph\"><strong>Redacci\u00f3n<\/strong><\/p>\n\n\n\n<p class=\"wp-block-paragraph\">SemM\u00e9xico, Ciudad de M\u00e9xico, 01 de julio del 2022.- Con 233 a\u00f1os de existencia, la Suprema Corte de Estados Unidos dio la bienvenida a la primera mujer afroamericana que fungir\u00e1 como jueza. Se trata de Ketanji Brown Jackson, quien fue nombrada la juez n\u00famero 116 en esta instituci\u00f3n y reemplaza a Stephen Breyer, quien se jubila tras 28 a\u00f1os de servicio.<\/p>\n\n\n\n<p class=\"wp-block-paragraph\">&nbsp;\u201cHan tenido que pasar 232 a\u00f1os y 115 nombramientos previos para que una mujer negra sea seleccionada para servir en el Tribunal Supremo de los Estados Unidos\u201d, fueron las palabras de la nueva jueza tras su confirmaci\u00f3n en el Senado. \u201cPero lo hemos conseguido. Lo hemos conseguido. Todos nosotros\u201d, recalc\u00f3 despu\u00e9s de una ceremonia de juramento a la que solo asistieron miembros de su familia y el presidente del Tribunal Supremo, John Roberts y el juez Stephen Breyer.<\/p>\n\n\n\n<p class=\"wp-block-paragraph\">&nbsp;\u201cAl ocupar la jueza Ketanji Brown Jackson su puesto en la Corte Suprema, nuestra naci\u00f3n da un paso hist\u00f3rico hacia la realizaci\u00f3n de nuestros m\u00e1s altos ideales\u201d, subray\u00f3 por su parte Nancy Pelosi, la jefa de bancada dem\u00f3crata en la C\u00e1mara Baja de Representantes del Congreso.<\/p>\n\n\n\n<p class=\"wp-block-paragraph\">Adem\u00e1s de ser la primera mujer negra en formar parte de la Suprema Corte en este cargo, Ketanji es tambi\u00e9n la primera exdefensora p\u00fablica y su nombramiento fue propuesto por el presidente Joe Biden a principios de este a\u00f1o, aunque la postulaci\u00f3n fue confirmada hasta abril, con 53 votos a favor y 47 en contra.<\/p>\n\n\n\n<figure class=\"wp-block-image size-large\"><a href=\"https:\/\/redsemlac.com\/semmexico\/wp-content\/uploads\/2022\/07\/tribunal-2.jpg\"><img decoding=\"async\" src=\"https:\/\/redsemlac.com\/semmexico\/wp-content\/uploads\/2022\/07\/tribunal-2-1024x611.jpg\" alt=\"\" class=\"wp-image-52502\"\/><\/a><\/figure>\n\n\n\n<p class=\"wp-block-paragraph\">De los votos a favor, 50 pertenecen a senadores dem\u00f3cratas, mientras que los tres restantes estuvieron a cargo de los republicanos Mitt Romney, Lisa Murkowski y Susan Collins.<\/p>\n\n\n\n<p class=\"wp-block-paragraph\">El nombramiento, hist\u00f3rico en un pa\u00eds marcado por su historia de racismo, tambi\u00e9n ha propiciado que por primera vez en toda la historia del organismo, existan cuatro juezas simult\u00e1neamente, quitando la mayor\u00eda de hombres blancos en el mismo; Jackson trabajar\u00e1 con Sonia Sotomayor, Elena Kagan y Amy Coney Barrett.<\/p>\n\n\n\n<p class=\"wp-block-paragraph\">Con la ceremonia de juramento de ayer, la nueva jueza se integrar\u00e1 inmediatamente a las funciones judiciales, aunque Roberts declar\u00f3 que se espera realizar una ceremonia m\u00e1s formal m\u00e1s tarde.<\/p>\n\n\n\n<p class=\"wp-block-paragraph\">&nbsp;La incorporaci\u00f3n de Ketanji Brown Jackson se ha visto como un intento del ala dem\u00f3crata para poner un freno a la mayor\u00eda conservadora en el cuerpo de la Suprema Corte, que recientemente aprob\u00f3 la anulaci\u00f3n del derecho a la interrupci\u00f3n legal del embarazo, dejando esta decisi\u00f3n en manos de cada autoridad estatal. Sin embargo, a\u00fan permanecen seis magistrados (tres de ellos impuestos durante el mandato anterior del magnate republicano Donald) contra tres de tono progresista en la Corte.<\/p>\n\n\n\n<p class=\"wp-block-paragraph\">&nbsp;Con informaci\u00f3n de agencias EFE\/FP\/y Eje Central<\/p>\n","protected":false},"excerpt":{"rendered":"<p>Ayer, en una ceremonia emotiva, asumi\u00f3 el cargo. Y dio su primer discurso como jueza.<\/p>\n","protected":false},"author":3,"featured_media":52501,"comment_status":"open","ping_status":"open","sticky":false,"template":"","format":"standard","meta":{"_monsterinsights_skip_tracking":false,"footnotes":""},"categories":[693,53],"tags":[],"class_list":["post-52500","post","type-post","status-publish","format-standard","has-post-thumbnail","category-693","category-internacional"],"_links":{"self":[{"href":"https:\/\/redsemlac.com\/semmexico\/wp-json\/wp\/v2\/posts\/52500","targetHints":{"allow":["GET"]}}],"collection":[{"href":"https:\/\/redsemlac.com\/semmexico\/wp-json\/wp\/v2\/posts"}],"about":[{"href":"https:\/\/redsemlac.com\/semmexico\/wp-json\/wp\/v2\/types\/post"}],"author":[{"embeddable":true,"href":"https:\/\/redsemlac.com\/semmexico\/wp-json\/wp\/v2\/users\/3"}],"replies":[{"embeddable":true,"href":"https:\/\/redsemlac.com\/semmexico\/wp-json\/wp\/v2\/comments?post=52500"}],"version-history":[{"count":0,"href":"https:\/\/redsemlac.com\/semmexico\/wp-json\/wp\/v2\/posts\/52500\/revisions"}],"wp:featuredmedia":[{"embeddable":true,"href":"https:\/\/redsemlac.com\/semmexico\/wp-json\/wp\/v2\/media\/52501"}],"wp:attachment":[{"href":"https:\/\/redsemlac.com\/semmexico\/wp-json\/wp\/v2\/media?parent=52500"}],"wp:term":[{"taxonomy":"category","embeddable":true,"href":"https:\/\/redsemlac.com\/semmexico\/wp-json\/wp\/v2\/categories?post=52500"},{"taxonomy":"post_tag","embeddable":true,"href":"https:\/\/redsemlac.com\/semmexico\/wp-json\/wp\/v2\/tags?post=52500"}],"curies":[{"name":"wp","href":"https:\/\/api.w.org\/{rel}","templated":true}]}}