{"id":5246,"date":"2018-04-23T17:11:08","date_gmt":"2018-04-23T17:11:08","guid":{"rendered":"https:\/\/redsemlac.com\/semmexico\/?p=5246"},"modified":"2023-07-21T14:31:08","modified_gmt":"2023-07-21T19:31:08","slug":"martha-tagle-martinez-indico-que-las-mujeres-deben-estar-en-la-toma-de-decisiones","status":"publish","type":"post","link":"https:\/\/redsemlac.com\/semmexico\/martha-tagle-martinez-indico-que-las-mujeres-deben-estar-en-la-toma-de-decisiones\/","title":{"rendered":"Martha Tagle Mart\u00ednez, indic\u00f3 que las mujeres deben estar en la toma de decisiones"},"content":{"rendered":"\n<p class=\"wp-block-paragraph\"><a href=\"https:\/\/www.semmexico.com\/gallery-post.php?id=4617#\">Lizbeth \u00c1lvarez<\/a><\/p>\n\n\n\n<p class=\"wp-block-paragraph\">SemM\u00e9xico, Cd. De M\u00e9xico, 23 de abril 2018. En el Senado de la Rep\u00fablica se llev\u00f3 a cabo el encuentro de \u201cFortalecimiento pol\u00edtico de las mujeres en M\u00e9xico\u201d, impartido por el&nbsp;coaching argentino Fernando S\u00e1enz quien se\u00f1al\u00f3 que las elecciones de este a\u00f1o son vitales para la democracia mexicana y para poner a prueba los derechos que han conquistado las mujeres, en particular el de la paridad.<br>Expres\u00f3 que el empoderamiento de las mujeres debe ser constante y que los partidos pol\u00edticos e instituciones deben y tienen la obligaci\u00f3n de implementar programas y acciones con enfoque de g\u00e9nero para la toma de decisiones, \u201cdebe haber un presupuesto sin regresi\u00f3n, los derechos son progresivos por tanto se debe invertir en personas y no en elecciones\u201d, expres\u00f3.<br>Se\u00f1al\u00f3 que la reforma pol\u00edtico-electoral del 2014 es un mecanismo para que m\u00e1s mujeres accedan a los espacios de incidencia efectiva, \u201cse garantiza un 50-50, lo cual ser\u00eda in\u00e9dito para una democracia de Am\u00e9rica Latina\u201d, dijo.<br>En su turno, la senadora Martha Tagle Mart\u00ednez, indic\u00f3 que las mujeres deben estar en la toma de decisiones y celebr\u00f3 que en este proceso electoral m\u00e1s mujeres est\u00e9n participando \u201cla paridad es un derecho que debe permear en la toma de decisiones tanto en la esfera p\u00fablica como en la privada, debemos encaminar nuestra democracia hacia la igualdad sustantiva\u201d.<br>Afirm\u00f3 que ser\u00e1 un a\u00f1o hist\u00f3rico para las mujeres en M\u00e9xico, y aplaudi\u00f3 que cada d\u00eda m\u00e1s j\u00f3venes, mujeres y personas de todos los sectores se interesen por incidir, \u201cahora hay que buscar los mecanismos que acoten la brecha entre partidos pol\u00edticos y ciudadan\u00eda\u201d.<br>Por \u00faltimo, Mar\u00eda Eugenia L\u00f3pez Brun quien particip\u00f3 como adjunta del&nbsp;coaching&nbsp;mencion\u00f3 que nuestro pa\u00eds ha ido escalando posiciones a nivel latinoamericano en cuanto a participaci\u00f3n de la mujer refiere, \u201cdebemos de ir acotando los sesgos de g\u00e9nero y encaminarnos a engrandecer m\u00e1s a nuestro pa\u00eds\u201d.<br><br>SEM\/gr<br><\/p>\n","protected":false},"excerpt":{"rendered":"<p>Lizbeth \u00c1lvarez SemM\u00e9xico, Cd. De M\u00e9xico, 23 de abril 2018. En el Senado de la Rep\u00fablica se llev\u00f3 a cabo el encuentro de \u201cFortalecimiento pol\u00edtico de las mujeres en M\u00e9xico\u201d, impartido por el&nbsp;coaching argentino Fernando S\u00e1enz quien se\u00f1al\u00f3 que las elecciones de este a\u00f1o son vitales para la democracia mexicana y para poner a prueba [&hellip;]<\/p>\n","protected":false},"author":3,"featured_media":5247,"comment_status":"open","ping_status":"open","sticky":false,"template":"","format":"standard","meta":{"_monsterinsights_skip_tracking":false,"footnotes":""},"categories":[689,50],"tags":[],"class_list":["post-5246","post","type-post","status-publish","format-standard","has-post-thumbnail","category-689","category-congreso"],"_links":{"self":[{"href":"https:\/\/redsemlac.com\/semmexico\/wp-json\/wp\/v2\/posts\/5246","targetHints":{"allow":["GET"]}}],"collection":[{"href":"https:\/\/redsemlac.com\/semmexico\/wp-json\/wp\/v2\/posts"}],"about":[{"href":"https:\/\/redsemlac.com\/semmexico\/wp-json\/wp\/v2\/types\/post"}],"author":[{"embeddable":true,"href":"https:\/\/redsemlac.com\/semmexico\/wp-json\/wp\/v2\/users\/3"}],"replies":[{"embeddable":true,"href":"https:\/\/redsemlac.com\/semmexico\/wp-json\/wp\/v2\/comments?post=5246"}],"version-history":[{"count":0,"href":"https:\/\/redsemlac.com\/semmexico\/wp-json\/wp\/v2\/posts\/5246\/revisions"}],"wp:featuredmedia":[{"embeddable":true,"href":"https:\/\/redsemlac.com\/semmexico\/wp-json\/wp\/v2\/media\/5247"}],"wp:attachment":[{"href":"https:\/\/redsemlac.com\/semmexico\/wp-json\/wp\/v2\/media?parent=5246"}],"wp:term":[{"taxonomy":"category","embeddable":true,"href":"https:\/\/redsemlac.com\/semmexico\/wp-json\/wp\/v2\/categories?post=5246"},{"taxonomy":"post_tag","embeddable":true,"href":"https:\/\/redsemlac.com\/semmexico\/wp-json\/wp\/v2\/tags?post=5246"}],"curies":[{"name":"wp","href":"https:\/\/api.w.org\/{rel}","templated":true}]}}