{"id":5231,"date":"2018-05-13T17:01:01","date_gmt":"2018-05-13T17:01:01","guid":{"rendered":"https:\/\/redsemlac.com\/semmexico\/?p=5231"},"modified":"2023-07-21T14:31:07","modified_gmt":"2023-07-21T19:31:07","slug":"aurelio-nuno-hizo-uso-personalista-de-centenares-de-millones-de-pesos","status":"publish","type":"post","link":"https:\/\/redsemlac.com\/semmexico\/aurelio-nuno-hizo-uso-personalista-de-centenares-de-millones-de-pesos\/","title":{"rendered":"Aurelio Nu\u00f1o hizo uso personalista de centenares de millones de pesos"},"content":{"rendered":"\n<p class=\"wp-block-paragraph\"><a href=\"https:\/\/www.semmexico.com\/gallery-post.php?id=4798#\">Redacci\u00f3n<\/a><\/p>\n\n\n\n<p class=\"wp-block-paragraph\">SemM\u00e9xico.Cd. de M\u00e9xico. 13 de mayo de 2018.- Tras darse a conocer que la Secretar\u00eda de Educaci\u00f3n P\u00fablica (SEP) rebas\u00f3 por m\u00e1s de 2,700% el gasto en comunicaci\u00f3n social, la Senadora Ciudadana Martha Tagle Mart\u00ednez se sum\u00f3 a las voces que han manifestado su indignaci\u00f3n por este hecho. \u201cHemos podido constatar c\u00f3mo el uso irracional y desproporcionado de recursos por parte de las dependencias p\u00fablicas con el fin de promocionar su imagen o la de sus titulares se ha convertido en una operaci\u00f3n constante, lo que se acaba de dar a conocer sobre la SEP da cuenta de ello. A pesar de que Nu\u00f1o niegue que ese recurso haya sido destinado a promover su imagen, su pretexto de la reforma educativa, hizo una campa\u00f1a medi\u00e1tica para posicionarse y ser considerado como candidato presidencial del PRI\u201d.<br><br>Al respecto, Tagle Mart\u00ednez dijo \u201ces un insulto para las y los mexicanos, que Nu\u00f1o haya gastado m\u00e1s de mil 900 millones de pesos, en s\u00f3lo un a\u00f1o, para promocionar su trabajo al frente de la SEP, ese monto de dinero pudo destinarse a la reconstrucci\u00f3n de escuelas que tras los sismos del pasado mes de septiembre sufrieron las consecuencias y que actualmente siguen con da\u00f1os estructurales dejando a ni\u00f1as y ni\u00f1os sin clases\u201d.<br><br>Asimismo, la legisladora federal indic\u00f3 \u201cadem\u00e1s, resulta notorio c\u00f3mo el gasto que la SEP destin\u00f3 a comunicaci\u00f3n social, coincide con la llegada de Aurelio Nu\u00f1o como titular de la secretar\u00eda en 2015. Que esta noticia se encuentre enmarcada en la promulgaci\u00f3n de la ley chayote por parte del Ejecutivo Federal, refuerza el argumento que en reiteradas ocasiones pronunciamos respecto a la necesidad de regular y transparentar el uso de los recursos p\u00fablicos en comunicaci\u00f3n social, a fin de garantizar libertad de expresi\u00f3n y medios libres.<br><br>La senadora Tagle puntualiz\u00f3 \u201clo que hizo Nu\u00f1o fue usar el dinero de una manera discrecional, con el aval de la Secretar\u00eda de Hacienda, quien puede mover a su antojo el presupuesto p\u00fablico, y ha dado pie a la corrupci\u00f3n rapaz signo del sexenio de Enrique Pe\u00f1a Nieto.\u201d<br><br>Por \u00faltimo, Tagle Mart\u00ednez se\u00f1al\u00f3 \u201ces una atrocidad que el a\u00f1o pasado, Nu\u00f1o haya destinado poco m\u00e1s de 5 millones de pesos al d\u00eda a la promoci\u00f3n de los supuestos logros de la reforma educativa, es decir, rebas\u00f3 por mucho los 70.6 millones que el Congreso de la Uni\u00f3n le hab\u00eda aprobado para dicha partida para el 2017; por ello buscaremos revertir los efectos de la \u201cley chayote\u201d llevando a la SCJN una acci\u00f3n de inconstitucionalidad y se derogue dicha ley pues legaliza las pr\u00e1cticas que han llevado a destinar miles de millones de pesos por parte del gobierno para controlar y censurar a periodistas y medios de comunicaci\u00f3n.\u201d<br>SEM\/gr<br><\/p>\n","protected":false},"excerpt":{"rendered":"<p>Redacci\u00f3n SemM\u00e9xico.Cd. de M\u00e9xico. 13 de mayo de 2018.- Tras darse a conocer que la Secretar\u00eda de Educaci\u00f3n P\u00fablica (SEP) rebas\u00f3 por m\u00e1s de 2,700% el gasto en comunicaci\u00f3n social, la Senadora Ciudadana Martha Tagle Mart\u00ednez se sum\u00f3 a las voces que han manifestado su indignaci\u00f3n por este hecho. \u201cHemos podido constatar c\u00f3mo el uso [&hellip;]<\/p>\n","protected":false},"author":3,"featured_media":5232,"comment_status":"open","ping_status":"open","sticky":false,"template":"","format":"standard","meta":{"_monsterinsights_skip_tracking":false,"footnotes":""},"categories":[689,50],"tags":[],"class_list":["post-5231","post","type-post","status-publish","format-standard","has-post-thumbnail","category-689","category-congreso"],"_links":{"self":[{"href":"https:\/\/redsemlac.com\/semmexico\/wp-json\/wp\/v2\/posts\/5231","targetHints":{"allow":["GET"]}}],"collection":[{"href":"https:\/\/redsemlac.com\/semmexico\/wp-json\/wp\/v2\/posts"}],"about":[{"href":"https:\/\/redsemlac.com\/semmexico\/wp-json\/wp\/v2\/types\/post"}],"author":[{"embeddable":true,"href":"https:\/\/redsemlac.com\/semmexico\/wp-json\/wp\/v2\/users\/3"}],"replies":[{"embeddable":true,"href":"https:\/\/redsemlac.com\/semmexico\/wp-json\/wp\/v2\/comments?post=5231"}],"version-history":[{"count":0,"href":"https:\/\/redsemlac.com\/semmexico\/wp-json\/wp\/v2\/posts\/5231\/revisions"}],"wp:featuredmedia":[{"embeddable":true,"href":"https:\/\/redsemlac.com\/semmexico\/wp-json\/wp\/v2\/media\/5232"}],"wp:attachment":[{"href":"https:\/\/redsemlac.com\/semmexico\/wp-json\/wp\/v2\/media?parent=5231"}],"wp:term":[{"taxonomy":"category","embeddable":true,"href":"https:\/\/redsemlac.com\/semmexico\/wp-json\/wp\/v2\/categories?post=5231"},{"taxonomy":"post_tag","embeddable":true,"href":"https:\/\/redsemlac.com\/semmexico\/wp-json\/wp\/v2\/tags?post=5231"}],"curies":[{"name":"wp","href":"https:\/\/api.w.org\/{rel}","templated":true}]}}