{"id":52304,"date":"2022-06-27T13:29:39","date_gmt":"2022-06-27T19:29:39","guid":{"rendered":"https:\/\/redsemlac.com\/semmexico\/?p=52304"},"modified":"2023-07-21T19:07:26","modified_gmt":"2023-07-22T00:07:26","slug":"la-impunidad-en-el-asesinato-de-ma-del-sol-cruz-jarquin-se-denuncia-en-barcelona","status":"publish","type":"post","link":"https:\/\/redsemlac.com\/semmexico\/la-impunidad-en-el-asesinato-de-ma-del-sol-cruz-jarquin-se-denuncia-en-barcelona\/","title":{"rendered":"La impunidad en el asesinato de Ma. del Sol Cruz Jarqu\u00edn se denuncia en Barcelona \u00a0"},"content":{"rendered":"\n<ul class=\"wp-block-list\"><li><strong>Actividades conjuntas del Colegio de Periodistas de Catalu\u00f1a, la Casa de la Dona y la Red Internacional de Periodistas con Visi\u00f3n de G\u00e9nero<\/strong><\/li><\/ul>\n\n\n\n<ul class=\"wp-block-list\"><li><strong>Promovidas por las periodistas y la agencia feminista La Independent se reunir\u00e1 con organismos de Derechos Humanos y autoridades del gobierno de Catalu\u00f1a<\/strong><\/li><\/ul>\n\n\n\n<p class=\"wp-block-paragraph\"><strong>Libertad L\u00f3pez<\/strong><\/p>\n\n\n\n<p class=\"wp-block-paragraph\">SemM\u00e9xico, Ciudad de M\u00e9xico, 27 de junio, 2022.- El asesinato artero contra Mar\u00eda del Sol Cruz Jarqu\u00edn ha despertado la movilizaci\u00f3n y solidaridad de las redes de mujeres periodistas en Catalu\u00f1a, donde se ha organizado un amplio programa de actividades solidarias, donde participar\u00e1n organizaciones de derechos humanos y autoridades, inform\u00f3 Ma. Antonia (Tona) Gusi, fundadora de la agencia feminista de noticias La Independent con &nbsp;la coordinaci\u00f3n de &nbsp;Amada Santos, Teresa Carreras, Elena Tarifa, Diva Criado, Marta Macias y Fabiola Llanos.<\/p>\n\n\n\n<p class=\"wp-block-paragraph\">Este martes la periodista Soledad Jarqu\u00edn Edgar estar\u00e1 en Catalu\u00f1a y hasta el primero de julio, donde asistir\u00e1 a reuniones y actividades, informaron. La Red de Periodistas de Catalu\u00f1a y la agencia de noticias La Independet, anunci\u00f3 cinco encuentros de apoyo y solidaridad.<\/p>\n\n\n\n<p class=\"wp-block-paragraph\">En el llamado de la red catalana que hace junto a la Red Internacional de Periodistas XIDPIC.CAT-XIPVG, se explica que se trata de una jornada sentida en apoyo y sororidad con&nbsp;Soledad Jarqu\u00edn Edgar en su denuncia de la impunidad&nbsp; que&nbsp; vive en M\u00e9xico, y destaca que se ha convertido en la voz de las v\u00edctimas de feminicidio en M\u00e9xico, de las&nbsp; Defensoras de derechos humano y de las y los&nbsp; periodistas mexicanos al recordar que Ma. del Sol Cruz Jarqu\u00edn, cegada a los 27 a\u00f1os, se desempe\u00f1aba como foto periodista.<\/p>\n\n\n\n<p class=\"wp-block-paragraph\">La &nbsp;<a href=\"http:\/\/xidpic.cat\/\" target=\"_blank\" rel=\"noreferrer noopener\">XIDPIC.CAT<\/a>, organiza dos actos, el primero en colaboraci\u00f3n con el Colegio de Periodistas de Catalu\u00f1a, s\u00f3lo mujeres y&nbsp; el segundo&nbsp; en la&nbsp; Ca La Dona. Casa de mujeres.<\/p>\n\n\n\n<p class=\"wp-block-paragraph\">Habr\u00e1 una reuni\u00f3n con Furia Mexicana; Presentaci\u00f3n con la Mesa por M\u00e9xico y Exposici\u00f3n; Reuni\u00f3n con alta representaci\u00f3n de la Generalitat de Catalu\u00f1a, la Consejera de Igualdad y Feminismos, T\u00e0nia Verge y con Eunice Romero Rivera, directora general de Migraciones, Refugio y Antirracismo; reuniones con representantes de otras instituciones y diversas presentaciones.<\/p>\n\n\n\n<p class=\"wp-block-paragraph\">Se trata de charlas y ruedas de prensa sobre su gira europea para pedir justicia por el asesinato de su hija&nbsp;Mar\u00eda del Sol Cruz Jarqu\u00edn, hace 4 a\u00f1os. La Premio Nacional de Periodismo de M\u00e9xico y compa\u00f1era de la Red Internacional de Periodistas con Visi\u00f3n de G\u00e9nero, explicar\u00e1 los hechos del feminicidio, las denuncias, la investigaci\u00f3n y el activismo que han llevado a cabo en busca de&nbsp;#JusticiaParaSol. Tambi\u00e9n se reunir\u00e1 con el Decano del Colegio de Periodistas de Catalu\u00f1a,&nbsp;Joan Mar\u00eda Morros.<\/p>\n\n\n\n<p class=\"wp-block-paragraph\">Mar\u00eda del Sol Cruz Jarqu\u00edn&nbsp;fue asesinada en un atentado el pasado 2 de junio del 2018 en Juchit\u00e1n de Zaragoza (M\u00e9xico). La fotoperiodista trabajaba como jefe del departamento de Comunicaci\u00f3n Ind\u00edgena Intercultural de la Secretar\u00eda de Asuntos Ind\u00edgenas. En el ataque tambi\u00e9n murieron la candidata Pamela Ter\u00e1n Pineda y su ch\u00f3fer Adelfo Guerra Jim\u00e9nez. Al final de esta jornada, viajar\u00e1 a Madrid.<\/p>\n","protected":false},"excerpt":{"rendered":"<p>Actividades conjuntas del Colegio de Periodistas de Catalu\u00f1a, la Casa de la Dona y la Red Internacional de Periodistas con Visi\u00f3n de G\u00e9nero<\/p>\n","protected":false},"author":3,"featured_media":52305,"comment_status":"open","ping_status":"open","sticky":false,"template":"","format":"standard","meta":{"_monsterinsights_skip_tracking":false,"footnotes":""},"categories":[693,53],"tags":[],"class_list":["post-52304","post","type-post","status-publish","format-standard","has-post-thumbnail","category-693","category-internacional"],"_links":{"self":[{"href":"https:\/\/redsemlac.com\/semmexico\/wp-json\/wp\/v2\/posts\/52304","targetHints":{"allow":["GET"]}}],"collection":[{"href":"https:\/\/redsemlac.com\/semmexico\/wp-json\/wp\/v2\/posts"}],"about":[{"href":"https:\/\/redsemlac.com\/semmexico\/wp-json\/wp\/v2\/types\/post"}],"author":[{"embeddable":true,"href":"https:\/\/redsemlac.com\/semmexico\/wp-json\/wp\/v2\/users\/3"}],"replies":[{"embeddable":true,"href":"https:\/\/redsemlac.com\/semmexico\/wp-json\/wp\/v2\/comments?post=52304"}],"version-history":[{"count":0,"href":"https:\/\/redsemlac.com\/semmexico\/wp-json\/wp\/v2\/posts\/52304\/revisions"}],"wp:featuredmedia":[{"embeddable":true,"href":"https:\/\/redsemlac.com\/semmexico\/wp-json\/wp\/v2\/media\/52305"}],"wp:attachment":[{"href":"https:\/\/redsemlac.com\/semmexico\/wp-json\/wp\/v2\/media?parent=52304"}],"wp:term":[{"taxonomy":"category","embeddable":true,"href":"https:\/\/redsemlac.com\/semmexico\/wp-json\/wp\/v2\/categories?post=52304"},{"taxonomy":"post_tag","embeddable":true,"href":"https:\/\/redsemlac.com\/semmexico\/wp-json\/wp\/v2\/tags?post=52304"}],"curies":[{"name":"wp","href":"https:\/\/api.w.org\/{rel}","templated":true}]}}