{"id":52288,"date":"2022-06-27T11:03:44","date_gmt":"2022-06-27T17:03:44","guid":{"rendered":"https:\/\/redsemlac.com\/semmexico\/?p=52288"},"modified":"2023-07-21T19:07:26","modified_gmt":"2023-07-22T00:07:26","slug":"urge-transitar-hacia-una-sociedad-de-cuidados-en-beneficio-de-la-igualdad-de-genero","status":"publish","type":"post","link":"https:\/\/redsemlac.com\/semmexico\/urge-transitar-hacia-una-sociedad-de-cuidados-en-beneficio-de-la-igualdad-de-genero\/","title":{"rendered":"Urge transitar hacia una \u201csociedad de cuidados\u201d en beneficio de la igualdad de g\u00e9nero"},"content":{"rendered":"\n<ul class=\"wp-block-list\"><li><strong>Se celebr\u00f3 la Reuni\u00f3n Extraordinaria de la Mesa Directiva de la Conferencia Regional sobre la Mujer de Am\u00e9rica Latina y el Caribe en la sede central de la CEPAL en Santiago de Chile<\/strong><\/li><\/ul>\n\n\n\n<ul class=\"wp-block-list\"><li><strong>Los participantes advierten sobre desaf\u00edos en este tema; piden a gobiernos su compromiso en materia de pol\u00edticas p\u00fablicas y presupuesto<\/strong><\/li><\/ul>\n\n\n\n<p class=\"wp-block-paragraph\"><strong>Redacci\u00f3n<\/strong><\/p>\n\n\n\n<p class=\"wp-block-paragraph\">SemM\u00e9xico. Ciudad. de M\u00e9xico, 27 de junio, 2022.- \u201cLa sociedad del cuidado: horizonte para una recuperaci\u00f3n sostenible con igualdad de g\u00e9nero\u201d, ser\u00e1 el tema central de la pr\u00f3xima XV Conferencia Regional sobre la Mujer de Am\u00e9rica Latina y el Caribe, el principal foro intergubernamental sobre los derechos de las mujeres y la igualdad de g\u00e9nero en la regi\u00f3n, que se realizar\u00e1 en Argentina del 7 al 11 de noviembre pr\u00f3ximo.<\/p>\n\n\n\n<p class=\"wp-block-paragraph\">Durante la Reuni\u00f3n Extraordinaria de la Mesa Directiva de la Conferencia Regional sobre la Mujer de Am\u00e9rica Latina y el Caribe celebrada en la sede central de la CEPAL en Santiago de Chile, Vicepresidentas, Cancilleres, Ministras de la Mujer y otras autoridades, junto a representantes de organizaciones de mujeres y feministas, advirtieron numerosos desaf\u00edos para seguir consolidando la Agenda Regional de G\u00e9nero y avanzar hacia una sociedad del cuidado.<\/p>\n\n\n\n<p class=\"wp-block-paragraph\">En el encuentro de dos d\u00edas, organizado de forma h\u00edbrida por la Comisi\u00f3n Econ\u00f3mica para Am\u00e9rica Latina y el Caribe (CEPAL) en coordinaci\u00f3n con la Entidad de las Naciones Unidas para la Igualdad de G\u00e9nero y el Empoderamiento de las Mujeres (ONU Mujeres), coincidieron en la urgente necesidad de avanzar en el tema, especialmente en un momento de m\u00faltiples crisis, donde urge enfrentar los impactos inmediatos de la pandemia y de la guerra en Ucrania, as\u00ed como las consecuencias negativas del cambio clim\u00e1tico y los desastres que recaen de forma desproporcionada sobre las mujeres en toda su diversidad.<\/p>\n\n\n\n<p class=\"wp-block-paragraph\">Antonia Orellana, Ministra de la Mujer y la Equidad de G\u00e9nero de Chile, asegur\u00f3 que \u201cnos interesa poner en primer orden el tema de los cuidados. Al poner la sociedad del cuidado, el cuidado de la vida y del planeta en el centro, tenemos la oportunidad de relegitimar la democracia y ampliar nuestra concepci\u00f3n de lo que implica el Estado de derecho\u201d.<\/p>\n\n\n\n<p class=\"wp-block-paragraph\">Ana G\u00fcezmes, Directora de la Divisi\u00f3n de Asuntos de G\u00e9nero de la CEPAL, destac\u00f3 que no es posible lograr la igualdad de g\u00e9nero y la autonom\u00eda de las mujeres sin una redistribuci\u00f3n del tiempo, del poder y de los recursos.<\/p>\n\n\n\n<p class=\"wp-block-paragraph\">\u201cLas mujeres no podemos esperar m\u00e1s. No nos es posible seguir sobrellevando la desproporcionada carga del trabajo de cuidados que recae en nosotras\u201d, dijo.<\/p>\n\n\n\n<p class=\"wp-block-paragraph\">En este sentido, remarc\u00f3 que es fundamental ratificar el papel central que tiene el Estado en el proceso de construcci\u00f3n de la sociedad del cuidado, mediante acciones que tengan como horizonte la universalizaci\u00f3n de servicios de calidad, la coordinaci\u00f3n e intersectorialidad de las pol\u00edticas, la sostenibilidad financiera y la corresponsabilidad.<\/p>\n\n\n\n<p class=\"wp-block-paragraph\">Mar\u00eda-Noel Vaeza, Directora Regional para las Am\u00e9ricas y el Caribe de ONU Mujeres, dijo esperar que en la Conferencia Regional sobre la Mujer se consolide la agenda de la sociedad del cuidado y que la Declaraci\u00f3n permita contar con un compromiso firme para avanzar con pol\u00edticas y sistemas integrales de cuidado, adecuadamente costeados y con presupuesto.<\/p>\n\n\n\n<p class=\"wp-block-paragraph\">Finalmente reafirm\u00f3 su confianza en este espacio intergubernamental para lograr vencer los obst\u00e1culos y lograr la igualdad de g\u00e9nero y poner en marcha iniciativas conjuntas que logren un impacto significativo, con resultados concretos en la vida de las mujeres.<\/p>\n\n\n\n<p class=\"wp-block-paragraph\">Cabe mencionar que la jornada de clausura cont\u00f3 con una sesi\u00f3n&nbsp;de conmemoraci\u00f3n de los 45 a\u00f1os de la Primera Conferencia Regional sobre la Integraci\u00f3n de la Mujer en el Desarrollo Econ\u00f3mico y Social de Am\u00e9rica Latina, celebrada en La Habana, Cuba, y del comienzo de la construcci\u00f3n de la Agenda Regional de G\u00e9nero.<\/p>\n\n\n\n<p class=\"wp-block-paragraph\">Las autoridades resaltaron que, tras la primera conferencia realizada en 1977 en Cuba, Am\u00e9rica Latina y el Caribe se constituy\u00f3 en la \u00fanica regi\u00f3n del mundo con un espacio donde los gobiernos, el sistema de las Naciones Unidas y la sociedad civil se encuentran para impulsar una Agenda Regional de G\u00e9nero ambiciosa, profunda e integral.<\/p>\n","protected":false},"excerpt":{"rendered":"<p>Se celebr\u00f3 la Reuni\u00f3n Extraordinaria de la Mesa Directiva de la Conferencia Regional sobre la Mujer de Am\u00e9rica Latina y el Caribe en la sede central de la CEPAL en Santiago de Chile<\/p>\n","protected":false},"author":3,"featured_media":52289,"comment_status":"open","ping_status":"open","sticky":false,"template":"","format":"standard","meta":{"_monsterinsights_skip_tracking":false,"footnotes":""},"categories":[693,51],"tags":[],"class_list":["post-52288","post","type-post","status-publish","format-standard","has-post-thumbnail","category-693","category-ejecutivo"],"_links":{"self":[{"href":"https:\/\/redsemlac.com\/semmexico\/wp-json\/wp\/v2\/posts\/52288","targetHints":{"allow":["GET"]}}],"collection":[{"href":"https:\/\/redsemlac.com\/semmexico\/wp-json\/wp\/v2\/posts"}],"about":[{"href":"https:\/\/redsemlac.com\/semmexico\/wp-json\/wp\/v2\/types\/post"}],"author":[{"embeddable":true,"href":"https:\/\/redsemlac.com\/semmexico\/wp-json\/wp\/v2\/users\/3"}],"replies":[{"embeddable":true,"href":"https:\/\/redsemlac.com\/semmexico\/wp-json\/wp\/v2\/comments?post=52288"}],"version-history":[{"count":0,"href":"https:\/\/redsemlac.com\/semmexico\/wp-json\/wp\/v2\/posts\/52288\/revisions"}],"wp:featuredmedia":[{"embeddable":true,"href":"https:\/\/redsemlac.com\/semmexico\/wp-json\/wp\/v2\/media\/52289"}],"wp:attachment":[{"href":"https:\/\/redsemlac.com\/semmexico\/wp-json\/wp\/v2\/media?parent=52288"}],"wp:term":[{"taxonomy":"category","embeddable":true,"href":"https:\/\/redsemlac.com\/semmexico\/wp-json\/wp\/v2\/categories?post=52288"},{"taxonomy":"post_tag","embeddable":true,"href":"https:\/\/redsemlac.com\/semmexico\/wp-json\/wp\/v2\/tags?post=52288"}],"curies":[{"name":"wp","href":"https:\/\/api.w.org\/{rel}","templated":true}]}}