{"id":5213,"date":"2018-07-25T16:38:50","date_gmt":"2018-07-25T16:38:50","guid":{"rendered":"https:\/\/redsemlac.com\/semmexico\/?p=5213"},"modified":"2023-07-21T14:32:49","modified_gmt":"2023-07-21T19:32:49","slug":"18-mujeres-relacionadas-con-la-politica-que-han-sido-asesinadas-en-el-proceso-electoral-son-la-muestra","status":"publish","type":"post","link":"https:\/\/redsemlac.com\/semmexico\/18-mujeres-relacionadas-con-la-politica-que-han-sido-asesinadas-en-el-proceso-electoral-son-la-muestra\/","title":{"rendered":"18 mujeres relacionadas con la pol\u00edtica que han sido asesinadas en el proceso electoral son la muestra."},"content":{"rendered":"\n<p class=\"wp-block-paragraph\"><a href=\"https:\/\/www.semmexico.com\/gallery-post.php?id=5151#\">Nadia Altamirano<\/a><\/p>\n\n\n\n<p class=\"wp-block-paragraph\">SemM\u00e9xico. Oaxaca. 25 de junio de 2018.- Las 18 mujeres que por su relaci\u00f3n en la pol\u00edtica han sido asesinadas en lo que va del proceso electoral le hacen a la senadora Martha Tagle se\u00f1alar los esfuerzos insuficientes de las autoridades ante el fen\u00f3meno de la violencia pol\u00edtica contra las mujeres.<\/p>\n\n\n\n<p class=\"wp-block-paragraph\">Si bien el punto de acuerdo que propuso en d\u00edas pasado sumo las propuestas de otros legisladores para que el Senado de la Rep\u00fablica se pronunciara en contra de este fen\u00f3meno, opin\u00f3 que este fue m\u00e1s general y omiti\u00f3 hacer una llamado m\u00e1s espec\u00edfico a las autoridades para que a candidatas, sus equipos de trabajo y ciudadan\u00eda, les garanticen condiciones para que la jornada del 1 de julio se desarrolle sin incidentes violentos.<\/p>\n\n\n\n<p class=\"wp-block-paragraph\">\u201cLa propuesta era m\u00e1s completa haciendo un llamado m\u00e1s espec\u00edfico a nivel local y que haya una investigaci\u00f3n pronta y expedita, era un se\u00f1alamiento m\u00e1s directo y a la hora que el Senado varias propuestas hizo un llamado m\u00e1s general, pero de todas maneras desde la Comisi\u00f3n Permanente, las autoridades no lo echen en saco roto, ha habido varias voces que piden un alto a la violencia pol\u00edtica, ahora corresponde a las autoridades atenderlas y generar las condiciones\u201d, puntualiz\u00f3 en entrevista v\u00eda telef\u00f3nica.<\/p>\n\n\n\n<p class=\"wp-block-paragraph\">\u201cNo se ha hecho lo suficiente para controlar la violencia pol\u00edtica que est\u00e1n viviendo las mujeres en este proceso electoral\u201d, afirm\u00f3 y de inmediato trajo a cuenta el triple asesinato de la madrugada del pasado 2 de junio en Juchit\u00e1n de Zaragoza, en el Istmo de Oaxaca, donde la candidata a segunda concejal Pamela Ter\u00e1n Pineda y la jefa del departamento de Comunicaci\u00f3n Social de la Secretar\u00eda de Asuntos Ind\u00edgenas, Mar\u00eda del Sol Cruz Jarqu\u00edn, fueron asesinadas.<\/p>\n\n\n\n<p class=\"wp-block-paragraph\">En el caso de Mar\u00eda del Sol, urgi\u00f3 a las autoridades locales a presentar resultados de las investigaciones, \u201cporque la impunidad permite que la violencia se siga generando\u201d, es por ello que se deben dar muestras de que se ha empezado a actuar.<\/p>\n\n\n\n<p class=\"wp-block-paragraph\">Martha Tagle record\u00f3 la contundencia de las declaraciones de la periodista Soledad Jarqu\u00edn Edgar y madre de Mar\u00eda del Sol, quien desde el momento del asesinato dio a conocer c\u00f3mo desde la Secretar\u00eda de Asuntos Ind\u00edgenas hab\u00eda sido condicionada por el titular Francisco Montero L\u00f3pez para cubrir las actividades proselitistas de su hermano Hageo Montero, candidato a\u00fan a presidente municipal de Juchit\u00e1n por el Partido Revolucionario Institucional.<\/p>\n\n\n\n<p class=\"wp-block-paragraph\">Mar\u00eda del Sol \u201chac\u00eda funciones que no le correspond\u00edan\u201d y \u201cpor su condici\u00f3n de g\u00e9nero y de subordinaci\u00f3n fue obligada, lo que a final de cuentas le cost\u00f3 la vida, por lo que hizo un llamado a las autoridades a dar resultados en las investigaciones que tienen la agravante de que un servidor p\u00fablico estuvo involucrado.<\/p>\n\n\n\n<p class=\"wp-block-paragraph\">Insisti\u00f3 en el corto desempe\u00f1o de las autoridades de todos los niveles para enfrentar la violencia pol\u00edtica contra las mujeres, independientemente de que sea a los hombres a quienes m\u00e1s se les ha asesinado en este proceso, porque a ellas se les mata por su condici\u00f3n de g\u00e9nero en particular y para mandar un mensaje de intimidaci\u00f3n y genera un nivel de nerviosismo entre las mujeres que de por s\u00ed participan en condiciones m\u00e1s complicadas que las de los hombres.<\/p>\n\n\n\n<p class=\"wp-block-paragraph\">En ese sentido \u201cnos parec\u00eda importante que el Senado de la Rep\u00fablica se pronunciara de manera contundente a partir de lo sucedido en el caso de Oaxaca, que hiciera un llamado a autoridades estatales y federales que garanticen la seguridad de candidatas y sus equipos, pero tambi\u00e9n de quienes acuden a votar el pr\u00f3ximo 1 de julio\u201d.<\/p>\n\n\n\n<p class=\"wp-block-paragraph\">Adem\u00e1s, consider\u00f3 necesario que desde ahora se identifiquen las formas de violencia contra mujeres candidatas, muchas de las cuales llegan condicionadas para que una vez electas las hagan a un lado, les impidan ocupar sus cargos, les limiten sus funciones o la administraci\u00f3n de recursos p\u00fablicos.<\/p>\n\n\n\n<p class=\"wp-block-paragraph\">El 20 de junio pasado la Comisi\u00f3n Permanente del Congreso de la Uni\u00f3n resolvi\u00f3 que en sesiones celebradas el 16 de mayo y 13 de junio pasados, las preocupaciones de las y los proponentes han quedado atendidas con base en la en\u00e9rgica y reiterada condena expresada con relaci\u00f3n a los hechos de violencia pol\u00edtica ocurridos en contra de las y los ciudadanos postulados a cargos de elecci\u00f3n popular, y por haberse exhortado nuevamente a todas las autoridades a participar con acciones efectivas para prevenir, proteger, investigar y sancionar tan lamentables acontecimientos.<\/p>\n\n\n\n<p class=\"wp-block-paragraph\">De manera espec\u00edfica la senador Martha Tagle propuso el pasado 6 de Junio en la C\u00e1mara de Senadores dos puntos de acuerdo que inclu\u00eda exhortar a la Secretar\u00eda de la Contralor\u00eda y Transparencia del estado de Oaxaca para que, en el marco de sus atribuciones, realice las investigaciones conducentes y en su caso finquen responsabilidades a Francisco Javier Montero L\u00f3pez en torno al uso de recursos p\u00fablicos en campa\u00f1as y que culmin\u00f3 con la muerte de Mar\u00eda del Sol Cruz Jarqu\u00edn.<br><\/p>\n","protected":false},"excerpt":{"rendered":"<p>Nadia Altamirano SemM\u00e9xico. Oaxaca. 25 de junio de 2018.- Las 18 mujeres que por su relaci\u00f3n en la pol\u00edtica han sido asesinadas en lo que va del proceso electoral le hacen a la senadora Martha Tagle se\u00f1alar los esfuerzos insuficientes de las autoridades ante el fen\u00f3meno de la violencia pol\u00edtica contra las mujeres. Si bien [&hellip;]<\/p>\n","protected":false},"author":3,"featured_media":5214,"comment_status":"open","ping_status":"open","sticky":false,"template":"","format":"standard","meta":{"_monsterinsights_skip_tracking":false,"footnotes":""},"categories":[689,50,75],"tags":[],"class_list":["post-5213","post","type-post","status-publish","format-standard","has-post-thumbnail","category-689","category-congreso","category-soledad-jarquin-edgar"],"_links":{"self":[{"href":"https:\/\/redsemlac.com\/semmexico\/wp-json\/wp\/v2\/posts\/5213","targetHints":{"allow":["GET"]}}],"collection":[{"href":"https:\/\/redsemlac.com\/semmexico\/wp-json\/wp\/v2\/posts"}],"about":[{"href":"https:\/\/redsemlac.com\/semmexico\/wp-json\/wp\/v2\/types\/post"}],"author":[{"embeddable":true,"href":"https:\/\/redsemlac.com\/semmexico\/wp-json\/wp\/v2\/users\/3"}],"replies":[{"embeddable":true,"href":"https:\/\/redsemlac.com\/semmexico\/wp-json\/wp\/v2\/comments?post=5213"}],"version-history":[{"count":0,"href":"https:\/\/redsemlac.com\/semmexico\/wp-json\/wp\/v2\/posts\/5213\/revisions"}],"wp:featuredmedia":[{"embeddable":true,"href":"https:\/\/redsemlac.com\/semmexico\/wp-json\/wp\/v2\/media\/5214"}],"wp:attachment":[{"href":"https:\/\/redsemlac.com\/semmexico\/wp-json\/wp\/v2\/media?parent=5213"}],"wp:term":[{"taxonomy":"category","embeddable":true,"href":"https:\/\/redsemlac.com\/semmexico\/wp-json\/wp\/v2\/categories?post=5213"},{"taxonomy":"post_tag","embeddable":true,"href":"https:\/\/redsemlac.com\/semmexico\/wp-json\/wp\/v2\/tags?post=5213"}],"curies":[{"name":"wp","href":"https:\/\/api.w.org\/{rel}","templated":true}]}}