{"id":52093,"date":"2022-06-23T09:30:00","date_gmt":"2022-06-23T15:30:00","guid":{"rendered":"https:\/\/redsemlac.com\/semmexico\/?p=52093"},"modified":"2023-07-21T19:07:31","modified_gmt":"2023-07-22T00:07:31","slug":"serie-mujeres-constructoras-de-resiliencia-y-democracia-coral-avila-casco","status":"publish","type":"post","link":"https:\/\/redsemlac.com\/semmexico\/serie-mujeres-constructoras-de-resiliencia-y-democracia-coral-avila-casco\/","title":{"rendered":"Serie| Mujeres constructoras de resiliencia y democracia: Coral \u00c1vila Casco"},"content":{"rendered":"\n<figure class=\"wp-block-image size-large\"><a href=\"https:\/\/redsemlac.com\/semmexico\/mujeres-constructoras\/\"><img decoding=\"async\" src=\"https:\/\/redsemlac.com\/semmexico\/wp-content\/uploads\/2022\/06\/DESTACADO-INTERIOR-1-1-1024x256.png\" alt=\"\" class=\"wp-image-52094\"\/><\/a><\/figure>\n\n\n\n<p class=\"has-text-align-center wp-block-paragraph\" style=\"font-size:41px\"><strong>Acciones contra la violencia de g\u00e9nero<\/strong><\/p>\n\n\n\n<p class=\"wp-block-paragraph\"><strong>Yaneth Tamayo Avalos<\/strong><\/p>\n\n\n\n<p class=\"wp-block-paragraph\">SemM\u00e9xico. Ciudad de M\u00e9xico. 23 de junio 2022.- Coral \u00c1vila Casco, se describe como una mujer a la que le gusta el poder. Se ve resiliente sin miedo al protagonismo que usa para construir y defender sus convicciones. No le teme a la adversidad, ya que se ha forjado con las fatalidades que atraviesan a la mayor\u00eda de las mujeres.<\/p>\n\n\n\n<p class=\"wp-block-paragraph\">Naci\u00f3 en Puebla, Puebla, el 2 de octubre. Es la tercera de 4 hijos, dos hombres y dos mujeres, que procrearon su madre Guadalupe y su padre \u00d3scar. Ambos, aunque solo estudiaron educaci\u00f3n b\u00e1sica, le inculcaron el gusto por el arte, la cultura y los libros.<\/p>\n\n\n\n<p class=\"wp-block-paragraph\">Narra que ellos le ense\u00f1aron a actuar por convicci\u00f3n y no por obligaci\u00f3n, de ellos aprendi\u00f3 a ser persistente y disciplinada. Con cuenta que su padre siempre le hablaba de rebeld\u00eda, responsabilidad, valor civil y ejercicio de la ciudadan\u00eda.<\/p>\n\n\n\n<p class=\"wp-block-paragraph\">Por la fecha de su nacimiento&nbsp; &#8211; 2 de octubre cuando el Movimiento Popular Estudiantil fue reprimido en Tlatelolco en 1968- su pare &nbsp;le dijo &nbsp;que no olvidara que&nbsp; pertenec\u00eda a una generaci\u00f3n en donde los estudiantes&nbsp; hab\u00edan legado la posibilidad de alzar la voz para defender el derecho a la libertad; por eso deb\u00eda comprometerse a tomar la palabra, participar y asumir su capacidad de intervenir en la cosa p\u00fablica, con &nbsp;la posibilidad de hablar y debatir&nbsp; p\u00fablicamente y as\u00ed contribuir al sue\u00f1o de esos estudiantes que imaginaron un mundo diferente y emancipado.<\/p>\n\n\n\n<p class=\"wp-block-paragraph\">Desde ni\u00f1a fue distinta, le gustaba leer, escribir y conversar con personas mayores, relata que ten\u00eda un inter\u00e9s especial por la poes\u00eda, le\u00eda a Benedetti y a Whitman. De este g\u00e9nero literario surgi\u00f3 su pasi\u00f3n por el derecho y la defensa de las mujeres; entre los libros de su madre hab\u00eda le\u00eddo una frase de Parina Dal. *<\/p>\n\n\n\n<pre class=\"wp-block-verse\"><strong><em>\u201cLa revoluci\u00f3n m\u00e1s grande que puede conocer un pa\u00eds es la que modifica la condici\u00f3n y manera de vivir de sus mujeres\u201d.<\/em><\/strong><\/pre>\n\n\n\n<p class=\"wp-block-paragraph\">El recordatorio de su padre y esta frase, marcaron el rumbo de una ni\u00f1a de 8 a\u00f1os que a\u00fan no dimensionaba lo que escuchaba y le\u00eda, pero que en la adultez se convertir\u00eda en un estandarte para ella.<\/p>\n\n\n\n<p class=\"wp-block-paragraph\">En lo profesional, Coral \u00c1vila Casco es una mujer dedicada, escribe una columna en el diario La Jornada Oriente-, es polit\u00f3loga de profesi\u00f3n, activista y defensora de derechos humanos. <\/p>\n\n\n\n<p class=\"wp-block-paragraph\">Ella sabe que el espacio p\u00fablico le pertenece a la ciudadan\u00eda, por ello desde lo profesional asume, propone y genera cambios. <\/p>\n\n\n\n<h2 class=\"wp-block-heading\"><strong>Su acercamiento a la pol\u00edtica<\/strong><\/h2>\n\n\n\n<p class=\"wp-block-paragraph\">Declara sin rubor que siempre le ha gustado el poder, ya que este permite transformar, cambiar, intervenir, desplegar la opini\u00f3n informada y plural. Tambi\u00e9n el debate.<\/p>\n\n\n\n<p class=\"wp-block-paragraph\">Desde ni\u00f1a empez\u00f3 a mostrar rasgos de liderazgo. En la escuela adquiri\u00f3 herramientas para encabezar grupos. Este, afirma es \u201cel poder bien entendido y compartido\u201d. Encabez\u00f3 acciones en beneficio de la comunidad escolar; dirigiendo &nbsp;aprendi\u00f3 a &nbsp;ser organizada, creativa y responsable. Sus posiciones fueron una actitud cr\u00edtica &nbsp;ante las injusticias. As\u00ed pudo enfrentar a la autoridad, a maestros o maestras injustas.<\/p>\n\n\n\n<p class=\"wp-block-paragraph\">A los 17 a\u00f1os, desarroll\u00f3 su habilidad en la argumentaci\u00f3n. Se le abri\u00f3 la puerta a la pol\u00edtica. Su padre la acerc\u00f3 a una campa\u00f1a electoral, y ah\u00ed, recuerda, le toco hacer y decir el discurso de presentaci\u00f3n a un candidato a la gubernatura de Puebla.<\/p>\n\n\n\n<p class=\"wp-block-paragraph\">&nbsp;Cuenta que estando en el templete y rodeada de una multitud, donde nadie volteaba a verla, para ser escuchada habl\u00f3 con firmeza y elocuencia. \u201cTen\u00eda que persuadir a la audiencia\u201d, no sab\u00eda que se convertir\u00eda en una oradora.<\/p>\n\n\n\n<figure class=\"wp-block-gallery has-nested-images columns-default is-cropped wp-block-gallery-1 is-layout-flex wp-block-gallery-is-layout-flex\">\n<figure class=\"wp-block-image size-large\"><a href=\"https:\/\/redsemlac.com\/semmexico\/wp-content\/uploads\/2022\/06\/coral-1.jpg\"><img loading=\"lazy\" decoding=\"async\" width=\"720\" height=\"960\" data-id=\"52096\" src=\"https:\/\/redsemlac.com\/semmexico\/wp-content\/uploads\/2022\/06\/coral-1.jpg\" alt=\"\" class=\"wp-image-52096\"\/><\/a><\/figure>\n\n\n\n<figure class=\"wp-block-image size-large\"><a href=\"https:\/\/redsemlac.com\/semmexico\/wp-content\/uploads\/2022\/06\/coral-2.jpg\"><img loading=\"lazy\" decoding=\"async\" width=\"307\" height=\"532\" data-id=\"52095\" src=\"https:\/\/redsemlac.com\/semmexico\/wp-content\/uploads\/2022\/06\/coral-2.jpg\" alt=\"\" class=\"wp-image-52095\"\/><\/a><\/figure>\n<\/figure>\n\n\n\n<p class=\"wp-block-paragraph\">El candidato qued\u00f3 sorprendido por sus habilidades, su recompensa fue integrarla a la campa\u00f1a pol\u00edtica como secretaria particular del coordinador. Su funci\u00f3n era construir los discursos del candidato y vigilar que los operadores pol\u00edticos hicieran su trabajo; su juventud, su claridad y liderazgo, pronto le traer\u00edan oportunidades.<\/p>\n\n\n\n<p class=\"wp-block-paragraph\">Al comienzo como estudiante becada de ciencias pol\u00edticas, desarroll\u00f3 y perfeccion\u00f3 su habilidad como oradora y escritora; sin embargo, las circunstancias econ\u00f3micas le negar\u00edan la oportunidad de estudiar en una de las escuelas m\u00e1s prestigiosas de Puebla; ni su inteligencia y m\u00e9rito ser\u00edan suficientes para la elite. Pero no todo estar\u00eda perdido, Tlaxcala fue su opci\u00f3n.<\/p>\n\n\n\n<p class=\"wp-block-paragraph\">En esa entidad, que fue gobernada por una mujer, retom\u00f3 sus estudios y empez\u00f3 a trabajar en la coordinaci\u00f3n de asesores del gobernador Alonso A. S\u00e1nchez Anaya. Labor que desempe\u00f1\u00f3 durante cinco a\u00f1os, ah\u00ed aprendi\u00f3 a trabajar sin filias y sin fobias.<\/p>\n\n\n\n<p class=\"wp-block-paragraph\">Menciona que, por mucho tiempo, fue la \u00fanica mujer en trabajar en ese espacio considerado \u00fanicamente para hombres; sin embargo, no imaginaba qu\u00e9, al terminar el mandato del gobernador, sus m\u00e9ritos no ser\u00edan suficientes.<\/p>\n\n\n\n<h2 class=\"wp-block-heading\"><strong>Violencia por raz\u00f3n de g\u00e9nero<\/strong><\/h2>\n\n\n\n<p class=\"wp-block-paragraph\">Siempre se imagin\u00f3 desarrollando una carrera como funcionaria p\u00fablica, su vida parec\u00eda plena, estaba esperando el nacimiento de su hija; sin embargo, asumirse como madre soltera le ocasion\u00f3 dificultades. De forma invasiva, la sociedad empezar\u00eda a cuestionarla.<\/p>\n\n\n\n<pre class=\"wp-block-verse\"><strong><em>\u201cCuando se dieron cuenta que estaba embarazada, empec\u00e9 a vivir un contexto en donde a las mujeres embarazadas se nos coloca en un papel de v\u00edctimas, empezaban a preguntar, quien era el pap\u00e1 de mi beb\u00e9, qu\u00e9 si me iba a casar, gente que no ten\u00eda ning\u00fan trato conmigo me hostigaba, fue una situaci\u00f3n dif\u00edcil\u201d<\/em><\/strong><\/pre>\n\n\n\n<p class=\"wp-block-paragraph\">De forma repentina se qued\u00f3 sin trabajo. Ese fue el comienzo de un calvario burocr\u00e1tico. Vivi\u00f3 la discriminaci\u00f3n y la violencia institucional; sus derechos laborales fueron pisoteados, hubo quien la culpabiliz\u00f3 por estar embarazada, por ejemplo: &nbsp;el encargado de pagar los finiquitos se atrevi\u00f3 a decirle \u2013si ese hijo fuera m\u00edo tendr\u00eda apellido-.<\/p>\n\n\n\n<pre class=\"wp-block-verse\"><strong><em>\u201cHay un contexto en donde te quieren hacer bajar la cabeza, piensan que le hemos fallado a la sociedad, a la vida, porque no respondemos a los estereotipos que te imponen\u201d<\/em><\/strong><\/pre>\n\n\n\n<p class=\"wp-block-paragraph\">En su mirada todav\u00eda se aprecia el dolor que le caus\u00f3 el funcionario p\u00fablico que estaba a cargo de su despido, quien fue insensible y cruel ante su condici\u00f3n.<\/p>\n\n\n\n<pre class=\"wp-block-verse\"><strong><em>\u201cSe me vino el tiempo de tener mi beb\u00e9, no contaba con dinero para internarme, casi se me pasa el parto; cuando naci\u00f3 mi hija me pidieron que me presentar\u00e1 por mi finiquito, al acudir varias veces me dec\u00edan que no estaba, me daban puras largas.\n\nYo s\u00e9 lo que es tener hambre, no contaba con suficiente dinero, solo para mi pasaje y la leche de mi beb\u00e9, pero no para comer, me ten\u00edan horas esperando, fue una forma de quebrarme para aceptar menos de lo que me correspond\u00eda. Recuerdo que llegaba cansada, con los pechos llenos de leche, sent\u00eda mucho dolor y hambre, no me quer\u00edan pagar.\n \nEn ese momento me sent\u00ed tan vulnerable, pensaba en c\u00f3mo era posible que teniendo una preparaci\u00f3n acad\u00e9mica y conociendo mis derechos me hicieran eso; pens\u00e9 en las mujeres que estaban pasando por lo mismo, pero en situaciones a\u00fan m\u00e1s desfavorables que la m\u00eda, -si a m\u00ed me pasaba y como les ir\u00eda a las dem\u00e1s-.\u201d <\/em><\/strong>\n<\/pre>\n\n\n\n<p class=\"wp-block-paragraph\">Ser violentada institucionalmente y estigmatizada por estar embarazada y no tener un hombre a lado, fue una situaci\u00f3n humillante y dolorosa para Coral \u00c1vila Casco. Ante esa violencia tuvo que aceptar una liquidaci\u00f3n menor a la que le correspond\u00eda, pues la desesperaci\u00f3n, la incertidumbre de alimentar a una reci\u00e9n nacida y la necesidad de poder comer, fueron m\u00e1s fuertes que luchar por sus derechos. ***<\/p>\n\n\n\n<p class=\"wp-block-paragraph\">Para Coral, esa situaci\u00f3n marco el inicio de su lucha por los derechos humanos de las mujeres, &nbsp;tuvo as\u00ed la firme convicci\u00f3n de no volver a ser violentada y desear un mejor futuro para su hija y las de m\u00e1s mujeres. Inici\u00f3 su trayecto en el activismo.<\/p>\n\n\n\n<figure class=\"wp-block-image size-full\"><a href=\"https:\/\/redsemlac.com\/semmexico\/wp-content\/uploads\/2022\/06\/coral-3.jpg\"><img loading=\"lazy\" decoding=\"async\" width=\"718\" height=\"718\" src=\"https:\/\/redsemlac.com\/semmexico\/wp-content\/uploads\/2022\/06\/coral-3.jpg\" alt=\"\" class=\"wp-image-52097\"\/><\/a><\/figure>\n\n\n\n<h2 class=\"wp-block-heading\"><strong>La defensa de los derechos de las mujeres<\/strong><\/h2>\n\n\n\n<p class=\"wp-block-paragraph\">Sabiendo bien de oratoria y el uso de la palabra para generar canales de acci\u00f3n, decidi\u00f3 empezar a escribir desde hace 14 a\u00f1os, en el peri\u00f3dico La Jornada de Oriente, poniendo como centro de sus reflexiones el debate, los derechos de las mujeres, la participaci\u00f3n ciudadana y la democracia.<\/p>\n\n\n\n<p class=\"wp-block-paragraph\">Despu\u00e9s de un a\u00f1o sin laborar y todav\u00eda con la angustia de sacar adelante a su hija, sus amigos y compa\u00f1eros la invitaron a trabajar como formadora pol\u00edtica, los temas de g\u00e9nero serian su prioridad; sin embargo, el hecho de ser mujer y profesionista le jugar\u00edan en contra; en un espacio de hombres las mujeres no pod\u00edan estar a la par, precarizaron y le negaron la autor\u00eda de su trabajo.<\/p>\n\n\n\n<p class=\"wp-block-paragraph\">Esta situaci\u00f3n ya no fue un obst\u00e1culo, en el 2010 decide formar \u201cMujeres en consenso, por nosotras y con ellos\u201d asociaci\u00f3n encargada que trabaja por los derechos de las mujeres, la participaci\u00f3n ciudadana y la democracia en Tlaxcala; su objetivo, apropiarse del espacio p\u00fablico -el Congreso- y construir una agenda de g\u00e9nero.<\/p>\n\n\n\n<p class=\"wp-block-paragraph\">Su trabajo est\u00e1 enfocado en proporcionar datos sobre violencia, foros, capacitaciones e investigaciones, que aporten beneficios a la sociedad; adem\u00e1s la posibilidad de &nbsp;impulsar cambios legislativos, como fue la propuesta para crear el Instituto Tlaxcalteca de las Mujeres. Tambi\u00e9n promovi\u00f3 acciones afirmativas en materia electoral y la homologaci\u00f3n de las normas para el delito de feminicidio.<\/p>\n\n\n\n<pre class=\"wp-block-verse\"><strong><em>\u201cA veces este trabajo ciudadano no se mira, porque al final quienes toman las decisiones son los legisladores, la mayor\u00eda de las mujeres y hombres que llegan a estos puestos se les olvida el compromiso que tienen con la sociedad.\n \nEn temas de g\u00e9nero y derechos humanos deber\u00edan ser expertos o por lo menos contratar a personal especialista que sepan sobre sus responsabilidades y los apoyen en el trabajo, nosotras como activistas estamos precarizadas y hacemos lo que les corresponde, cuando ellos son quienes tienen el presupuesto para hacer esas actividades.\u201d\n<\/em><\/strong><\/pre>\n\n\n\n<p class=\"wp-block-paragraph\">Coral \u00c1vila Casco, clara y firme habla de las injusticias ejercidas por las instituciones. Rechaza la &nbsp;sistem\u00e1tica conducta de las autoridades y legisladores que vulneran los derechos humanos de las mujeres. Y es qu\u00e9, narra, sobre esas y esos pol\u00edticos que antes de asumir sus cargos tratan de ganarse la simpat\u00eda de la ciudadan\u00eda vendiendo espejismos donde las mujeres se convierten s\u00f3lo en promesas de campa\u00f1a, con propuestas asistencialistas.<\/p>\n\n\n\n<p class=\"wp-block-paragraph\">Las circunstancias por las que ha pasado y los aprendizajes que le ha dejado su activismo, la han convertido en una mujer que ha reivindicado su derecho a equivocarse y a cambiar de opini\u00f3n, as\u00ed como a reconocer sus limitaciones y a no aspirar a ser perfecta.<\/p>\n\n\n\n<p class=\"wp-block-paragraph\">Sabe que el respeto a las diferencias y la empat\u00eda, en especial con otras mujeres, pueden contribuir en la lucha contra las injusticias y a la transformaci\u00f3n del mundo por mejores circunstancias, por ello comparte este mensaje.<\/p>\n\n\n\n<pre class=\"wp-block-verse\"><strong><em>Deseo que sepan que no est\u00e1n solas, a veces sentimos que todo el mundo se nos viene abajo y que estamos solas, pero no es cierto, nos tenemos a nosotras mismas, debemos atrevernos a mirarnos con ternura y a perdonarnos, a sacar del vocabulario la palabra culpa y abnegaci\u00f3n, eliminar de la mente la idea de que merecemos lo que nos pasa porque fallamos, tenemos que reivindicar nuestro derecho a equivocarnos. \n\nTodas hemos pasado por algo y no podemos decir que alguien ha sufrido m\u00e1s que nosotras, ning\u00fan sentimiento es menos que otro.  Les pido que se miren al espejo y busquen el momento en que m\u00e1s felices se sintieron, sientan, entiendan y asuman lo valientes y fuertes que han sido, porque han soportado tanto sufrimiento y siguen aqu\u00ed.\n\nEsto es de pasito a pasito, solo es necesario volverlo a intentar, levanten la cabeza y recuerden que nada de lo que hayan hecho las hace menos dignas.<\/em><\/strong>\n<\/pre>\n\n\n\n<p class=\"has-small-font-size wp-block-paragraph\">* Parina Dal, directora del Programa de Acci\u00f3n Femenina en el Ministerio de Desarrollo Comunitario de la India en 1959.<\/p>\n\n\n\n<p class=\"has-small-font-size wp-block-paragraph\">*** El art\u00edculo 18 de la&nbsp;<em>Ley General de Acceso de las Mujeres a una vida Libre de Violencia<\/em>, <strong>la violencia institucional,<\/strong> <strong>son los actos u omisiones de las y los servidores p\u00fablicos de cualquier orden de gobierno que discriminen o tengan como fin dilatar, obstaculizar o impedir el goce y ejercicio de los derechos humanos de las mujeres.<\/strong><\/p>\n\n\n\n<p class=\"wp-block-paragraph\"><strong>\u201cEsta historia fue apoyada por la International Women\u2019s Media Foundation y el programa VAW-PM del NDI\u201d.<\/strong><\/p>\n","protected":false},"excerpt":{"rendered":"<p>Acciones contra la violencia de g\u00e9nero<\/p>\n","protected":false},"author":3,"featured_media":52098,"comment_status":"open","ping_status":"open","sticky":false,"template":"","format":"standard","meta":{"_monsterinsights_skip_tracking":false,"footnotes":""},"categories":[693,649],"tags":[149],"class_list":["post-52093","post","type-post","status-publish","format-standard","has-post-thumbnail","category-693","category-mujeres-constructoras-de-resiliencia-y-democracia","tag-mujeres"],"_links":{"self":[{"href":"https:\/\/redsemlac.com\/semmexico\/wp-json\/wp\/v2\/posts\/52093","targetHints":{"allow":["GET"]}}],"collection":[{"href":"https:\/\/redsemlac.com\/semmexico\/wp-json\/wp\/v2\/posts"}],"about":[{"href":"https:\/\/redsemlac.com\/semmexico\/wp-json\/wp\/v2\/types\/post"}],"author":[{"embeddable":true,"href":"https:\/\/redsemlac.com\/semmexico\/wp-json\/wp\/v2\/users\/3"}],"replies":[{"embeddable":true,"href":"https:\/\/redsemlac.com\/semmexico\/wp-json\/wp\/v2\/comments?post=52093"}],"version-history":[{"count":0,"href":"https:\/\/redsemlac.com\/semmexico\/wp-json\/wp\/v2\/posts\/52093\/revisions"}],"wp:featuredmedia":[{"embeddable":true,"href":"https:\/\/redsemlac.com\/semmexico\/wp-json\/wp\/v2\/media\/52098"}],"wp:attachment":[{"href":"https:\/\/redsemlac.com\/semmexico\/wp-json\/wp\/v2\/media?parent=52093"}],"wp:term":[{"taxonomy":"category","embeddable":true,"href":"https:\/\/redsemlac.com\/semmexico\/wp-json\/wp\/v2\/categories?post=52093"},{"taxonomy":"post_tag","embeddable":true,"href":"https:\/\/redsemlac.com\/semmexico\/wp-json\/wp\/v2\/tags?post=52093"}],"curies":[{"name":"wp","href":"https:\/\/api.w.org\/{rel}","templated":true}]}}